{"id":433330,"date":"2025-09-22T11:14:14","date_gmt":"2025-09-22T14:14:14","guid":{"rendered":"https:\/\/notinor.com\/jujuy\/?p=433330"},"modified":"2025-09-22T11:14:16","modified_gmt":"2025-09-22T14:14:16","slug":"javier-milei-reprogramo-su-agenda-de-reuniones-en-estados-unidos-y-tiene-previsto-viajar-hoy","status":"publish","type":"post","link":"https:\/\/notinor.com\/jujuy\/javier-milei-reprogramo-su-agenda-de-reuniones-en-estados-unidos-y-tiene-previsto-viajar-hoy\/","title":{"rendered":"Javier Milei reprogram\u00f3 su agenda de reuniones en Estados Unidos y tiene previsto viajar hoy"},"content":{"rendered":"\n<p class=\"has-medium-font-size\"><strong><em>El Presidente iba a despegar el domingo por la noche rumbo a Nueva York, pero finalmente saldr\u00e1 este lunes por la tarde, seg\u00fan confirmaron a Infobae fuentes oficiales. Por la ma\u00f1ana, se convoc\u00f3 a una reuni\u00f3n de Gabinete y de la mesa pol\u00edtica nacional. El mi\u00e9rcoles deber\u00e1 exponer ante la ON<\/em><\/strong>U.<\/p>\n\n\n\n<p class=\"has-text-align-center\"><img decoding=\"async\" loading=\"lazy\" height=\"576\" width=\"1024\" src=\"https:\/\/www.infobae.com\/resizer\/v2\/H5SWO3NINBALZOWWQO3UQXJNGE.jpg?auth=531a76a7e6218d3d0ea86e1733bc44555ac6435bae4c9e3f8893c3c7aa81012b&amp;smart=true&amp;width=350&amp;height=197&amp;quality=85\" alt=\"El mandatario argentino se ver\u00e1\">El mandatario argentino se ver\u00e1 con su par estadounidense <\/p>\n\n\n\n<p>El presidente&nbsp;<strong>Javier Milei&nbsp;<\/strong>dispuso reprogramar su viaje a los Estados Unidos, en donde tiene previsto exponer ante la Organizaci\u00f3n de las Naciones Unidas (ONU), y finalmente saldr\u00e1 con rumbo a Nueva York este lunes por la tarde. El jefe de Estado debi\u00f3 reordenar de esta forma el encuentro pactado con la titular del Fondo Monetario Internacional (FMI),&nbsp;<strong>Kristalina Georgieva<\/strong>.<\/p>\n\n\n\n<p>As\u00ed lo confirmaron a&nbsp;<strong>Infobae<\/strong>&nbsp;fuentes oficiales al tanto de las modificaciones en el itinerario del mandatario nacional, que originalmente ten\u00eda previsto partir a las 23:00 del domingo, pero debi\u00f3 postergarlo por un \u201creacomodamiento de agenda\u201d.<\/p>\n\n\n\n<p>Para este lunes, seg\u00fan pudo saber este medio,<strong>&nbsp;se convoc\u00f3 a una reuni\u00f3n de Gabinete en la Casa Rosada y tambi\u00e9n de la mesa pol\u00edtica que se cre\u00f3 para coordinar la estrategia partidaria de cara a octubre<\/strong>.<\/p>\n\n\n\n<p>De esos encuentros proselitistas participar\u00e1n la secretaria general,&nbsp;<strong>Karina Mile<\/strong>i; la ministra de Seguridad,&nbsp;<strong>Patricia Bullrich<\/strong>; el jefe de Gabinete,&nbsp;<strong>Guillermo Francos<\/strong>; el asesor,&nbsp;<strong>Santiago Caputo<\/strong>; el titular de la C\u00e1mara de Diputados,&nbsp;<strong>Mart\u00edn Menem<\/strong>, y el vocero,&nbsp;<strong>Manuel Adorni<\/strong>.<\/p>\n\n\n\n<p>De acuerdo con lo que pudo saber este medio, el vuelo del l\u00edder libertario despegar\u00eda a las 19:00 del lunes, por lo que<strong>&nbsp;reci\u00e9n llegar\u00eda a Manhattan el martes por la ma\u00f1ana.<\/strong><\/p>\n\n\n\n<p>Por este motivo, Milei estaba reorganizando la ronda de reuniones que ten\u00eda previstas para ma\u00f1ana, que en su mayor\u00eda era con algunos economistas, pero tambi\u00e9n con Georgieva.<\/p>\n\n\n\n<p class=\"has-text-align-center\"><img decoding=\"async\" loading=\"lazy\" height=\"533\" width=\"800\" src=\"https:\/\/www.infobae.com\/resizer\/v2\/6YXZJLEY5ZBFBHXJLP7Q37ENXI.JPG?auth=2a826997ff18957f7483af5ec0b382b26ea9398bbd46d124cc1c20bbfc1d92e9&amp;smart=true&amp;width=350&amp;height=233&amp;quality=85\" alt=\"Milei reagend\u00f3 la reuni\u00f3n con\"><\/p>\n\n\n\n<p>                                                        Milei reagend\u00f3 la reuni\u00f3n con la titular del FMI <\/p>\n\n\n\n<p>Seg\u00fan el cronograma inicial, el Presidente iba a aterrizar a las 9:30 en Nueva York (hora argentina) y a las 11:00 ya ten\u00eda su primera actividad: una conversaci\u00f3n con&nbsp;<strong>Alberto Ades<\/strong>, un doctor en Econom\u00eda que vive hace tres d\u00e9cadas all\u00ed.<\/p>\n\n\n\n<p>A las 18:00, en tanto, iba a ser el encuentro con la directora general del FMI, del que tambi\u00e9n participar\u00eda toda la comitiva argentina, integrada por el canciller,&nbsp;<strong>Gerardo Werthein<\/strong>; el Ministro de Econom\u00eda,&nbsp;<strong>Luis \u201cToto\u201d Caputo<\/strong>; la secretaria general,&nbsp;<strong>Karina Milei<\/strong>; y el secretario de Comunicaci\u00f3n y Medios,&nbsp;<strong>Manuel Adorni<\/strong>.<\/p>\n\n\n\n<p>Una hora despu\u00e9s, el mandatario ten\u00eda pensado verse con el economista&nbsp;<strong>Xavier Sala i Martin<\/strong>, de origen espa\u00f1ol y profesor en la Universidad de Columbia.<\/p>\n\n\n\n<p>Para el martes, en tanto, el jefe de Estado ocupar\u00eda la ma\u00f1ana viendo la intervenci\u00f3n de Trump en el debate de la 80\u00ba Asamblea General de las Naciones Unidas y a las 12:45 tiene programada una bilateral con \u00e9l.<\/p>\n\n\n\n<p>A las 20:00, participar\u00eda de la habitual recepci\u00f3n ofrecida por el mandatario norteamericano a todos los invitados al encuentro de la ONU, por lo que volver\u00edan a cruzarse.<\/p>\n\n\n\n<p>El mi\u00e9rcoles, la jornada de Milei iniciar\u00eda a las 12:45, con su intervenci\u00f3n en la Asamblea General, donde hablar\u00e1 una vez m\u00e1s ante los principales l\u00edderes mundiales.<\/p>\n\n\n\n<p class=\"has-text-align-center\"><img decoding=\"async\" loading=\"lazy\" height=\"1280\" width=\"1920\" src=\"https:\/\/www.infobae.com\/resizer\/v2\/RI3BJ3M3JVGZFAUM6XLFDYX244.jpg?auth=c8a39fb09907fae3da94e12b6e1b7c24eed4ad068a37e9e11b4886ca648f5158&amp;smart=true&amp;width=350&amp;height=233&amp;quality=85\" alt=\"El Presidente volver\u00e1 a hablar\">El Presidente volver\u00e1 a hablar ante la ONU<\/p>\n\n\n\n<p>A las 19:55, asistir\u00eda a la ceremonia de entrega del premio Ciudadano Global 2025 del<em>&nbsp;Atlantic Council,<\/em>&nbsp;donde recibir\u00e1 el reconocimiento de la mano del Secretario del Tesoro de Estados Unidos,<strong>&nbsp;Scott Bessent<\/strong>.<\/p>\n\n\n\n<p>El jueves, \u00faltimo d\u00eda de Milei en Nueva York, seg\u00fan el primer itinerario, estaba previsto un encuentro con el Primer Ministro israel\u00ed,&nbsp;<strong>Benjam\u00edn Netanyahu<\/strong>, para luego participar de la ceremonia de entrega del Premio de la organizaci\u00f3n B\u2019nai B\u2019rith.<\/p>\n\n\n\n<p>A las 19:15 ten\u00eda agendada una reuni\u00f3n con el titular del Congreso Mundial Jud\u00edo,&nbsp;<strong>Donald S. Lauder<\/strong>, y el director del Consejo Jud\u00edo Latinoamericano,&nbsp;<strong>Claudio Epelman<\/strong>.<\/p>\n\n\n\n<p>Finalmente, a las 22:00 de ese d\u00eda el Presidente tomar\u00eda el vuelo especial que lo llevar\u00eda de regreso a Buenos Aires, en donde aterrizar\u00eda alrededor de las 8:30.<\/p>\n\n\n\n<p>Equipos t\u00e9cnicos baj\u00f3 las \u00f3rdenes del ministro de Econom\u00eda, Luis Caputo, y el secretario del Tesoro, Scott Bessent, negociaron durante las \u00faltimas 10 horas para cerrar un acuerdo bilateral que permita contar al gobierno con un amplio pr\u00e9stamo destinados a pagar vencimientos de la deuda y fortalecer las reservas del Banco Central, como adelant\u00f3 en exclusiva ayer<strong>&nbsp;Infobae<\/strong>.<\/p>\n\n\n\n<p>La intenci\u00f3n del Gobierno&nbsp;<strong>era anunciar este acuerdo antes de la llegada de Milei a New York&nbsp;<\/strong>para cumplir&nbsp;<strong>una exhaustiva agenda<\/strong>&nbsp;que incluye bilaterales con<strong>&nbsp;Donald Trump<\/strong>&nbsp;y&nbsp;<strong>Benjam\u00edn Netanyahu,<\/strong>&nbsp;y su participaci\u00f3n en la&nbsp;<strong>Asamblea de la ONU.<\/strong><\/p>\n","protected":false},"excerpt":{"rendered":"<p>El Presidente iba a despegar el domingo por la noche rumbo a Nueva York, pero finalmente saldr\u00e1 este lunes por la tarde, seg\u00fan confirmaron a Infobae fuentes oficiales. Por la ma\u00f1ana, se convoc\u00f3 a una reuni\u00f3n de Gabinete y de la mesa pol\u00edtica nacional. El mi\u00e9rcoles deber\u00e1 exponer ante la ONU. El mandatario argentino se [&hellip;]<\/p>\n","protected":false},"author":5,"featured_media":433331,"comment_status":"open","ping_status":"open","sticky":false,"template":"","format":"standard","meta":{"_stopmodifiedupdate":false,"_modified_date":"","inline_featured_image":false,"spay_email":"","jetpack_publicize_message":""},"categories":[501],"tags":[],"jetpack_featured_media_url":"https:\/\/notinor.com\/jujuy\/wp-content\/uploads\/2025\/09\/MILEI-3.jpg","jetpack_publicize_connections":[],"_links":{"self":[{"href":"https:\/\/notinor.com\/jujuy\/wp-json\/wp\/v2\/posts\/433330"}],"collection":[{"href":"https:\/\/notinor.com\/jujuy\/wp-json\/wp\/v2\/posts"}],"about":[{"href":"https:\/\/notinor.com\/jujuy\/wp-json\/wp\/v2\/types\/post"}],"author":[{"embeddable":true,"href":"https:\/\/notinor.com\/jujuy\/wp-json\/wp\/v2\/users\/5"}],"replies":[{"embeddable":true,"href":"https:\/\/notinor.com\/jujuy\/wp-json\/wp\/v2\/comments?post=433330"}],"version-history":[{"count":1,"href":"https:\/\/notinor.com\/jujuy\/wp-json\/wp\/v2\/posts\/433330\/revisions"}],"predecessor-version":[{"id":433332,"href":"https:\/\/notinor.com\/jujuy\/wp-json\/wp\/v2\/posts\/433330\/revisions\/433332"}],"wp:featuredmedia":[{"embeddable":true,"href":"https:\/\/notinor.com\/jujuy\/wp-json\/wp\/v2\/media\/433331"}],"wp:attachment":[{"href":"https:\/\/notinor.com\/jujuy\/wp-json\/wp\/v2\/media?parent=433330"}],"wp:term":[{"taxonomy":"category","embeddable":true,"href":"https:\/\/notinor.com\/jujuy\/wp-json\/wp\/v2\/categories?post=433330"},{"taxonomy":"post_tag","embeddable":true,"href":"https:\/\/notinor.com\/jujuy\/wp-json\/wp\/v2\/tags?post=433330"}],"curies":[{"name":"wp","href":"https:\/\/api.w.org\/{rel}","templated":true}]}}