{"id":433320,"date":"2025-09-21T21:44:00","date_gmt":"2025-09-22T00:44:00","guid":{"rendered":"https:\/\/notinor.com\/jujuy\/?p=433320"},"modified":"2025-09-21T09:44:00","modified_gmt":"2025-09-21T09:44:00","slug":"el-equipo-artistico-de-transito-concientiza-sobre-seguridad-vial-en-la-fne","status":"publish","type":"post","link":"https:\/\/notinor.com\/jujuy\/el-equipo-artistico-de-transito-concientiza-sobre-seguridad-vial-en-la-fne\/","title":{"rendered":"El Equipo Art\u00edstico de Tr\u00e1nsito concientiza sobre seguridad Vial en la FNE"},"content":{"rendered":"\n<p class=\"has-medium-font-size\"><strong><em>En el marco de los desfiles de carrozas que se desarrollar\u00e1n a lo largo de la 74\u00b0 Fiesta Nacional de los Estudiantes, la Direcci\u00f3n general de Tr\u00e1nsito y Transporte de la Secretar\u00eda de Servicios P\u00fablicos, despleg\u00f3 al Equipo Art\u00edstico para concientizar a los peatones sobre el respeto a las normas viales<\/em><\/strong>.<\/p>\n\n\n<div class=\"wp-block-image\">\n<figure class=\"aligncenter\"><img decoding=\"async\" src=\"https:\/\/www.sansalvadordejujuy.gob.ar\/wp-content\/uploads\/2025\/09\/operativo-transito-grupo-artistio-6-1024x680.jpg\" alt=\"\" class=\"wp-image-93567\"\/><\/figure><\/div>\n\n\n<p>Sobre el particular, el director general de Tr\u00e1nsito y Transporte, Fernando Fr\u00edas, coment\u00f3, \u201cun a\u00f1o m\u00e1s el Equipo Art\u00edstico realiza sus actividades en los desfiles en Ciudad Cultural\u201d, y agreg\u00f3, \u201cvenimos trabajando en establecimientos educativos tanto primarios como secundarios de la ciudad, al d\u00eda de hoy llevan ya 30 establecimientos donde se realizaron charlas, por lo que hemos alcanzado a m\u00e1s de 15 mil ni\u00f1os y adolescentes que fueron part\u00edcipes de estas charlas de concientizaci\u00f3n sobre educaci\u00f3n vial, y por otro lado, durante el mes de agosto estuvieron en diferentes eventos con motivo del D\u00eda del Ni\u00f1o\u201d.<\/p>\n\n\n<div class=\"wp-block-image\">\n<figure class=\"aligncenter\"><img decoding=\"async\" src=\"https:\/\/www.sansalvadordejujuy.gob.ar\/wp-content\/uploads\/2025\/09\/operativo-transito-grupo-artistio-9-1024x680.jpg\" alt=\"\" class=\"wp-image-93568\"\/><\/figure><\/div>\n\n\n<p>En referencia a la divertida forma de transmitir el mensaje, a trav\u00e9s de una inspectora que con un meg\u00e1fono arenga directivas de circulaci\u00f3n de peatones por espacios habilitados, mientras otros dos asumen el rol de sem\u00e1foro y de peat\u00f3n, Fr\u00edas asever\u00f3, \u201ces otra forma de educar a los peatones para que circulen por las \u00e1reas peatonales y crucen por las esquinas, prestan colaboraci\u00f3n a los inspectores que afectados a lo largo de la avenida Las Carrozas\u201d.<\/p>\n\n\n\n<figure class=\"wp-block-image\"><img decoding=\"async\" src=\"https:\/\/www.sansalvadordejujuy.gob.ar\/wp-content\/uploads\/2025\/09\/operativo-transito-grupo-artistio-2-1024x680.jpg\" alt=\"\" class=\"wp-image-93569\"\/><\/figure>\n\n\n\n<p>Finalmente, el funcionario inst\u00f3 \u201ca todas las personas que vengan al desfile y utilicen la avenida Las Carrozas, por donde circulan unidades del transporte p\u00fablico, les pedimos acatar las indicaciones del personal all\u00ed apostado para hacer los pasos peatonales correspondientes\u201d.<\/p>\n\n\n<div class=\"wp-block-image\">\n<figure class=\"aligncenter\"><img decoding=\"async\" src=\"https:\/\/www.sansalvadordejujuy.gob.ar\/wp-content\/uploads\/2025\/09\/operativo-transito-grupo-artistio-1-1024x680.jpg\" alt=\"\" class=\"wp-image-93570\"\/><\/figure><\/div>","protected":false},"excerpt":{"rendered":"<p>En el marco de los desfiles de carrozas que se desarrollar\u00e1n a lo largo de la 74\u00b0 Fiesta Nacional de los Estudiantes, la Direcci\u00f3n general de Tr\u00e1nsito y Transporte de la Secretar\u00eda de Servicios P\u00fablicos, despleg\u00f3 al Equipo Art\u00edstico para concientizar a los peatones sobre el respeto a las normas viales. Sobre el particular, el [&hellip;]<\/p>\n","protected":false},"author":5,"featured_media":433321,"comment_status":"open","ping_status":"open","sticky":false,"template":"","format":"standard","meta":{"_stopmodifiedupdate":false,"_modified_date":"","inline_featured_image":false,"spay_email":"","jetpack_publicize_message":""},"categories":[594],"tags":[],"jetpack_featured_media_url":"https:\/\/notinor.com\/jujuy\/wp-content\/uploads\/2025\/09\/CONCIENTIZACION.jpg","jetpack_publicize_connections":[],"_links":{"self":[{"href":"https:\/\/notinor.com\/jujuy\/wp-json\/wp\/v2\/posts\/433320"}],"collection":[{"href":"https:\/\/notinor.com\/jujuy\/wp-json\/wp\/v2\/posts"}],"about":[{"href":"https:\/\/notinor.com\/jujuy\/wp-json\/wp\/v2\/types\/post"}],"author":[{"embeddable":true,"href":"https:\/\/notinor.com\/jujuy\/wp-json\/wp\/v2\/users\/5"}],"replies":[{"embeddable":true,"href":"https:\/\/notinor.com\/jujuy\/wp-json\/wp\/v2\/comments?post=433320"}],"version-history":[{"count":1,"href":"https:\/\/notinor.com\/jujuy\/wp-json\/wp\/v2\/posts\/433320\/revisions"}],"predecessor-version":[{"id":433322,"href":"https:\/\/notinor.com\/jujuy\/wp-json\/wp\/v2\/posts\/433320\/revisions\/433322"}],"wp:featuredmedia":[{"embeddable":true,"href":"https:\/\/notinor.com\/jujuy\/wp-json\/wp\/v2\/media\/433321"}],"wp:attachment":[{"href":"https:\/\/notinor.com\/jujuy\/wp-json\/wp\/v2\/media?parent=433320"}],"wp:term":[{"taxonomy":"category","embeddable":true,"href":"https:\/\/notinor.com\/jujuy\/wp-json\/wp\/v2\/categories?post=433320"},{"taxonomy":"post_tag","embeddable":true,"href":"https:\/\/notinor.com\/jujuy\/wp-json\/wp\/v2\/tags?post=433320"}],"curies":[{"name":"wp","href":"https:\/\/api.w.org\/{rel}","templated":true}]}}