{"id":433293,"date":"2025-09-21T19:49:09","date_gmt":"2025-09-21T22:49:09","guid":{"rendered":"https:\/\/notinor.com\/jujuy\/?p=433293"},"modified":"2025-09-21T19:49:10","modified_gmt":"2025-09-21T22:49:10","slug":"continua-la-agenda-de-la-74o-edicion-de-la-fiesta-nacional-de-los-estudiantes","status":"publish","type":"post","link":"https:\/\/notinor.com\/jujuy\/continua-la-agenda-de-la-74o-edicion-de-la-fiesta-nacional-de-los-estudiantes\/","title":{"rendered":"Contin\u00faa la agenda de la 74\u00ba edici\u00f3n de la Fiesta Nacional de los Estudiantes"},"content":{"rendered":"\n<h2 class=\"has-medium-font-size\"><strong><em>Con un abanico de actividades entre elecciones, desfiles, exposiciones y encuentros culturales sigue la fiesta estudiantil en Jujuy.<\/em><\/strong><\/h2>\n\n\n\n<p><\/p>\n\n\n<div class=\"wp-block-image\">\n<figure class=\"aligncenter size-full\"><img decoding=\"async\" loading=\"lazy\" width=\"800\" height=\"450\" src=\"https:\/\/notinor.com\/jujuy\/wp-content\/uploads\/2025\/09\/desfile-carrozas-fne-2025.jpg\" alt=\"\" class=\"wp-image-433294\" srcset=\"https:\/\/notinor.com\/jujuy\/wp-content\/uploads\/2025\/09\/desfile-carrozas-fne-2025.jpg 800w, https:\/\/notinor.com\/jujuy\/wp-content\/uploads\/2025\/09\/desfile-carrozas-fne-2025-649x365.jpg 649w, https:\/\/notinor.com\/jujuy\/wp-content\/uploads\/2025\/09\/desfile-carrozas-fne-2025-500x280.jpg 500w, https:\/\/notinor.com\/jujuy\/wp-content\/uploads\/2025\/09\/desfile-carrozas-fne-2025-768x432.jpg 768w, https:\/\/notinor.com\/jujuy\/wp-content\/uploads\/2025\/09\/desfile-carrozas-fne-2025-750x422.jpg 750w\" sizes=\"(max-width: 800px) 100vw, 800px\" \/><\/figure><\/div>\n\n\n<p><\/p>\n\n\n\n<p class=\"has-medium-font-size\"><strong>Domingo 21 de septiembre<\/strong><\/p>\n\n\n\n<p>Exposici\u00f3n de Carrozas - 14 a 18 horas en Ciudad Cultural.<\/p>\n\n\n\n<p>Elecci\u00f3n Paje 10 - 19 horas en Ciudad Cultural<\/p>\n\n\n\n<p class=\"has-medium-font-size\"><strong>Lunes 22 de septiembre<\/strong><\/p>\n\n\n\n<p>Exposici\u00f3n de Carrozas - de 14 a 17 horas en Ciudad Cultural<\/p>\n\n\n\n<p>Elecci\u00f3n Representante Provincial - 20 horas en Ciudad Cultural con la presentaci\u00f3n de Los Cafres.<\/p>\n\n\n\n<p class=\"has-medium-font-size\"><strong>Martes 23 de septiembre<\/strong><\/p>\n\n\n\n<p>Congreso de la Juventud - 8.30 horas en Centro de Innovaci\u00f3n Tecnol\u00f3gica<\/p>\n\n\n\n<p>Desfile Grupo A - 20 horas en Ciudad Cultural<\/p>\n\n\n\n<p class=\"has-medium-font-size\"><strong>Mi\u00e9rcoles 24 de septiembre<\/strong><\/p>\n\n\n\n<p>Congreso de la Juventud - 8.30 horas en Centro de Innovaci\u00f3n Tecnol\u00f3gica<\/p>\n\n\n\n<p>Desfile Grupo B - 20 horas en Ciudad Cultural.<\/p>\n\n\n\n<p class=\"has-medium-font-size\"><strong>Jueves 25 de septiembre<\/strong><\/p>\n\n\n\n<p>Desfile Doble - 18 horas en Ciudad Cultural.<\/p>\n\n\n\n<p class=\"has-medium-font-size\"><strong>Viernes 26 de septiembre<\/strong><\/p>\n\n\n\n<p>Elecci\u00f3n Nacional - 21 horas en Estadio 23 de Agosto - Presentaci\u00f3n de Airbag.<\/p>\n\n\n\n<p class=\"has-medium-font-size\"><strong>S\u00e1bado 27 de septiembre<\/strong><\/p>\n\n\n\n<p>Entrega de premios - 17 horas en Ciudad Cultural.<\/p>\n","protected":false},"excerpt":{"rendered":"<p>Con un abanico de actividades entre elecciones, desfiles, exposiciones y encuentros culturales sigue la fiesta estudiantil en Jujuy. Domingo 21 de septiembre Exposici\u00f3n de Carrozas - 14 a 18 horas en Ciudad Cultural. Elecci\u00f3n Paje 10 - 19 horas en Ciudad Cultural Lunes 22 de septiembre Exposici\u00f3n de Carrozas - de 14 a 17 horas [&hellip;]<\/p>\n","protected":false},"author":49,"featured_media":433294,"comment_status":"open","ping_status":"open","sticky":false,"template":"","format":"standard","meta":{"_stopmodifiedupdate":false,"_modified_date":"","inline_featured_image":false,"spay_email":"","jetpack_publicize_message":""},"categories":[2,594,514],"tags":[],"jetpack_featured_media_url":"https:\/\/notinor.com\/jujuy\/wp-content\/uploads\/2025\/09\/desfile-carrozas-fne-2025.jpg","jetpack_publicize_connections":[],"_links":{"self":[{"href":"https:\/\/notinor.com\/jujuy\/wp-json\/wp\/v2\/posts\/433293"}],"collection":[{"href":"https:\/\/notinor.com\/jujuy\/wp-json\/wp\/v2\/posts"}],"about":[{"href":"https:\/\/notinor.com\/jujuy\/wp-json\/wp\/v2\/types\/post"}],"author":[{"embeddable":true,"href":"https:\/\/notinor.com\/jujuy\/wp-json\/wp\/v2\/users\/49"}],"replies":[{"embeddable":true,"href":"https:\/\/notinor.com\/jujuy\/wp-json\/wp\/v2\/comments?post=433293"}],"version-history":[{"count":1,"href":"https:\/\/notinor.com\/jujuy\/wp-json\/wp\/v2\/posts\/433293\/revisions"}],"predecessor-version":[{"id":433295,"href":"https:\/\/notinor.com\/jujuy\/wp-json\/wp\/v2\/posts\/433293\/revisions\/433295"}],"wp:featuredmedia":[{"embeddable":true,"href":"https:\/\/notinor.com\/jujuy\/wp-json\/wp\/v2\/media\/433294"}],"wp:attachment":[{"href":"https:\/\/notinor.com\/jujuy\/wp-json\/wp\/v2\/media?parent=433293"}],"wp:term":[{"taxonomy":"category","embeddable":true,"href":"https:\/\/notinor.com\/jujuy\/wp-json\/wp\/v2\/categories?post=433293"},{"taxonomy":"post_tag","embeddable":true,"href":"https:\/\/notinor.com\/jujuy\/wp-json\/wp\/v2\/tags?post=433293"}],"curies":[{"name":"wp","href":"https:\/\/api.w.org\/{rel}","templated":true}]}}