{"id":433290,"date":"2025-09-19T21:59:22","date_gmt":"2025-09-20T00:59:22","guid":{"rendered":"https:\/\/notinor.com\/jujuy\/?p=433290"},"modified":"2025-09-19T21:59:24","modified_gmt":"2025-09-20T00:59:24","slug":"pizarro-voy-a-ser-diputado-nacional-para-defender-a-los-jubilados","status":"publish","type":"post","link":"https:\/\/notinor.com\/jujuy\/pizarro-voy-a-ser-diputado-nacional-para-defender-a-los-jubilados\/","title":{"rendered":"Pizarro: \u201cVoy a ser diputado nacional para defender a los jubilados\u201d"},"content":{"rendered":"\n<p class=\"has-medium-font-size\"><strong><em>\"El gobierno de Milei est\u00e1 expulsando a los jubilados del sistema, adem\u00e1s de maltratarlos y ofenderlos d\u00eda a d\u00eda\".<\/em><\/strong><\/p>\n\n\n\n<p><\/p>\n\n\n<div class=\"wp-block-image\">\n<figure class=\"aligncenter size-full\"><img decoding=\"async\" loading=\"lazy\" width=\"800\" height=\"450\" src=\"https:\/\/notinor.com\/jujuy\/wp-content\/uploads\/2025\/09\/mario-pizarro-1.jpeg\" alt=\"\" class=\"wp-image-433291\" srcset=\"https:\/\/notinor.com\/jujuy\/wp-content\/uploads\/2025\/09\/mario-pizarro-1.jpeg 800w, https:\/\/notinor.com\/jujuy\/wp-content\/uploads\/2025\/09\/mario-pizarro-1-649x365.jpeg 649w, https:\/\/notinor.com\/jujuy\/wp-content\/uploads\/2025\/09\/mario-pizarro-1-500x280.jpeg 500w, https:\/\/notinor.com\/jujuy\/wp-content\/uploads\/2025\/09\/mario-pizarro-1-768x432.jpeg 768w, https:\/\/notinor.com\/jujuy\/wp-content\/uploads\/2025\/09\/mario-pizarro-1-750x422.jpeg 750w\" sizes=\"(max-width: 800px) 100vw, 800px\" \/><\/figure><\/div>\n\n\n<p><\/p>\n\n\n\n<p><strong>Mario Pizarro y Malena Amerise participaron hoy de tres momentos hermosos junto a nuestros mayores: en Barro Negro, el 7\u00b0 Encuentro de Jubilados y Pensionados; en La Mendieta, el Encuentro Regional de Adultos Mayores, y en el CEPAM, una Pe\u00f1a inolvidable por el D\u00eda del Jubilado.<\/strong><\/p>\n\n\n\n<p>Mario Pizarro, candidato a diputado nacional por el Frente Jujuy Crece en Provincias Unidas, garantiz\u00f3 que <strong>\u201cen este militante de las grandes causas de la Uni\u00f3n C\u00edvica Radical, los jubilados tendr\u00e1n a un representante de sus intereses, dispuesto a defenderlos\u201d.<\/strong><\/p>\n\n\n\n<p>En estos t\u00e9rminos se pronunci\u00f3 en el marco de la celebraci\u00f3n del D\u00eda del Jubilado, donde, junto a la candidata Malena Amerise, comparti\u00f3 diversas actividades en el Centro Provincial de Adultos Mayores (CEPAM) de San Salvador de Jujuy, La Mendieta y Barro Negro, as\u00ed como en otras localidades del interior, jornada a la que calific\u00f3 de \u201cmuy especial\u201d, en atenci\u00f3n a lo que ocurre en el pa\u00eds con el sector pasivo, \u201cduramente castigado y atacado por las pol\u00edticas de ajuste libertarias\u201d, acot\u00f3.<\/p>\n\n\n\n<p>Por otra parte, sostuvo que <strong>\u201cdesde la \u00e9tica tenemos que acompa\u00f1ar a nuestros mayores\u201d y advirti\u00f3 que \u201cel gobierno de Milei est\u00e1 expuls\u00e1ndolos del sistema, adem\u00e1s de maltratarlos y ofenderlos d\u00eda a d\u00eda\u201d.<\/strong><\/p>\n","protected":false},"excerpt":{"rendered":"<p>\"El gobierno de Milei est\u00e1 expulsando a los jubilados del sistema, adem\u00e1s de maltratarlos y ofenderlos d\u00eda a d\u00eda\". Mario Pizarro y Malena Amerise participaron hoy de tres momentos hermosos junto a nuestros mayores: en Barro Negro, el 7\u00b0 Encuentro de Jubilados y Pensionados; en La Mendieta, el Encuentro Regional de Adultos Mayores, y en [&hellip;]<\/p>\n","protected":false},"author":49,"featured_media":433291,"comment_status":"open","ping_status":"open","sticky":false,"template":"","format":"standard","meta":{"_stopmodifiedupdate":false,"_modified_date":"","inline_featured_image":false,"spay_email":"","jetpack_publicize_message":""},"categories":[2,501],"tags":[],"jetpack_featured_media_url":"https:\/\/notinor.com\/jujuy\/wp-content\/uploads\/2025\/09\/mario-pizarro-1.jpeg","jetpack_publicize_connections":[],"_links":{"self":[{"href":"https:\/\/notinor.com\/jujuy\/wp-json\/wp\/v2\/posts\/433290"}],"collection":[{"href":"https:\/\/notinor.com\/jujuy\/wp-json\/wp\/v2\/posts"}],"about":[{"href":"https:\/\/notinor.com\/jujuy\/wp-json\/wp\/v2\/types\/post"}],"author":[{"embeddable":true,"href":"https:\/\/notinor.com\/jujuy\/wp-json\/wp\/v2\/users\/49"}],"replies":[{"embeddable":true,"href":"https:\/\/notinor.com\/jujuy\/wp-json\/wp\/v2\/comments?post=433290"}],"version-history":[{"count":1,"href":"https:\/\/notinor.com\/jujuy\/wp-json\/wp\/v2\/posts\/433290\/revisions"}],"predecessor-version":[{"id":433292,"href":"https:\/\/notinor.com\/jujuy\/wp-json\/wp\/v2\/posts\/433290\/revisions\/433292"}],"wp:featuredmedia":[{"embeddable":true,"href":"https:\/\/notinor.com\/jujuy\/wp-json\/wp\/v2\/media\/433291"}],"wp:attachment":[{"href":"https:\/\/notinor.com\/jujuy\/wp-json\/wp\/v2\/media?parent=433290"}],"wp:term":[{"taxonomy":"category","embeddable":true,"href":"https:\/\/notinor.com\/jujuy\/wp-json\/wp\/v2\/categories?post=433290"},{"taxonomy":"post_tag","embeddable":true,"href":"https:\/\/notinor.com\/jujuy\/wp-json\/wp\/v2\/tags?post=433290"}],"curies":[{"name":"wp","href":"https:\/\/api.w.org\/{rel}","templated":true}]}}