{"id":433260,"date":"2025-09-19T11:03:03","date_gmt":"2025-09-19T14:03:03","guid":{"rendered":"https:\/\/notinor.com\/jujuy\/?p=433260"},"modified":"2025-09-19T11:03:44","modified_gmt":"2025-09-19T14:03:44","slug":"sadir-presente-en-el-inicio-de-los-desfiles-de-carrozas","status":"publish","type":"post","link":"https:\/\/notinor.com\/jujuy\/sadir-presente-en-el-inicio-de-los-desfiles-de-carrozas\/","title":{"rendered":"Sadir presente en el inicio de los desfiles de carrozas"},"content":{"rendered":"\n<p class=\"has-medium-font-size\"><strong><em>El gobernador de Jujuy encabez\u00f3 el acto de inicio de los tradicionales Desfiles de Carrozas en el marco de la 74\u00ba Fiesta Nacional de los Estudiantes.<\/em><\/strong><\/p>\n\n\n<div class=\"wp-block-image\">\n<figure class=\"aligncenter\"><img decoding=\"async\" src=\"https:\/\/media.prensa.jujuy.gob.ar\/p\/28190c91329608d61bd3de37fcd80f11\/adjuntos\/301\/imagenes\/000\/417\/0000417413\/1200x0\/smart\/1-desfile.jpg\" alt=\"Sadir presente en el inicio de los Desfiles de Carrozas\" title=\"Sadir presente en el inicio de los Desfiles de Carrozas\"\/><figcaption class=\"wp-element-caption\">El gobernador Carlos Sadir en el acto de inicio de los tradicionales desfiles de carrozas <\/figcaption><\/figure><\/div>\n\n\n<p>Al respecto, el titular del Ente Aut\u00e1rquico Permanente de la Fiesta Nacional de los Estudiantes, <strong>Mart\u00edn Meyer,<\/strong> destac\u00f3 la presencia del gobernador Carlos Sadir que siempre acompa\u00f1a todas las actividades que se realizan, conjuntamente con otros funcionarios provinciales.<a href=\"https:\/\/media.prensa.jujuy.gob.ar\/p\/28190c91329608d61bd3de37fcd80f11\/adjuntos\/301\/imagenes\/000\/417\/0000417413\/1200x0\/smart\/1-desfile.jpg\"><\/a><\/p>\n\n\n<div class=\"wp-block-image\">\n<figure class=\"aligncenter\"><img decoding=\"async\" src=\"https:\/\/media.prensa.jujuy.gob.ar\/p\/4e2d72dbeb90941f9eda0028b98748d3\/adjuntos\/301\/imagenes\/000\/417\/0000417416\/1200x0\/smart\/0c2a5016.JPG\" alt=\"Sadir presente en el inicio de los Desfiles de Carrozas\" title=\"Sadir presente en el inicio de los Desfiles de Carrozas\"\/><\/figure><\/div>\n\n\n<p>Asimismo, agradeci\u00f3 \u201cel apoyo de much\u00edsima gente que ha sido parte y es parte de esta Fiesta, como la primer Comisi\u00f3n Estudiantil\u201d.<a href=\"https:\/\/media.prensa.jujuy.gob.ar\/p\/4e2d72dbeb90941f9eda0028b98748d3\/adjuntos\/301\/imagenes\/000\/417\/0000417416\/1200x0\/smart\/0c2a5016.JPG\"><\/a><\/p>\n\n\n\n<figure class=\"wp-block-image\"><img decoding=\"async\" src=\"https:\/\/media.prensa.jujuy.gob.ar\/p\/bb54b5487a12aec1a91e36875b7e2ea8\/adjuntos\/301\/imagenes\/000\/417\/0000417414\/1200x0\/smart\/0c2a4966.JPG\" alt=\"Sadir presente en el inicio de los Desfiles de Carrozas\" title=\"Sadir presente en el inicio de los Desfiles de Carrozas\"\/><\/figure>\n\n\n\n<p>Meyer recalc\u00f3 que \u201ces muy importante que la gente acompa\u00f1e todas las actividades, y ac\u00e1 lo est\u00e1 haciendo. Ayer tuvimos mucha gente en el Desfile Bienvenida Primavera, y ojal\u00e1 que as\u00ed sea todos estos d\u00edas que se nos vienen. La idea es que esta siga siendo una fiesta familiar, y eso es lo que vemos. Mucha familia, muchos chicos, chicas, adultos, mayores. Tenemos concurrencia de muchos lugares del pa\u00eds, y eso demuestra que nuestra fiesta crece a\u00f1o a a\u00f1o\u201d.<a href=\"https:\/\/media.prensa.jujuy.gob.ar\/p\/bb54b5487a12aec1a91e36875b7e2ea8\/adjuntos\/301\/imagenes\/000\/417\/0000417414\/1200x0\/smart\/0c2a4966.JPG\"><\/a><\/p>\n\n\n<div class=\"wp-block-image\">\n<figure class=\"aligncenter\"><img decoding=\"async\" src=\"https:\/\/media.prensa.jujuy.gob.ar\/p\/504e97779084706e87c66d150842c8e0\/adjuntos\/301\/imagenes\/000\/417\/0000417415\/1200x0\/smart\/0c2a4994.JPG\" alt=\"Sadir presente en el inicio de los Desfiles de Carrozas\" title=\"Sadir presente en el inicio de los Desfiles de Carrozas\"\/><\/figure><\/div>\n\n\n<p>Por \u00faltimo, hizo hincapi\u00e9 en que \u201ctenemos todas las \u00e1reas de Gobierno trabajando, agradecerles a todos ellos, ya que ser\u00eda imposible una Fiesta Nacional de esta envergadura sin el apoyo de todos. Y tenemos tambi\u00e9n muchos estudiantes del interior que se est\u00e1n alojando en el RI 20. Como cada a\u00f1o, esta es una fiesta inclusiva, para disfrutar, compartir y por supuesto, inolvidable\u201d.<\/p>\n","protected":false},"excerpt":{"rendered":"<p>El gobernador de Jujuy encabez\u00f3 el acto de inicio de los tradicionales Desfiles de Carrozas en el marco de la 74\u00ba Fiesta Nacional de los Estudiantes. Al respecto, el titular del Ente Aut\u00e1rquico Permanente de la Fiesta Nacional de los Estudiantes, Mart\u00edn Meyer, destac\u00f3 la presencia del gobernador Carlos Sadir que siempre acompa\u00f1a todas las [&hellip;]<\/p>\n","protected":false},"author":5,"featured_media":433261,"comment_status":"open","ping_status":"open","sticky":false,"template":"","format":"standard","meta":{"_stopmodifiedupdate":false,"_modified_date":"","inline_featured_image":false,"spay_email":"","jetpack_publicize_message":""},"categories":[2,594],"tags":[],"jetpack_featured_media_url":"https:\/\/notinor.com\/jujuy\/wp-content\/uploads\/2025\/09\/FNE.jpg","jetpack_publicize_connections":[],"_links":{"self":[{"href":"https:\/\/notinor.com\/jujuy\/wp-json\/wp\/v2\/posts\/433260"}],"collection":[{"href":"https:\/\/notinor.com\/jujuy\/wp-json\/wp\/v2\/posts"}],"about":[{"href":"https:\/\/notinor.com\/jujuy\/wp-json\/wp\/v2\/types\/post"}],"author":[{"embeddable":true,"href":"https:\/\/notinor.com\/jujuy\/wp-json\/wp\/v2\/users\/5"}],"replies":[{"embeddable":true,"href":"https:\/\/notinor.com\/jujuy\/wp-json\/wp\/v2\/comments?post=433260"}],"version-history":[{"count":2,"href":"https:\/\/notinor.com\/jujuy\/wp-json\/wp\/v2\/posts\/433260\/revisions"}],"predecessor-version":[{"id":433263,"href":"https:\/\/notinor.com\/jujuy\/wp-json\/wp\/v2\/posts\/433260\/revisions\/433263"}],"wp:featuredmedia":[{"embeddable":true,"href":"https:\/\/notinor.com\/jujuy\/wp-json\/wp\/v2\/media\/433261"}],"wp:attachment":[{"href":"https:\/\/notinor.com\/jujuy\/wp-json\/wp\/v2\/media?parent=433260"}],"wp:term":[{"taxonomy":"category","embeddable":true,"href":"https:\/\/notinor.com\/jujuy\/wp-json\/wp\/v2\/categories?post=433260"},{"taxonomy":"post_tag","embeddable":true,"href":"https:\/\/notinor.com\/jujuy\/wp-json\/wp\/v2\/tags?post=433260"}],"curies":[{"name":"wp","href":"https:\/\/api.w.org\/{rel}","templated":true}]}}