{"id":433254,"date":"2025-09-18T22:12:00","date_gmt":"2025-09-19T01:12:00","guid":{"rendered":"https:\/\/notinor.com\/jujuy\/?p=433254"},"modified":"2025-09-18T10:12:21","modified_gmt":"2025-09-18T10:12:21","slug":"multiples-actividades-fisicas-y-deportivas-se-realizaran-el-fin-de-semana","status":"publish","type":"post","link":"https:\/\/notinor.com\/jujuy\/multiples-actividades-fisicas-y-deportivas-se-realizaran-el-fin-de-semana\/","title":{"rendered":"M\u00faltiples actividades f\u00edsicas y deportivas se realizar\u00e1n el fin de semana"},"content":{"rendered":"\n<p class=\"has-medium-font-size\"><strong><em>Con la llegada de la primavera, la Municipalidad de San Salvador de Jujuy, a trav\u00e9s de la Direcci\u00f3n de Deportes y Recreaci\u00f3n, ofrecer\u00e1 este fin de semana una variada agenda de propuestas para fomentar la actividad f\u00edsica en la comunidad.<\/em><\/strong><\/p>\n\n\n<div class=\"wp-block-image\">\n<figure class=\"aligncenter size-full\"><img decoding=\"async\" loading=\"lazy\" width=\"785\" height=\"466\" src=\"https:\/\/notinor.com\/jujuy\/wp-content\/uploads\/2025\/09\/ENCUENTRO.jpg\" alt=\"\" class=\"wp-image-433255\" srcset=\"https:\/\/notinor.com\/jujuy\/wp-content\/uploads\/2025\/09\/ENCUENTRO.jpg 785w, https:\/\/notinor.com\/jujuy\/wp-content\/uploads\/2025\/09\/ENCUENTRO-615x365.jpg 615w, https:\/\/notinor.com\/jujuy\/wp-content\/uploads\/2025\/09\/ENCUENTRO-768x456.jpg 768w, https:\/\/notinor.com\/jujuy\/wp-content\/uploads\/2025\/09\/ENCUENTRO-750x445.jpg 750w\" sizes=\"(max-width: 785px) 100vw, 785px\" \/><\/figure><\/div>\n\n\n<p>El viernes 19 se realizar\u00e1 \u201cMuni Activa\u201d en el barrio 12 de Octubre, mientras que el s\u00e1bado 20 la programaci\u00f3n continuar\u00e1 con un workshop destinado a instructores en Los Perales y una clase abierta de ritmos en la punta del Parque San Mart\u00edn.<\/p>\n\n\n\n<p>La subsecretaria de Desarrollo Humano, Sandra Batistella, destac\u00f3 que estas acciones responden a una decisi\u00f3n pol\u00edtica del intendente Ra\u00fal \u201cChuli\u201d Jorge: \u201cPromocionar la actividad f\u00edsica en la ciudadan\u00eda y, de qu\u00e9 mejor manera, estando presentes con Deportes en toda la capital\u201d.<\/p>\n\n\n\n<h3>Primavera Fest en el Jorge Accame<\/h3>\n\n\n\n<p>El ciclo \u201cMuni Activa\u201d tendr\u00e1 una edici\u00f3n especial este viernes en el Centro Cultural \u201cJorge Accame\u201d, a partir de las 17.30 horas, bajo el lema \u201cPrimavera Fest\u201d.<\/p>\n\n\n\n<p>El coordinador de H\u00e1bitos Saludables, <strong>Sergio Armata<\/strong>, explic\u00f3 que la jornada incluir\u00e1 la elecci\u00f3n de la representante y del \u201cChico 10\u201d en categor\u00edas juvenil, adulto y adulto mayor, adem\u00e1s de concursos de mesas tem\u00e1ticas y clases de ritmos. Asimismo, convoc\u00f3 a toda la comunidad a participar: \u201cEl encuentro contar\u00e1 con instructores invitados, es completamente gratuito e invitamos a los vecinos a llevar algo para compartir y muchas ganas de divertirse\u201d.<\/p>\n\n\n\n<figure class=\"wp-block-image\"><img decoding=\"async\" src=\"https:\/\/www.sansalvadordejujuy.gob.ar\/wp-content\/uploads\/2025\/09\/img-20250917-wa01014671105145682674749-819x1024.jpg\" alt=\"\" class=\"wp-image-93318\"\/><\/figure>\n\n\n\n<h3>Capacitaci\u00f3n para instructores<\/h3>\n\n\n\n<p>Por su parte, el director general de Deportes y Recreaci\u00f3n,<strong> Gustavo Hiruela<\/strong>, confirm\u00f3 la realizaci\u00f3n de un workshop para instructores en el Club Los Baldos de Los Perales, de 9 a 13.30 horas. Esta propuesta est\u00e1 destinada a profesionales y aficionados que buscan perfeccionarse en la materia.<\/p>\n\n\n\n<p>Por la tarde, desde las 17 hasta las 19 horas, en la punta del Parque San Mart\u00edn, se desarrollar\u00e1 un \u201cMartesClass de Ritmos\u201d, abierto a todo p\u00fablico.<\/p>\n\n\n\n<figure class=\"wp-block-image\"><img decoding=\"async\" src=\"https:\/\/www.sansalvadordejujuy.gob.ar\/wp-content\/uploads\/2025\/09\/img-20250917-wa00596289724327346529015-819x1024.jpg\" alt=\"\" class=\"wp-image-93316\"\/><\/figure>\n\n\n\n<p>La directora de Inclusi\u00f3n y Deportes, <strong>Mariel Sadir,<\/strong> detall\u00f3 que la actividad denominada \u201c<strong>Primavera Activa<\/strong>\u201d contar\u00e1 con la participaci\u00f3n de los profesores <strong>Lucas Barainca<\/strong> y <strong>Eloisa Rold\u00e1n<\/strong>, provenientes de Villa Carlos Paz (C\u00f3rdoba). Ellos trabajar\u00e1n en conjunto con el equipo de instructores de M\u00f3vil Gym e instructores con s\u00edndrome de Down, en una propuesta inclusiva que combinar\u00e1 ritmos y zumba en el predio \u201cPajarito\u201d Conde del Parque San Mart\u00edn, de 17.30 a 19 horas.<\/p>\n\n\n\n<p><strong>Nota audiovisual:<\/strong>&nbsp;<a href=\"https:\/\/youtu.be\/zpbeIGcJbiw\">https:\/\/youtu.be\/zpbeIGcJbiw<\/a><\/p>\n","protected":false},"excerpt":{"rendered":"<p>Con la llegada de la primavera, la Municipalidad de San Salvador de Jujuy, a trav\u00e9s de la Direcci\u00f3n de Deportes y Recreaci\u00f3n, ofrecer\u00e1 este fin de semana una variada agenda de propuestas para fomentar la actividad f\u00edsica en la comunidad. El viernes 19 se realizar\u00e1 \u201cMuni Activa\u201d en el barrio 12 de Octubre, mientras que [&hellip;]<\/p>\n","protected":false},"author":5,"featured_media":433255,"comment_status":"open","ping_status":"open","sticky":false,"template":"","format":"standard","meta":{"_stopmodifiedupdate":false,"_modified_date":"","inline_featured_image":false,"spay_email":"","jetpack_publicize_message":""},"categories":[13],"tags":[],"jetpack_featured_media_url":"https:\/\/notinor.com\/jujuy\/wp-content\/uploads\/2025\/09\/ENCUENTRO.jpg","jetpack_publicize_connections":[],"_links":{"self":[{"href":"https:\/\/notinor.com\/jujuy\/wp-json\/wp\/v2\/posts\/433254"}],"collection":[{"href":"https:\/\/notinor.com\/jujuy\/wp-json\/wp\/v2\/posts"}],"about":[{"href":"https:\/\/notinor.com\/jujuy\/wp-json\/wp\/v2\/types\/post"}],"author":[{"embeddable":true,"href":"https:\/\/notinor.com\/jujuy\/wp-json\/wp\/v2\/users\/5"}],"replies":[{"embeddable":true,"href":"https:\/\/notinor.com\/jujuy\/wp-json\/wp\/v2\/comments?post=433254"}],"version-history":[{"count":1,"href":"https:\/\/notinor.com\/jujuy\/wp-json\/wp\/v2\/posts\/433254\/revisions"}],"predecessor-version":[{"id":433256,"href":"https:\/\/notinor.com\/jujuy\/wp-json\/wp\/v2\/posts\/433254\/revisions\/433256"}],"wp:featuredmedia":[{"embeddable":true,"href":"https:\/\/notinor.com\/jujuy\/wp-json\/wp\/v2\/media\/433255"}],"wp:attachment":[{"href":"https:\/\/notinor.com\/jujuy\/wp-json\/wp\/v2\/media?parent=433254"}],"wp:term":[{"taxonomy":"category","embeddable":true,"href":"https:\/\/notinor.com\/jujuy\/wp-json\/wp\/v2\/categories?post=433254"},{"taxonomy":"post_tag","embeddable":true,"href":"https:\/\/notinor.com\/jujuy\/wp-json\/wp\/v2\/tags?post=433254"}],"curies":[{"name":"wp","href":"https:\/\/api.w.org\/{rel}","templated":true}]}}