{"id":433251,"date":"2025-09-18T21:56:00","date_gmt":"2025-09-19T00:56:00","guid":{"rendered":"https:\/\/notinor.com\/jujuy\/?p=433251"},"modified":"2025-09-18T09:56:23","modified_gmt":"2025-09-18T09:56:23","slug":"el-programa-incluir-es-construir-visito-los-canchones-estudiantiles-con-diferentes-intervenciones-de-respeto-y-empatia","status":"publish","type":"post","link":"https:\/\/notinor.com\/jujuy\/el-programa-incluir-es-construir-visito-los-canchones-estudiantiles-con-diferentes-intervenciones-de-respeto-y-empatia\/","title":{"rendered":"El programa \u201cIncluir es construir\u201d visit\u00f3 los canchones estudiantiles con diferentes intervenciones de respeto y empat\u00eda"},"content":{"rendered":"\n<p class=\"has-medium-font-size\"><strong><em>En el marco del programa Incluir es Construir en los colegios, equipos interdisciplinarios del municipio capitalino, realizaron una visita a los estudiantes que se encuentran trabajando en los canchones, en preparaci\u00f3n de sus carrozas durante la Fiesta Nacional de los Estudiantes. La jornada incluy\u00f3 m\u00faltiples intervenciones a trav\u00e9s de juegos y din\u00e1micas participativas, abordando conceptos claves como la empat\u00eda, el respeto, la valoraci\u00f3n con el objetivo de promover la tolerancia a las diferencias.<\/em><\/strong><\/p>\n\n\n<div class=\"wp-block-image\">\n<figure class=\"aligncenter\"><img decoding=\"async\" src=\"https:\/\/www.sansalvadordejujuy.gob.ar\/wp-content\/uploads\/2025\/09\/intervercion-en-los-canchones-foto-prensa-muni4-1024x722.jpg\" alt=\"\" class=\"wp-image-93306\"\/><\/figure><\/div>\n\n\n<p>Participando de la actividad,\u00a0la directora de Ni\u00f1ez y Adolescencia, de la Secretar\u00eda de Desarrollo Humano, <strong>Fernanda Zarif<\/strong>, expres\u00f3 la satisfacci\u00f3n de poder \u201cacompa\u00f1ar a los estudiantes en la inauguraci\u00f3n del <strong>D\u00eda de los Canchones<\/strong>, con una jornada llena de actividades impulsadas por todas las \u00e1reas de la secretar\u00eda municipal, junto a la Coordinaci\u00f3n de Inclusi\u00f3n, de Salud Mental, Salud Integral, G\u00e9nero, Ni\u00f1ez y Educaci\u00f3n, <strong>generando espacios de encuentro, reflexi\u00f3n y participaci\u00f3n activa<\/strong> con los adolescentes de la ciudad\u201d.<\/p>\n\n\n\n<p>Agreg\u00f3 en este contexto, \u201cse trata de una tarea que venimos desarrollando desde hace varios meses que lleva el nombre \u201c<strong>Incluir es construir en los colegios<\/strong>\u201d, que tiene como principal objetivo promover la tolerancia a las diferencias. Y en el marco de la FNE, el programa se traslad\u00f3 a los canchones, donde se realizaran intervenciones junto a los estudiantes, generando espacios de reflexi\u00f3n, empat\u00eda e inclusi\u00f3n activa durante toda la semana\u201d.<\/p>\n\n\n<div class=\"wp-block-image\">\n<figure class=\"aligncenter\"><img decoding=\"async\" src=\"https:\/\/www.sansalvadordejujuy.gob.ar\/wp-content\/uploads\/2025\/09\/intervercion-en-los-canchones-foto-prensa-muni5-1024x749.jpg\" alt=\"\" class=\"wp-image-93307\"\/><\/figure><\/div>\n\n\n<p>De esta manera, explic\u00f3 Zarif \u201cque en cada jornada se busca que comprendan que las diferencias son parte de nuestra naturaleza, que nos hacen especiales, fuertes y que podemos convivir sanamente a trav\u00e9s del buen trato\u201d.<\/p>\n\n\n\n<p>&nbsp;Finalmente puntualiz\u00f3 la funcionaria municipal, \u201cno se trata de ser todos amigos, sino de respetarnos. Este mensaje se vincula fuertemente con el lema impulsado por la comisi\u00f3n estudiantil de este a\u00f1o que #NoSeasParteDelDa\u00f1o\u201d.<\/p>\n\n\n<div class=\"wp-block-image\">\n<figure class=\"aligncenter\"><img decoding=\"async\" src=\"https:\/\/www.sansalvadordejujuy.gob.ar\/wp-content\/uploads\/2025\/09\/intervercion-en-los-canchones-foto-prensa-muni6-1024x740.jpg\" alt=\"\" class=\"wp-image-93308\"\/><\/figure><\/div>\n\n\n<p>Luego <strong>Yesica Guti\u00e9rrez<\/strong> de la Coordinaci\u00f3n de Inclusi\u00f3n, coment\u00f3 \u201cla verdad que siempre que trabajamos con adolescentes se genera una energ\u00eda distinta, muy positiva, sabemos que tanto los ni\u00f1os, ni\u00f1as y adolescentes son grupos que te integran, te hacen parte de sus vivencias sin mirar las diferencias. Pero tambi\u00e9n es fundamental sentarse con ellos, escucharlos, pensar juntos, conversar y nos \u00a0sumamos a sus actividades para acompa\u00f1arlos y fortalecer esos espacios desde su propia mirada\u201d.<\/p>\n\n\n\n<p>Sobre la metodolog\u00eda de trabajo especific\u00f3, Guti\u00e9rrez \u201cal recorrer cada canch\u00f3n, se les pregunta c\u00f3mo har\u00edamos si una persona con discapacidad visual se acerca, c\u00f3mo le das a conocer tu trabajo a una persona con discapacidad auditiva, c\u00f3mo te comunicas, c\u00f3mo le transmit\u00eds de qu\u00e9 colegio es, porque, creo que esas situaciones nos hacen m\u00e1s humanos y sobre todo nos hace construir herramientas para incluirnos todos\u201d.<\/p>\n\n\n\n<p>Los equipos de la Secretar\u00eda de Desarrollo Humano estar\u00e1n haciendo est\u00e1s intervenciones, durante la ma\u00f1ana y la tarde hasta la semana que viene en predios de Ciudad Cultural.<\/p>\n\n\n\n<p><strong>Nota audiovisual:&nbsp;<\/strong><a href=\"https:\/\/youtu.be\/bbLr3_WcbN0\">https:\/\/youtu.be\/bbLr3_WcbN0<\/a><\/p>\n","protected":false},"excerpt":{"rendered":"<p>En el marco del programa Incluir es Construir en los colegios, equipos interdisciplinarios del municipio capitalino, realizaron una visita a los estudiantes que se encuentran trabajando en los canchones, en preparaci\u00f3n de sus carrozas durante la Fiesta Nacional de los Estudiantes. La jornada incluy\u00f3 m\u00faltiples intervenciones a trav\u00e9s de juegos y din\u00e1micas participativas, abordando conceptos [&hellip;]<\/p>\n","protected":false},"author":5,"featured_media":433252,"comment_status":"open","ping_status":"open","sticky":false,"template":"","format":"standard","meta":{"_stopmodifiedupdate":false,"_modified_date":"","inline_featured_image":false,"spay_email":"","jetpack_publicize_message":""},"categories":[594],"tags":[],"jetpack_featured_media_url":"https:\/\/notinor.com\/jujuy\/wp-content\/uploads\/2025\/09\/INCLUSION.jpg","jetpack_publicize_connections":[],"_links":{"self":[{"href":"https:\/\/notinor.com\/jujuy\/wp-json\/wp\/v2\/posts\/433251"}],"collection":[{"href":"https:\/\/notinor.com\/jujuy\/wp-json\/wp\/v2\/posts"}],"about":[{"href":"https:\/\/notinor.com\/jujuy\/wp-json\/wp\/v2\/types\/post"}],"author":[{"embeddable":true,"href":"https:\/\/notinor.com\/jujuy\/wp-json\/wp\/v2\/users\/5"}],"replies":[{"embeddable":true,"href":"https:\/\/notinor.com\/jujuy\/wp-json\/wp\/v2\/comments?post=433251"}],"version-history":[{"count":1,"href":"https:\/\/notinor.com\/jujuy\/wp-json\/wp\/v2\/posts\/433251\/revisions"}],"predecessor-version":[{"id":433253,"href":"https:\/\/notinor.com\/jujuy\/wp-json\/wp\/v2\/posts\/433251\/revisions\/433253"}],"wp:featuredmedia":[{"embeddable":true,"href":"https:\/\/notinor.com\/jujuy\/wp-json\/wp\/v2\/media\/433252"}],"wp:attachment":[{"href":"https:\/\/notinor.com\/jujuy\/wp-json\/wp\/v2\/media?parent=433251"}],"wp:term":[{"taxonomy":"category","embeddable":true,"href":"https:\/\/notinor.com\/jujuy\/wp-json\/wp\/v2\/categories?post=433251"},{"taxonomy":"post_tag","embeddable":true,"href":"https:\/\/notinor.com\/jujuy\/wp-json\/wp\/v2\/tags?post=433251"}],"curies":[{"name":"wp","href":"https:\/\/api.w.org\/{rel}","templated":true}]}}