{"id":433248,"date":"2025-09-18T21:35:00","date_gmt":"2025-09-19T00:35:00","guid":{"rendered":"https:\/\/notinor.com\/jujuy\/?p=433248"},"modified":"2025-09-18T09:35:47","modified_gmt":"2025-09-18T09:35:47","slug":"municipio-y-provincia-coordinan-actividades-para-adultos-mayores-en-septiembre","status":"publish","type":"post","link":"https:\/\/notinor.com\/jujuy\/municipio-y-provincia-coordinan-actividades-para-adultos-mayores-en-septiembre\/","title":{"rendered":"Municipio y Provincia coordinan actividades para adultos mayores en septiembre"},"content":{"rendered":"\n<p class=\"has-medium-font-size\"><strong><em>En el marco del D\u00eda del Jubilado (20 de septiembre) y del D\u00eda del Adulto Mayor (1 de octubre), la Municipalidad de San Salvador de Jujuy junto al Ministerio de Desarrollo Humano de la provincia anunciaron la realizaci\u00f3n de dos eventos especiales destinados a los adultos mayores. El primero se llevar\u00e1 a cabo el s\u00e1bado 20 de septiembre en el Multiespacio de Alto Comedero, con concursos de mesas, sorteos, regalos, m\u00fasica en vivo y bailes. El segundo encuentro ser\u00e1 el s\u00e1bado 27 de septiembre en el Centro Cultural Manuel Belgrano, desde las 12 hasta las 19 horas, con una jornada recreativa y cultural para toda la familia.<\/em><\/strong><\/p>\n\n\n<div class=\"wp-block-image\">\n<figure class=\"aligncenter\"><img decoding=\"async\" src=\"https:\/\/www.sansalvadordejujuy.gob.ar\/wp-content\/uploads\/2025\/09\/REUNION-DE-GOV-Y-MUNI-DESARROLLO-HUMANO-2-1024x408.jpg\" alt=\"\" class=\"wp-image-93312\"\/><\/figure><\/div>\n\n\n<p>Durante la reuni\u00f3n con el equipo del Ministerio de Desarrollo Humano de la provincia, el coordinador de Secretar\u00edas, <strong>Gustavo Muro<\/strong>, destac\u00f3 la importancia de la articulaci\u00f3n entre municipio y provincia, \u201cla visita de <strong>Marta Russo<\/strong>, nuestra ministra de Desarrollo Humano de la provincia, con quien nos une muchos a\u00f1os de trabajo juntos y de coordinaci\u00f3n de actividades, diagramando una serie de eventos que en el mes de septiembre, un mes muy importante para toda la provincia ya que el 20 es el d\u00eda del jubilado y siempre articulando, en este caso espec\u00edficamente nos hemos sentado a trabajar las \u00e1reas municipales con las del Ministerio. As\u00ed que muy contentos, agradecerle a Marta la visita y la predisposici\u00f3n a trabajar juntos\u201d.<\/p>\n\n\n\n<p>A su vez, Muro remarc\u00f3 la necesidad de poner en agenda la situaci\u00f3n de los jubilados y las personas con discapacidad, \u201ctambi\u00e9n est\u00e1 la preocupaci\u00f3n porque en el contexto nacional el jubilado ha sido como dejado de lado, vienen cobrando una jubilaci\u00f3n de pobreza, lo mismo pasa con el tema de la discapacidad. Lamentablemente el presidente acort\u00f3 todo tipo de beneficio y est\u00e1 perjudicando a gente que vive en una situaci\u00f3n cr\u00edtica, entonces, estos eventos que estamos haciendo tambi\u00e9n son de contenci\u00f3n y de reconocerle a los jubilados que han tenido toda la vida de trabajo y que en su d\u00eda lo que le queremos hacer es justamente este reconocimiento\u201d.<\/p>\n\n\n<div class=\"wp-block-image\">\n<figure class=\"aligncenter\"><img decoding=\"async\" src=\"https:\/\/www.sansalvadordejujuy.gob.ar\/wp-content\/uploads\/2025\/09\/REUNION-DE-GOV-Y-MUNI-DESARROLLO-HUMANO-3-1024x499.jpg\" alt=\"\" class=\"wp-image-93313\"\/><\/figure><\/div>\n\n\n<p>Por su parte, la ministra de Desarrollo Humano, Marta Russo, celebr\u00f3 la posibilidad de continuar trabajando en conjunto con el municipio, \u201cseguir trabajando en forma conjunta y ahora justamente por ser el d\u00eda del jubilado, y el 1 de octubre, el d\u00eda del adulto mayor, coordinando distintas actividades tanto del ministerio como de la municipalidad. Quisiera agradecer a todas las personas que hicieron posible que esto se realice, nuestras personas mayores se merecen un d\u00eda de fiesta, justamente para celebrar esta festividad\u201d.<\/p>\n\n\n\n<p>Asimismo, adelant\u00f3 que se replicar\u00e1n estas experiencias en distintas localidades de la provincia, \u201cvamos a seguir trabajando coordinando actividades tanto en capital como en provincia llevando experiencias de este municipio capitalino a las distintas intendencias del interior. De igual manera, coordinamos tambi\u00e9n actividades para las personas con discapacidad, los derechos vulnerados, tanto de los jubilados como de las personas con discapacidad, llevando la oficina m\u00f3vil para poder asesorar acerca de las pensiones no contributivas por invalidez laboral, y por todos aquellos derechos que, lamentablemente, desde Naci\u00f3n, se ven vulnerados\u201d.<\/p>\n\n\n\n<p>Finalmente, la subsecretaria de Desarrollo Humano del municipio,<strong> Sandra Batistella,<\/strong> detall\u00f3 las propuestas previstas para septiembre, \u201ccontentos de recibir a la ministra para trabajar conjuntamente en todo lo que se pueda hacer. En este caso, vamos a hacer dos eventos para los adultos mayores, uno por el d\u00eda del jubilado, se realizar\u00e1 el s\u00e1bado 20 en el Multiespacio Alto Comedero, donde vamos a tener concurso de mesas, regalos, sorteos, bailes, grupos cantando; y el 27 lo vamos a hacer en el Centro Cultural Manuel Belgrano, a partir de las 12 hasta las 19hs, estamos trabajando conjuntamente con la ministra, con Gustavo Muro as\u00ed que esperando que sea un \u00e9xito\u201d.<\/p>\n\n\n\n<p><strong>Nota audiovisual:<\/strong>&nbsp;<a href=\"https:\/\/youtu.be\/mArjDgiTtj8\">https:\/\/youtu.be\/mArjDgiTtj8<\/a><\/p>\n","protected":false},"excerpt":{"rendered":"<p>En el marco del D\u00eda del Jubilado (20 de septiembre) y del D\u00eda del Adulto Mayor (1 de octubre), la Municipalidad de San Salvador de Jujuy junto al Ministerio de Desarrollo Humano de la provincia anunciaron la realizaci\u00f3n de dos eventos especiales destinados a los adultos mayores. El primero se llevar\u00e1 a cabo el s\u00e1bado [&hellip;]<\/p>\n","protected":false},"author":5,"featured_media":433249,"comment_status":"open","ping_status":"open","sticky":false,"template":"","format":"standard","meta":{"_stopmodifiedupdate":false,"_modified_date":"","inline_featured_image":false,"spay_email":"","jetpack_publicize_message":""},"categories":[13],"tags":[],"jetpack_featured_media_url":"https:\/\/notinor.com\/jujuy\/wp-content\/uploads\/2025\/09\/ADULTOS-1.jpg","jetpack_publicize_connections":[],"_links":{"self":[{"href":"https:\/\/notinor.com\/jujuy\/wp-json\/wp\/v2\/posts\/433248"}],"collection":[{"href":"https:\/\/notinor.com\/jujuy\/wp-json\/wp\/v2\/posts"}],"about":[{"href":"https:\/\/notinor.com\/jujuy\/wp-json\/wp\/v2\/types\/post"}],"author":[{"embeddable":true,"href":"https:\/\/notinor.com\/jujuy\/wp-json\/wp\/v2\/users\/5"}],"replies":[{"embeddable":true,"href":"https:\/\/notinor.com\/jujuy\/wp-json\/wp\/v2\/comments?post=433248"}],"version-history":[{"count":1,"href":"https:\/\/notinor.com\/jujuy\/wp-json\/wp\/v2\/posts\/433248\/revisions"}],"predecessor-version":[{"id":433250,"href":"https:\/\/notinor.com\/jujuy\/wp-json\/wp\/v2\/posts\/433248\/revisions\/433250"}],"wp:featuredmedia":[{"embeddable":true,"href":"https:\/\/notinor.com\/jujuy\/wp-json\/wp\/v2\/media\/433249"}],"wp:attachment":[{"href":"https:\/\/notinor.com\/jujuy\/wp-json\/wp\/v2\/media?parent=433248"}],"wp:term":[{"taxonomy":"category","embeddable":true,"href":"https:\/\/notinor.com\/jujuy\/wp-json\/wp\/v2\/categories?post=433248"},{"taxonomy":"post_tag","embeddable":true,"href":"https:\/\/notinor.com\/jujuy\/wp-json\/wp\/v2\/tags?post=433248"}],"curies":[{"name":"wp","href":"https:\/\/api.w.org\/{rel}","templated":true}]}}