{"id":433232,"date":"2025-09-18T21:08:00","date_gmt":"2025-09-19T00:08:00","guid":{"rendered":"https:\/\/notinor.com\/jujuy\/?p=433232"},"modified":"2025-09-18T09:08:52","modified_gmt":"2025-09-18T09:08:52","slug":"concejales-reconocieron-al-periodista-omar-daje","status":"publish","type":"post","link":"https:\/\/notinor.com\/jujuy\/concejales-reconocieron-al-periodista-omar-daje\/","title":{"rendered":"Concejales reconocieron al periodista Omar Daje"},"content":{"rendered":"\n<p class=\"has-medium-font-size\"><strong><em>En el marco de los reconocimientos otorgados por el Concejo Deliberante por el D\u00eda del Periodista, durante el mes de junio, el reconocido periodista Omar Daje recibi\u00f3 esta ma\u00f1ana una placa conmemorativa por su importante trayectoria en el medio<\/em><\/strong>.<\/p>\n\n\n<div class=\"wp-block-image\">\n<figure class=\"aligncenter size-large\"><img decoding=\"async\" loading=\"lazy\" width=\"721\" height=\"480\" src=\"https:\/\/notinor.com\/jujuy\/wp-content\/uploads\/2025\/09\/RECONOCIMIENTO-6-721x480.jpg\" alt=\"\" class=\"wp-image-433233\" srcset=\"https:\/\/notinor.com\/jujuy\/wp-content\/uploads\/2025\/09\/RECONOCIMIENTO-6-721x480.jpg 721w, https:\/\/notinor.com\/jujuy\/wp-content\/uploads\/2025\/09\/RECONOCIMIENTO-6-549x365.jpg 549w, https:\/\/notinor.com\/jujuy\/wp-content\/uploads\/2025\/09\/RECONOCIMIENTO-6.jpg 750w\" sizes=\"(max-width: 721px) 100vw, 721px\" \/><\/figure><\/div>\n\n\n<p>La ceremonia se desarroll\u00f3 en la sala de reuniones del cuerpo parlamentario y cont\u00f3 con la presencia del presidente de la instituci\u00f3n, <strong>Lisandro Aguiar,<\/strong> acompa\u00f1ado por los ediles <strong>Leandro Giubergia<\/strong>, <strong>N\u00e9stor Barrios<\/strong>,<strong> Mario Lobo<\/strong>, <strong>Mar\u00eda Gal\u00e1n<\/strong> y <strong>Melisa Silva<\/strong>.<\/p>\n\n\n<div class=\"wp-block-image\">\n<figure class=\"aligncenter size-large\"><img decoding=\"async\" loading=\"lazy\" width=\"721\" height=\"480\" src=\"https:\/\/notinor.com\/jujuy\/wp-content\/uploads\/2025\/09\/RECONOCIMIENTO1-4-721x480.jpg\" alt=\"\" class=\"wp-image-433237\" srcset=\"https:\/\/notinor.com\/jujuy\/wp-content\/uploads\/2025\/09\/RECONOCIMIENTO1-4-721x480.jpg 721w, https:\/\/notinor.com\/jujuy\/wp-content\/uploads\/2025\/09\/RECONOCIMIENTO1-4-549x365.jpg 549w, https:\/\/notinor.com\/jujuy\/wp-content\/uploads\/2025\/09\/RECONOCIMIENTO1-4.jpg 750w\" sizes=\"(max-width: 721px) 100vw, 721px\" \/><\/figure><\/div>\n\n\n<p>En ese marco, el presidente del concejo deliberante, Lisandro Aguiar, manifest\u00f3: \"Son periodistas que estamos reconociendo en el \u00e1mbito de nuestra ciudad y que tienen una trayectoria de muchos a\u00f1os que adem\u00e1s generan permanentemente a trav\u00e9s de esa empat\u00eda en el noticioso cada noche, una afinidad con los vecinos de San Salvador de Jujuy, que se ve, adem\u00e1s, en la calle cuando Omar transita la ciudad, c\u00f3mo se acercan a saludarlo o de alguna manera acompa\u00f1arlo\".<\/p>\n\n\n<div class=\"wp-block-image\">\n<figure class=\"aligncenter size-large\"><img decoding=\"async\" loading=\"lazy\" width=\"721\" height=\"480\" src=\"https:\/\/notinor.com\/jujuy\/wp-content\/uploads\/2025\/09\/RECONOCIMIENTO1-5-721x480.jpg\" alt=\"\" class=\"wp-image-433238\" srcset=\"https:\/\/notinor.com\/jujuy\/wp-content\/uploads\/2025\/09\/RECONOCIMIENTO1-5-721x480.jpg 721w, https:\/\/notinor.com\/jujuy\/wp-content\/uploads\/2025\/09\/RECONOCIMIENTO1-5-549x365.jpg 549w, https:\/\/notinor.com\/jujuy\/wp-content\/uploads\/2025\/09\/RECONOCIMIENTO1-5.jpg 750w\" sizes=\"(max-width: 721px) 100vw, 721px\" \/><\/figure><\/div>\n\n\n<p>En ese sentido, Aguiar a\u00f1adi\u00f3: \"<strong>El concejo deliberante de alguna manera quer\u00eda tambi\u00e9n acompa\u00f1ar esta trayectoria que tiene en uno de los medios m\u00e1s importante de la provincia de Jujuy<\/strong>, trabajando con dedicaci\u00f3n y mucho esfuerzo, pero sobre todo con mucha responsabilidad en el ejercicio de esta profesi\u00f3n tan importante para el sistema democr\u00e1tico de la Rep\u00fablica Argentina. As\u00ed que para m\u00ed es un verdadero gusto y un honor haberlo recibido ac\u00e1 en el concejo deliberante, entregarle este mimo que hace la ciudad de San Salvador de Jujuy y el Concejo Deliberante a su persona, y a trav\u00e9s de \u00e9l, a todos los periodistas que abrazan esta profesi\u00f3n con dedicaci\u00f3n, amor y por supuesto mucha responsabilidad a la hora de ejercerla\".<\/p>\n\n\n<div class=\"wp-block-image\">\n<figure class=\"aligncenter size-large\"><img decoding=\"async\" loading=\"lazy\" width=\"721\" height=\"480\" src=\"https:\/\/notinor.com\/jujuy\/wp-content\/uploads\/2025\/09\/RECONOCIMIENTO1-6-721x480.jpg\" alt=\"\" class=\"wp-image-433239\" srcset=\"https:\/\/notinor.com\/jujuy\/wp-content\/uploads\/2025\/09\/RECONOCIMIENTO1-6-721x480.jpg 721w, https:\/\/notinor.com\/jujuy\/wp-content\/uploads\/2025\/09\/RECONOCIMIENTO1-6-549x365.jpg 549w, https:\/\/notinor.com\/jujuy\/wp-content\/uploads\/2025\/09\/RECONOCIMIENTO1-6.jpg 750w\" sizes=\"(max-width: 721px) 100vw, 721px\" \/><\/figure><\/div>\n\n\n<p>Por su parte,<strong> Omar Daje<\/strong>, declar\u00f3: \"Antes que nada gracias a los colegas, amigos, tantos a\u00f1os trabajando juntos recordando el trabajo en el concejo en la Ram\u00edrez de Velazco, en&nbsp;la Gral. Paz, ahora ac\u00e1, con mucha gente que trabaj\u00e9 en esos momentos. La verdad que muy emocionado por las palabras de los concejales, con todos me un\u00eda alguna relaci\u00f3n amistosa, laboral, de compartir cosas, as\u00ed que muy emocionado y como dije, para m\u00ed es grato hoy estar ac\u00e1 hablando del periodismo, la responsabilidad que tenemos ante la sociedad de informar, as\u00ed como los concejales tienen la responsabilidad de responder a la sociedad, nosotros la responsabilidad de informar con la verdad, as\u00ed que esto realmente me halaga\".<\/p>\n\n\n<div class=\"wp-block-image\">\n<figure class=\"aligncenter size-large\"><img decoding=\"async\" loading=\"lazy\" width=\"721\" height=\"480\" src=\"https:\/\/notinor.com\/jujuy\/wp-content\/uploads\/2025\/09\/RECONOCIMIENTO1-7-721x480.jpg\" alt=\"\" class=\"wp-image-433240\" srcset=\"https:\/\/notinor.com\/jujuy\/wp-content\/uploads\/2025\/09\/RECONOCIMIENTO1-7-721x480.jpg 721w, https:\/\/notinor.com\/jujuy\/wp-content\/uploads\/2025\/09\/RECONOCIMIENTO1-7-549x365.jpg 549w, https:\/\/notinor.com\/jujuy\/wp-content\/uploads\/2025\/09\/RECONOCIMIENTO1-7.jpg 750w\" sizes=\"(max-width: 721px) 100vw, 721px\" \/><\/figure><\/div>\n\n\n<p>Respecto a la mirada sobre el rol del periodismo en la actualidad, Daje explic\u00f3 que: \"es una \u00e9poca de violencia, odio, de que por ah\u00ed se mezcla mucho la pol\u00edtica con la necesidad de la gente, uno como periodista ha recorrido mucho tiempo los comedores, los hospitales, las escuelas, diferentes lugares y sabemos las necesidades. En ese sentido, as\u00ed como los funcionarios gobiernan para todos y para todas las clases sociales, los periodistas tenemos que ser para todos, para la gente m\u00e1s necesitada, los humildes, para todos los sectores, tenemos que informar de la misma manera, con objetividad y con la verdad\", resalt\u00f3.<\/p>\n\n\n<div class=\"wp-block-image\">\n<figure class=\"aligncenter size-large\"><img decoding=\"async\" loading=\"lazy\" width=\"720\" height=\"480\" src=\"https:\/\/notinor.com\/jujuy\/wp-content\/uploads\/2025\/09\/RECONOCIMIENTO1-8-720x480.jpg\" alt=\"\" class=\"wp-image-433241\" srcset=\"https:\/\/notinor.com\/jujuy\/wp-content\/uploads\/2025\/09\/RECONOCIMIENTO1-8-720x480.jpg 720w, https:\/\/notinor.com\/jujuy\/wp-content\/uploads\/2025\/09\/RECONOCIMIENTO1-8-548x365.jpg 548w, https:\/\/notinor.com\/jujuy\/wp-content\/uploads\/2025\/09\/RECONOCIMIENTO1-8-768x512.jpg 768w, https:\/\/notinor.com\/jujuy\/wp-content\/uploads\/2025\/09\/RECONOCIMIENTO1-8-1536x1024.jpg 1536w, https:\/\/notinor.com\/jujuy\/wp-content\/uploads\/2025\/09\/RECONOCIMIENTO1-8-2048x1365.jpg 2048w, https:\/\/notinor.com\/jujuy\/wp-content\/uploads\/2025\/09\/RECONOCIMIENTO1-8-750x500.jpg 750w, https:\/\/notinor.com\/jujuy\/wp-content\/uploads\/2025\/09\/RECONOCIMIENTO1-8-1140x760.jpg 1140w\" sizes=\"(max-width: 720px) 100vw, 720px\" \/><\/figure><\/div>\n\n\n<p>Por \u00faltimo, el periodista de canal 7, destac\u00f3 que: \"Ser periodista no es f\u00e1cil, por ah\u00ed cuando empezas es una profesi\u00f3n dura, principalmente en el tema econ\u00f3mico, es muy dif\u00edcil llegar, por eso tambi\u00e9n se lo dedico a todos los chicos periodistas que trabajan en un medio chico y que, por ah\u00ed, hoy que hablamos de los \u00edndices de pobreza, no llegan a cubrir lo que es la canasta b\u00e1sica y esas son cosas que se deber\u00edan revertir como en muchas otras. Se lo dedico a la familia, a los colegas y a la gente que nos sigue durante tantos a\u00f1os, es una profesi\u00f3n muy linda y te deja muchas cosas\", finaliz\u00f3.<\/p>\n\n\n<div class=\"wp-block-image\">\n<figure class=\"aligncenter size-large\"><img decoding=\"async\" loading=\"lazy\" width=\"721\" height=\"480\" src=\"https:\/\/notinor.com\/jujuy\/wp-content\/uploads\/2025\/09\/RECONOCIMIENTO1-9-721x480.jpg\" alt=\"\" class=\"wp-image-433242\" srcset=\"https:\/\/notinor.com\/jujuy\/wp-content\/uploads\/2025\/09\/RECONOCIMIENTO1-9-721x480.jpg 721w, https:\/\/notinor.com\/jujuy\/wp-content\/uploads\/2025\/09\/RECONOCIMIENTO1-9-549x365.jpg 549w, https:\/\/notinor.com\/jujuy\/wp-content\/uploads\/2025\/09\/RECONOCIMIENTO1-9.jpg 750w\" sizes=\"(max-width: 721px) 100vw, 721px\" \/><\/figure><\/div>\n\n\n<p>Omar Daje se recibi\u00f3 como comunicador en el a\u00f1o 1992 en la ciudad de C\u00f3rdoba, en 1994 incursion\u00f3 en periodismo deportivo, trabaj\u00f3 en canal 4 y actualmente cumple funciones como movilero, presentador, conductor, productor y edici\u00f3n en Radio Visi\u00f3n Jujuy.<\/p>\n\n\n\n<p>--<\/p>\n\n\n\n<p>Nota Audiovisual:&nbsp;<a href=\"https:\/\/youtu.be\/M_RXuyXq1CY\" target=\"_blank\" rel=\"noreferrer noopener\">https:\/\/youtu.be\/M_RXuyXq1CY<\/a><\/p>\n","protected":false},"excerpt":{"rendered":"<p>En el marco de los reconocimientos otorgados por el Concejo Deliberante por el D\u00eda del Periodista, durante el mes de junio, el reconocido periodista Omar Daje recibi\u00f3 esta ma\u00f1ana una placa conmemorativa por su importante trayectoria en el medio. La ceremonia se desarroll\u00f3 en la sala de reuniones del cuerpo parlamentario y cont\u00f3 con la [&hellip;]<\/p>\n","protected":false},"author":5,"featured_media":433233,"comment_status":"open","ping_status":"open","sticky":false,"template":"","format":"standard","meta":{"_stopmodifiedupdate":false,"_modified_date":"","inline_featured_image":false,"spay_email":"","jetpack_publicize_message":""},"categories":[13],"tags":[],"jetpack_featured_media_url":"https:\/\/notinor.com\/jujuy\/wp-content\/uploads\/2025\/09\/RECONOCIMIENTO-6.jpg","jetpack_publicize_connections":[],"_links":{"self":[{"href":"https:\/\/notinor.com\/jujuy\/wp-json\/wp\/v2\/posts\/433232"}],"collection":[{"href":"https:\/\/notinor.com\/jujuy\/wp-json\/wp\/v2\/posts"}],"about":[{"href":"https:\/\/notinor.com\/jujuy\/wp-json\/wp\/v2\/types\/post"}],"author":[{"embeddable":true,"href":"https:\/\/notinor.com\/jujuy\/wp-json\/wp\/v2\/users\/5"}],"replies":[{"embeddable":true,"href":"https:\/\/notinor.com\/jujuy\/wp-json\/wp\/v2\/comments?post=433232"}],"version-history":[{"count":3,"href":"https:\/\/notinor.com\/jujuy\/wp-json\/wp\/v2\/posts\/433232\/revisions"}],"predecessor-version":[{"id":433234,"href":"https:\/\/notinor.com\/jujuy\/wp-json\/wp\/v2\/posts\/433232\/revisions\/433234"}],"wp:featuredmedia":[{"embeddable":true,"href":"https:\/\/notinor.com\/jujuy\/wp-json\/wp\/v2\/media\/433233"}],"wp:attachment":[{"href":"https:\/\/notinor.com\/jujuy\/wp-json\/wp\/v2\/media?parent=433232"}],"wp:term":[{"taxonomy":"category","embeddable":true,"href":"https:\/\/notinor.com\/jujuy\/wp-json\/wp\/v2\/categories?post=433232"},{"taxonomy":"post_tag","embeddable":true,"href":"https:\/\/notinor.com\/jujuy\/wp-json\/wp\/v2\/tags?post=433232"}],"curies":[{"name":"wp","href":"https:\/\/api.w.org\/{rel}","templated":true}]}}