{"id":433227,"date":"2025-09-19T00:52:41","date_gmt":"2025-09-19T03:52:41","guid":{"rendered":"https:\/\/notinor.com\/jujuy\/?p=433227"},"modified":"2025-09-19T00:52:43","modified_gmt":"2025-09-19T03:52:43","slug":"fne-2025-confirmaron-el-asueto-escolar-los-dias-jueves-25-y-viernes-26-para-todos-los-niveles","status":"publish","type":"post","link":"https:\/\/notinor.com\/jujuy\/fne-2025-confirmaron-el-asueto-escolar-los-dias-jueves-25-y-viernes-26-para-todos-los-niveles\/","title":{"rendered":"FNE 2025: confirmaron el asueto\u00a0escolar los d\u00edas jueves 25 y viernes 26 para todos los niveles"},"content":{"rendered":"\n<p class=\"has-medium-font-size\"><strong><em>El Ministerio de Educaci\u00f3n confirm\u00f3 que el jueves y viernes de la semana entrante, habr\u00e1 asueto para todos los niveles por la FNE 2025.<\/em><\/strong><\/p>\n\n\n\n<p><\/p>\n\n\n<div class=\"wp-block-image\">\n<figure class=\"aligncenter size-full\"><img decoding=\"async\" loading=\"lazy\" width=\"800\" height=\"450\" src=\"https:\/\/notinor.com\/jujuy\/wp-content\/uploads\/2024\/11\/aula-vacia.jpg\" alt=\"\" class=\"wp-image-418817\" srcset=\"https:\/\/notinor.com\/jujuy\/wp-content\/uploads\/2024\/11\/aula-vacia.jpg 800w, https:\/\/notinor.com\/jujuy\/wp-content\/uploads\/2024\/11\/aula-vacia-649x365.jpg 649w, https:\/\/notinor.com\/jujuy\/wp-content\/uploads\/2024\/11\/aula-vacia-500x280.jpg 500w, https:\/\/notinor.com\/jujuy\/wp-content\/uploads\/2024\/11\/aula-vacia-768x432.jpg 768w, https:\/\/notinor.com\/jujuy\/wp-content\/uploads\/2024\/11\/aula-vacia-750x422.jpg 750w\" sizes=\"(max-width: 800px) 100vw, 800px\" \/><\/figure><\/div>\n\n\n<p><\/p>\n\n\n\n<p>En el marco de la 74\u00b0 Edici\u00f3n de la Fiesta Nacional de los Estudiantes (FNE 2025), que se lleva a cabo del 17 al 27 de septiembre de 2025, el Ministerio de Educaci\u00f3n de Jujuy comunic\u00f3 c\u00f3mo ser\u00e1 el cronograma de actividades para los diferentes niveles educativos.<\/p>\n\n\n\n<p><strong>Seg\u00fan lo dispuesto en una Resoluci\u00f3n oficial, se determin\u00f3 que habr\u00e1 asueto escolar para todos los niveles los d\u00edas jueves 25 y viernes 26 de septiembre.<\/strong><\/p>\n\n\n\n<p><strong>La medida busca facilitar la participaci\u00f3n de estudiantes, docentes y familias en las actividades programadas para el cierre de la tradicional celebraci\u00f3n<\/strong> que incluye desfiles, espect\u00e1culos y la elecci\u00f3n de la Representante Nacional de los Estudiantes.<\/p>\n","protected":false},"excerpt":{"rendered":"<p>El Ministerio de Educaci\u00f3n confirm\u00f3 que el jueves y viernes de la semana entrante, habr\u00e1 asueto para todos los niveles por la FNE 2025. En el marco de la 74\u00b0 Edici\u00f3n de la Fiesta Nacional de los Estudiantes (FNE 2025), que se lleva a cabo del 17 al 27 de septiembre de 2025, el Ministerio [&hellip;]<\/p>\n","protected":false},"author":49,"featured_media":418817,"comment_status":"open","ping_status":"open","sticky":false,"template":"","format":"standard","meta":{"_stopmodifiedupdate":false,"_modified_date":"","inline_featured_image":false,"spay_email":"","jetpack_publicize_message":""},"categories":[2,594,514],"tags":[],"jetpack_featured_media_url":"https:\/\/notinor.com\/jujuy\/wp-content\/uploads\/2024\/11\/aula-vacia.jpg","jetpack_publicize_connections":[],"_links":{"self":[{"href":"https:\/\/notinor.com\/jujuy\/wp-json\/wp\/v2\/posts\/433227"}],"collection":[{"href":"https:\/\/notinor.com\/jujuy\/wp-json\/wp\/v2\/posts"}],"about":[{"href":"https:\/\/notinor.com\/jujuy\/wp-json\/wp\/v2\/types\/post"}],"author":[{"embeddable":true,"href":"https:\/\/notinor.com\/jujuy\/wp-json\/wp\/v2\/users\/49"}],"replies":[{"embeddable":true,"href":"https:\/\/notinor.com\/jujuy\/wp-json\/wp\/v2\/comments?post=433227"}],"version-history":[{"count":1,"href":"https:\/\/notinor.com\/jujuy\/wp-json\/wp\/v2\/posts\/433227\/revisions"}],"predecessor-version":[{"id":433228,"href":"https:\/\/notinor.com\/jujuy\/wp-json\/wp\/v2\/posts\/433227\/revisions\/433228"}],"wp:featuredmedia":[{"embeddable":true,"href":"https:\/\/notinor.com\/jujuy\/wp-json\/wp\/v2\/media\/418817"}],"wp:attachment":[{"href":"https:\/\/notinor.com\/jujuy\/wp-json\/wp\/v2\/media?parent=433227"}],"wp:term":[{"taxonomy":"category","embeddable":true,"href":"https:\/\/notinor.com\/jujuy\/wp-json\/wp\/v2\/categories?post=433227"},{"taxonomy":"post_tag","embeddable":true,"href":"https:\/\/notinor.com\/jujuy\/wp-json\/wp\/v2\/tags?post=433227"}],"curies":[{"name":"wp","href":"https:\/\/api.w.org\/{rel}","templated":true}]}}