{"id":433224,"date":"2025-09-18T23:18:37","date_gmt":"2025-09-19T02:18:37","guid":{"rendered":"https:\/\/notinor.com\/jujuy\/?p=433224"},"modified":"2025-09-18T23:18:39","modified_gmt":"2025-09-19T02:18:39","slug":"fne-2025-se-vive-a-pleno-el-primer-desfile-de-carrozas-en-ciudad-cultural-con-el-grupo-a","status":"publish","type":"post","link":"https:\/\/notinor.com\/jujuy\/fne-2025-se-vive-a-pleno-el-primer-desfile-de-carrozas-en-ciudad-cultural-con-el-grupo-a\/","title":{"rendered":"FNE 2025: se vive a pleno el primer desfile de carrozas en Ciudad Cultural con el Grupo A"},"content":{"rendered":"\n<p class=\"has-medium-font-size\"><strong><em>Este jueves 18 de septiembre arrancan los desfiles de carrozas con el Grupo A en la FNE 2025.<\/em><\/strong><\/p>\n\n\n\n<p><\/p>\n\n\n<div class=\"wp-block-image\">\n<figure class=\"aligncenter size-full\"><img decoding=\"async\" loading=\"lazy\" width=\"800\" height=\"450\" src=\"https:\/\/notinor.com\/jujuy\/wp-content\/uploads\/2025\/09\/desfile-de-carrozas-2025.jpg\" alt=\"\" class=\"wp-image-433225\" srcset=\"https:\/\/notinor.com\/jujuy\/wp-content\/uploads\/2025\/09\/desfile-de-carrozas-2025.jpg 800w, https:\/\/notinor.com\/jujuy\/wp-content\/uploads\/2025\/09\/desfile-de-carrozas-2025-649x365.jpg 649w, https:\/\/notinor.com\/jujuy\/wp-content\/uploads\/2025\/09\/desfile-de-carrozas-2025-500x280.jpg 500w, https:\/\/notinor.com\/jujuy\/wp-content\/uploads\/2025\/09\/desfile-de-carrozas-2025-768x432.jpg 768w, https:\/\/notinor.com\/jujuy\/wp-content\/uploads\/2025\/09\/desfile-de-carrozas-2025-750x422.jpg 750w\" sizes=\"(max-width: 800px) 100vw, 800px\" \/><\/figure><\/div>\n\n\n<p><\/p>\n\n\n\n<p>Este jueves 18 de septiembre desde las 20 horas en Ciudad Cultural, arrancan los desfiles de carrozas de la FNE 2025. Esta noche ser\u00e1 el turno del Grupo A, dentro de un programa general que incluye 80 carrozas divididas en 22 tradicionales, 11 t\u00e9cnicas y 47 carruajes.<\/p>\n\n\n\n<p>Los desfiles comienzan esta noche y se extender\u00e1n hasta el jueves 25, con jornadas simples y dobles, mientras que el s\u00e1bado 27 ser\u00e1 la entrega de premios.<\/p>\n","protected":false},"excerpt":{"rendered":"<p>Este jueves 18 de septiembre arrancan los desfiles de carrozas con el Grupo A en la FNE 2025. Este jueves 18 de septiembre desde las 20 horas en Ciudad Cultural, arrancan los desfiles de carrozas de la FNE 2025. Esta noche ser\u00e1 el turno del Grupo A, dentro de un programa general que incluye 80 [&hellip;]<\/p>\n","protected":false},"author":49,"featured_media":433225,"comment_status":"open","ping_status":"open","sticky":false,"template":"","format":"standard","meta":{"_stopmodifiedupdate":false,"_modified_date":"","inline_featured_image":false,"spay_email":"","jetpack_publicize_message":""},"categories":[2,594,514],"tags":[],"jetpack_featured_media_url":"https:\/\/notinor.com\/jujuy\/wp-content\/uploads\/2025\/09\/desfile-de-carrozas-2025.jpg","jetpack_publicize_connections":[],"_links":{"self":[{"href":"https:\/\/notinor.com\/jujuy\/wp-json\/wp\/v2\/posts\/433224"}],"collection":[{"href":"https:\/\/notinor.com\/jujuy\/wp-json\/wp\/v2\/posts"}],"about":[{"href":"https:\/\/notinor.com\/jujuy\/wp-json\/wp\/v2\/types\/post"}],"author":[{"embeddable":true,"href":"https:\/\/notinor.com\/jujuy\/wp-json\/wp\/v2\/users\/49"}],"replies":[{"embeddable":true,"href":"https:\/\/notinor.com\/jujuy\/wp-json\/wp\/v2\/comments?post=433224"}],"version-history":[{"count":1,"href":"https:\/\/notinor.com\/jujuy\/wp-json\/wp\/v2\/posts\/433224\/revisions"}],"predecessor-version":[{"id":433226,"href":"https:\/\/notinor.com\/jujuy\/wp-json\/wp\/v2\/posts\/433224\/revisions\/433226"}],"wp:featuredmedia":[{"embeddable":true,"href":"https:\/\/notinor.com\/jujuy\/wp-json\/wp\/v2\/media\/433225"}],"wp:attachment":[{"href":"https:\/\/notinor.com\/jujuy\/wp-json\/wp\/v2\/media?parent=433224"}],"wp:term":[{"taxonomy":"category","embeddable":true,"href":"https:\/\/notinor.com\/jujuy\/wp-json\/wp\/v2\/categories?post=433224"},{"taxonomy":"post_tag","embeddable":true,"href":"https:\/\/notinor.com\/jujuy\/wp-json\/wp\/v2\/tags?post=433224"}],"curies":[{"name":"wp","href":"https:\/\/api.w.org\/{rel}","templated":true}]}}