{"id":433219,"date":"2025-09-18T20:02:50","date_gmt":"2025-09-18T23:02:50","guid":{"rendered":"https:\/\/notinor.com\/jujuy\/?p=433219"},"modified":"2025-09-18T20:02:51","modified_gmt":"2025-09-18T23:02:51","slug":"contundente-rechazo-del-senado-al-veto-de-milei-al-reparto-de-atn-para-las-provincias","status":"publish","type":"post","link":"https:\/\/notinor.com\/jujuy\/contundente-rechazo-del-senado-al-veto-de-milei-al-reparto-de-atn-para-las-provincias\/","title":{"rendered":"Contundente rechazo del Senado al veto de Milei al reparto de ATN para las provincias"},"content":{"rendered":"\n<p class=\"has-medium-font-size\"><strong><em>Sobraron los dos tercios de los votos: 59 a favor, nueve en contra y tres abstenciones. El articulado habla de distribuci\u00f3n de recursos en \u201cforma diaria y autom\u00e1tica\u201d. La iniciativa original fue empujada por los 23 distritos y la Ciudad de Buenos Aires. La definici\u00f3n queda en manos de Diputados.<\/em><\/strong><\/p>\n\n\n\n<p><\/p>\n\n\n<div class=\"wp-block-image\">\n<figure class=\"aligncenter size-full\"><img decoding=\"async\" loading=\"lazy\" width=\"800\" height=\"450\" src=\"https:\/\/notinor.com\/jujuy\/wp-content\/uploads\/2025\/09\/senado-rechazo-al-veto-de-ATN.jpg\" alt=\"\" class=\"wp-image-433220\" srcset=\"https:\/\/notinor.com\/jujuy\/wp-content\/uploads\/2025\/09\/senado-rechazo-al-veto-de-ATN.jpg 800w, https:\/\/notinor.com\/jujuy\/wp-content\/uploads\/2025\/09\/senado-rechazo-al-veto-de-ATN-649x365.jpg 649w, https:\/\/notinor.com\/jujuy\/wp-content\/uploads\/2025\/09\/senado-rechazo-al-veto-de-ATN-500x280.jpg 500w, https:\/\/notinor.com\/jujuy\/wp-content\/uploads\/2025\/09\/senado-rechazo-al-veto-de-ATN-768x432.jpg 768w, https:\/\/notinor.com\/jujuy\/wp-content\/uploads\/2025\/09\/senado-rechazo-al-veto-de-ATN-750x422.jpg 750w\" sizes=\"(max-width: 800px) 100vw, 800px\" \/><\/figure><\/div>\n\n\n<p><\/p>\n\n\n\n<p><strong>Con un oficialismo sin posibilidad de defensa y una Casa Rosada que casi ni se movi\u00f3 de su postura original, la oposici\u00f3n senatorial rechaz\u00f3 esta tarde el veto presidencial a la ley que impone giros autom\u00e1ticos de Aportes del Tesoro Nacional (ATN) a las 23 provincias y la Ciudad de Buenos Aires. Sobraron los dos tercios de votos requeridos para la insistencia de la norma: 59 a favor, nueve en contra y tres abstenciones, y la definici\u00f3n queda ahora en manos de Diputados.<\/strong><\/p>\n\n\n\n<p><strong>En concreto, lo que se incorpora a la norma 11.672 -es la ley permanente de Presupuesto- es un art\u00edculo para que los \u201crecursos que correspondieren distribuir al r\u00e9gimen al Fondo de Aportes del Tesoro Nacional a las provincias\u201d en \u201cforma diaria y autom\u00e1tica\u201d, <\/strong>y todo lo que involucre a este \u00edtem ser\u00e1 \u201cconsiderado a cualquier efecto\u201d como integrante \u201cde la masa de fondos coparticipable\u201d. Es una monta\u00f1a de plata a repartirse entre todos los distritos, con la provincia de Buenos Aires -que comanda Axel Kicillof- primera en la fila.<\/p>\n\n\n\n<p>Desde el peronismo, los primeros en hacer uso de la palabra fueron el pampeano Pablo Bensus\u00e1n y el catamarque\u00f1o Guillermo Andrada. <strong>\u201cEste proyecto no altera el equilibrio fiscal, sino que pone los recursos donde corresponde, en las provincias. Ellas se hicieron cargo de la salud y de las obras de infraestructura que el gobierno nacional no hizo\u201d,<\/strong> asegur\u00f3 el primero. Y dispar\u00f3: \u201c\u00bfSaben cu\u00e1l es el remanente que viene acumulando el Gobierno Nacional de fondos de ATN no distribuidos? Un bill\u00f3n y medio de pesos\u201c.<\/p>\n\n\n\n<p>En tanto, Andrada apunt\u00f3 a los \u201ceconomistas que viven poco en Argentina\u201d y apunt\u00f3 a \u201ctres caracter\u00edsticas\u201d para observar el plan econ\u00f3mico del Ejecutivo. En esa l\u00ednea, detall\u00f3:<strong> \u201cSomos campeones mundiales de deuda y debemos d\u00f3lares todos los a\u00f1os. En segundo t\u00e9rmino, las importaciones, con una balanza comercial que empieza a cambiar. Y en nuestro pa\u00eds no se ahorra en moneda nacional, se intent\u00f3 sacar los d\u00f3lares del colch\u00f3n y, al final, le armaron un somier\u201d.<\/strong><\/p>\n\n\n\n<p>Por el radicalismo, el bonaerense Maximiliano Abad manifest\u00f3: \u201cCuando se dejan crecer los problemas, cada vez es m\u00e1s dif\u00edcil encontrar soluciones. Este Gobierno ha tenido tiempo de sobra para tomar decisiones acertadas, pero ha preferido evitar el di\u00e1logo y perpetuar los conflictos\u201d. Y agreg\u00f3: \u201cNo es lo mismo llegar al super\u00e1vit por una gesti\u00f3n eficiente, que licuando partidas necesarias para garantizar calidad de vida. Ponerle candado a la billetera no es gestionar con eficiencia\u201d.<\/p>\n\n\n\n<p>Despu\u00e9s de su reingreso al oficialismo, el formose\u00f1o Francisco Paoltroni dijo que el actual \u201csistema es autodestructivo desde la reforma -constitucional- del \u201894\u201d, ya que <strong>\u201cuno no alcanza a recuperarse y ya te quieren -en referencia a la oposici\u00f3n- ganar una elecci\u00f3n a toda costa, que es lo que m\u00e1s resultado les ha dado a todos, pero ac\u00e1 viajamos 46 millones de argentinos\u201d.<\/strong><\/p>\n\n\n\n<p>Por su parte, la otrora aliada libertaria y oscilante filo macrista Beatriz \u00c1vila -la tucumana fue compensada con la estrat\u00e9gica y fastuosa bicameral que regula la Biblioteca del Congreso- se\u00f1al\u00f3 que <strong>\u201cno se pude gobernar con DNU y vetos, no es la forma correcta\u201d. Seguido a ello, expres\u00f3 que \u201chab\u00eda un clima de consenso\u201d inicial con el Ejecutivo \u201cque hoy est\u00e1 quebrado\u201d, que \u201cel presidente no se habla con su vicepresidenta\u201d, y que \u201cla sociedad est\u00e1 hablando en las calles y en las urnas, y lo peor que un pol\u00edtico puede hacer es no escuchar\u201d.<\/strong><\/p>\n\n\n\n<p class=\"has-medium-font-size\"><strong>Cierres<\/strong><\/p>\n\n\n\n<p>La justicialista disidente y hasta hace poco ayudante oficialista -en algunas leyes- Alejandra Vigo (Provincias Unidas) sentenci\u00f3: <strong>\u201cAqu\u00ed no hay excusa, como el Presidente dice, que no hay que sacar esto por estar en pleno proceso electoral. No hay proceso electoral que valga\u201d. Seg\u00fan la legisladora cordobesa, \u201ces imposible gobernar si las provincias no tienen los recursos que tienen que tener, y que son quienes los generan\u201d.<\/strong><\/p>\n\n\n\n<p>El jefe de la Uni\u00f3n C\u00edvica Radical en el Senado, el correntino Eduardo Vischi -otro examigo del Ejecutivo-, remarc\u00f3 el \u201ccontrasentido\u201d de \u201cun presidente que pide -a gobernadores- arreglarse con lo que tienen y que gestionen bien\u201d, con un veto en debate con el que la Casa Rosada busc\u00f3 \u201cquedarse con recursos para luego asistir a provincias\u201d.<\/p>\n\n\n\n<p>Vischi a\u00f1adi\u00f3: <strong>\u201cSi hoy no tenemos un problema m\u00e1s grave de conflictos sociales, es porque los gobiernos provinciales est\u00e1n atendiendo problemas de salud, educaci\u00f3n, seguridad\u201d.<\/strong> Tambi\u00e9n habl\u00f3, con toda raz\u00f3n, del manejo \u201cinmoral\u201d de las \u00faltimas administraciones centrales a la hora de repartir los ATN.<\/p>\n\n\n\n<p>El titular del interbloque kirchnerista, Jos\u00e9 Mayans, aprovech\u00f3 el uso de la palabra para celebrar la reciente victoria en Buenos Aires. No s\u00f3lo eso: enfatiz\u00f3 que la estratega principal fue la condenada ex presidenta que, sin ninguna duda, maneja las bancadas de la C\u00e1mara alta y Diputados a control remoto y sin chistar.<\/p>\n\n\n\n<p><strong>Mayans despu\u00e9s denost\u00f3 la ley de gastos 2026 enviada por el Gobierno. \u201cEl presidente est\u00e1 trabajando mal y mand\u00f3 un presupuesto que ya est\u00e1 desactualizado, no sirve m\u00e1s. Todo lo que ah\u00ed dependa, se cay\u00f3\u201d. Y advirti\u00f3: \u201cNo se pasen de rosca\u201d.<\/strong><\/p>\n\n\n\n<p>El final estuvo a cargo del titular de La Libertad Avanza en el Senado, Ezequiel Atauche (Jujuy), quien indic\u00f3:<strong> \u201cDesarmar esta herramienta que no s\u00f3lo tiene el Ejecutivo, sino que sirve a provincias, tiene el riesgo de que cuando haya una emergencia, como sucedi\u00f3 este a\u00f1o, y que va a suceder dentro de poco porque ocurre c\u00edclicamente, los fondos no van a estar. Entonces, \u00bfqu\u00e9 va a pasar? \u00bfLos gobernadores se van a juntar en un asado a armar una vaquita? No lo veo\u201c.<\/strong><\/p>\n\n\n\n<p>\u201cSe parece cada vez m\u00e1s a una cancha de f\u00fatbol. Yo los he escuchado. Mantengan el respeto, pero entiendo que les cuesta la educaci\u00f3n, ser civilizados y gritan todo el d\u00eda\u201d, evalu\u00f3 Atauche, y remat\u00f3: \u201cHay un 10% m\u00e1s utilizado de los ATN de lo que se gast\u00f3 de 2003 en adelante. Desde aqu\u00ed para atr\u00e1s funcionaba, y ahora se acordaron que existen esos fondos. Como vieron la oportunidad, atacaron\u201d.<\/p>\n\n\n\n<p class=\"has-medium-font-size\"><strong>Detalle de la votaci\u00f3n<\/strong><\/p>\n\n\n\n<p><strong>Los 59 votos afirmativos vinieron del kirchnerismo, casi todo el radicalismo, una gran parte del Pro y los silvestres provinciales. En cambio, los nueve negativos fueron de los siete libertarios, y los macristas viol\u00e1ceos Carmen \u00c1lvarez Rivero y Luis Juez (C\u00f3rdoba).<\/strong><\/p>\n\n\n\n<p><strong>Fueron tres las abstenciones: los radicales mendocinos Mariana Juri y Rodolfo Suarez; y el titular del Pro en la C\u00e1mara alta, Alfredo De \u00c1ngeli (Entre R\u00edos).<\/strong> El \u00fanico ausente fue el experimentado peronista disidente Juan Carlos Romero (Provincias Unidas-Salta).<\/p>\n","protected":false},"excerpt":{"rendered":"<p>Sobraron los dos tercios de los votos: 59 a favor, nueve en contra y tres abstenciones. El articulado habla de distribuci\u00f3n de recursos en \u201cforma diaria y autom\u00e1tica\u201d. La iniciativa original fue empujada por los 23 distritos y la Ciudad de Buenos Aires. La definici\u00f3n queda en manos de Diputados. Con un oficialismo sin posibilidad [&hellip;]<\/p>\n","protected":false},"author":49,"featured_media":433220,"comment_status":"open","ping_status":"open","sticky":false,"template":"","format":"standard","meta":{"_stopmodifiedupdate":false,"_modified_date":"","inline_featured_image":false,"spay_email":"","jetpack_publicize_message":""},"categories":[2,501],"tags":[],"jetpack_featured_media_url":"https:\/\/notinor.com\/jujuy\/wp-content\/uploads\/2025\/09\/senado-rechazo-al-veto-de-ATN.jpg","jetpack_publicize_connections":[],"_links":{"self":[{"href":"https:\/\/notinor.com\/jujuy\/wp-json\/wp\/v2\/posts\/433219"}],"collection":[{"href":"https:\/\/notinor.com\/jujuy\/wp-json\/wp\/v2\/posts"}],"about":[{"href":"https:\/\/notinor.com\/jujuy\/wp-json\/wp\/v2\/types\/post"}],"author":[{"embeddable":true,"href":"https:\/\/notinor.com\/jujuy\/wp-json\/wp\/v2\/users\/49"}],"replies":[{"embeddable":true,"href":"https:\/\/notinor.com\/jujuy\/wp-json\/wp\/v2\/comments?post=433219"}],"version-history":[{"count":1,"href":"https:\/\/notinor.com\/jujuy\/wp-json\/wp\/v2\/posts\/433219\/revisions"}],"predecessor-version":[{"id":433221,"href":"https:\/\/notinor.com\/jujuy\/wp-json\/wp\/v2\/posts\/433219\/revisions\/433221"}],"wp:featuredmedia":[{"embeddable":true,"href":"https:\/\/notinor.com\/jujuy\/wp-json\/wp\/v2\/media\/433220"}],"wp:attachment":[{"href":"https:\/\/notinor.com\/jujuy\/wp-json\/wp\/v2\/media?parent=433219"}],"wp:term":[{"taxonomy":"category","embeddable":true,"href":"https:\/\/notinor.com\/jujuy\/wp-json\/wp\/v2\/categories?post=433219"},{"taxonomy":"post_tag","embeddable":true,"href":"https:\/\/notinor.com\/jujuy\/wp-json\/wp\/v2\/tags?post=433219"}],"curies":[{"name":"wp","href":"https:\/\/api.w.org\/{rel}","templated":true}]}}