{"id":433209,"date":"2025-09-18T14:26:33","date_gmt":"2025-09-18T17:26:33","guid":{"rendered":"https:\/\/notinor.com\/jujuy\/?p=433209"},"modified":"2025-09-18T14:29:25","modified_gmt":"2025-09-18T17:29:25","slug":"un-nene-de-7-anos-murio-en-un-cumpleanos-en-solo-cinco-dias-ya-son-cuatro-los-menores-fallecidos-de-muerte-subita-en-cordoba","status":"publish","type":"post","link":"https:\/\/notinor.com\/jujuy\/un-nene-de-7-anos-murio-en-un-cumpleanos-en-solo-cinco-dias-ya-son-cuatro-los-menores-fallecidos-de-muerte-subita-en-cordoba\/","title":{"rendered":"Un nene de 7 a\u00f1os muri\u00f3 en un cumplea\u00f1os: en solo cinco d\u00edas ya son cuatro los menores fallecidos de muerte s\u00fabita en C\u00f3rdoba"},"content":{"rendered":"\n<p class=\"has-medium-font-size\"><strong><em>T<\/em>hian Toledo se sent\u00f3 de manera repentina en una silla y perdi\u00f3 el conocimiento. Su familia denunci\u00f3 que la ambulancia tard\u00f3 en llegar. Adem\u00e1s, un adolescente de 15 a\u00f1os perdi\u00f3 la vida mientras jugaba al truco en la escuela. Y otro dos se descompensaron mientras realizaban gimnasia y deportes<\/strong><\/p>\n\n\n\n<p class=\"has-text-align-center\"><img decoding=\"async\" loading=\"lazy\" height=\"1080\" width=\"1920\" src=\"https:\/\/www.infobae.com\/resizer\/v2\/4XO7ALBMZ5E3LKPBSNVCNXPEMM.jpg?auth=c5e7b673a446608c94abda0992276d1f7b45752ae82a06719f00f02aadf74744&amp;smart=true&amp;width=350&amp;height=197&amp;quality=85\" alt=\"Thian Toledo, el ni\u00f1o de\">Thian Toledo, el ni\u00f1o de 7 a\u00f1os que se descompens\u00f3 y muri\u00f3 durante un festejo de cumplea\u00f1os en R\u00edo Tercero, provincia de C\u00f3rdoba<\/p>\n\n\n\n<p>La tr\u00e1gica serie de&nbsp;<strong>cuatro muertes s\u00fabitas<\/strong>&nbsp;de menores, en apenas cinco d\u00edas, gener\u00f3 un profundo dolor e inquietud en la provincia de&nbsp;<strong>C\u00f3rdoba<\/strong>.<\/p>\n\n\n\n<p>El caso m\u00e1s preocupante ocurri\u00f3 en la comunidad escolar de&nbsp;<strong>Capilla de los Remedios<\/strong>&nbsp;tras la repentina muerte de&nbsp;<strong>Thian Toledo<\/strong>, un ni\u00f1o de 7 a\u00f1os que falleci\u00f3 durante un cumplea\u00f1os en el departamento&nbsp;<strong>R\u00edo Tercero<\/strong>.<\/p>\n\n\n\n<p>El lamentable hecho ocurri\u00f3 el lunes, alrededor de las 20 horas, mientras el menor jugaba con sus amigos. Seg\u00fan el relato de su madre, el nene se sent\u00f3 de manera repentina en una silla y, acto seguido,&nbsp;<strong>perdi\u00f3 el conocimiento<\/strong>.<\/p>\n\n\n\n<p>La t\u00eda abuela del menor,&nbsp;<strong>Ana Toledo<\/strong>, describi\u00f3 a&nbsp;<em>Cadena 3<\/em>&nbsp;la secuencia de los hechos:&nbsp;<strong>\u201cSupuestamente se hab\u00eda descompuesto, cay\u00f3 al suelo y estaba morado\u201d<\/strong>. La noticia de la muerte de&nbsp;<strong>Thian<\/strong>&nbsp;sumi\u00f3 a la familia en una profunda angustia, como relat\u00f3&nbsp;<strong>Ana Toledo<\/strong>:&nbsp;<strong>\u201cLlam\u00e9 a la madre y me dijo que el chiquito estaba muerto\u201d<\/strong>.<img decoding=\"async\" loading=\"lazy\" alt=\"Colecta solidaria para la familia\" height=\"3413\" src=\"https:\/\/www.infobae.com\/resizer\/v2\/V6NTQIFGJNCTZPKBN5FHRRF2ZM.jpg?auth=4fa833409b2a9b85cc63aaf9081395b6849e1400ad7d8da3c5c6af869e5e12b7&amp;smart=true&amp;width=350&amp;height=622&amp;quality=85\" width=\"1920\">Colecta solidaria para la familia Toledo<\/p>\n\n\n\n<p>La familia insisti\u00f3 en que el ni\u00f1o&nbsp;<strong>no presentaba antecedentes m\u00e9dicos<\/strong>&nbsp;que pudieran anticipar un desenlace de este tipo y, seg\u00fan la familia del menor fallecido, la ambulancia demor\u00f3 en llegar al lugar.<\/p>\n\n\n\n<p>El traslado de&nbsp;<strong>Thian<\/strong>&nbsp;al hospital local se realiz\u00f3 cuando ya presentaba signos vitales muy d\u00e9biles, seg\u00fan inform\u00f3 la Polic\u00eda. Una vez en el centro de salud, el menor sufri\u00f3 un paro cardiorrespiratorio. Los profesionales<strong>&nbsp;intentaron reanimarlo durante 45 minutos<\/strong>, pero los esfuerzos resultaron infructuosos.<\/p>\n\n\n\n<p>La&nbsp;<strong>Fiscal\u00eda de 2\u00ba turno<\/strong>&nbsp;dispuso la intervenci\u00f3n de la&nbsp;<strong>Polic\u00eda Judicial<\/strong>&nbsp;para esclarecer las circunstancias del fallecimiento. El cuerpo de&nbsp;<strong>Thian<\/strong>&nbsp;fue sometido a una autopsia y se aguardan los resultados oficiales para determinar la causa exacta de la muerte.<\/p>\n\n\n\n<p>En el contexto de este doloroso episodio, madres del colegio al que asist\u00eda&nbsp;<strong>Thian<\/strong>&nbsp;organizaron una colecta para colaborar con la familia en los gastos del sepelio.&nbsp;<strong>\u201cEst\u00e1n atravesando un momento de profundo dolor. Quienes deseen acompa\u00f1arlos pueden colaborar con los gastos\u201d<\/strong>, expresaron en un mensaje difundido a la comunidad.<\/p>\n\n\n\n<p><strong>Truco, f\u00fatbol y gimnasia: el caso de los tres adolescentes fallecidos<\/strong><\/p>\n\n\n\n<p>El caso m\u00e1s reciente involucr\u00f3 a&nbsp;<strong>Lautaro Maineri<\/strong>, un adolescente de 15 a\u00f1os que falleci\u00f3 tras descompensarse mientras jugaba al truco en la escuela&nbsp;<strong>Guarnici\u00f3n A\u00e9rea Ipet 251<\/strong>.<\/p>\n\n\n\n<p>Lautaro, quien se desempe\u00f1aba como arquero en el&nbsp;<strong>Club Atl\u00e9tico All Boys<\/strong>&nbsp;del barrio Rosedal, se desmay\u00f3 de manera repentina, lo que provoc\u00f3 alarma entre sus amigos y docentes.<\/p>\n\n\n\n<p class=\"has-text-align-center\"><img decoding=\"async\" loading=\"lazy\" height=\"1280\" width=\"1920\" src=\"https:\/\/www.infobae.com\/resizer\/v2\/BIXC6IHG2BBAPFUDPUGIXZCKIM.jpg?auth=2eee0e5246034b23939302536f6708662e8577fef196841af35ac49d97a7f5b8&amp;smart=true&amp;width=350&amp;height=233&amp;quality=85\" alt=\"Lautaro Maineri era arquero en\">Lautaro Maineri era arquero en un equipo de f\u00fatbol local<\/p>\n\n\n\n<p>El joven fue trasladado a la&nbsp;<strong>Cl\u00ednica V\u00e9lez Sarsfield<\/strong>, donde los m\u00e9dicos&nbsp;<strong>le detectaron un co\u00e1gulo en la cabeza en una zona inoperable<\/strong>. Fuentes m\u00e9dicas confirmaron que el menor se mantuvo en estado vegetativo hasta el momento de su muerte.<\/p>\n\n\n\n<p>El coordinador de f\u00fatbol,&nbsp;<strong>Gabriel Peralta<\/strong>, record\u00f3 que el domingo previo al tr\u00e1gico desenlace, lo vio durante un partido en la cancha de Juvenil de barrio Comercial. \u201cLo vimos bien, estaba bien, no presentaba ning\u00fan problema. Cuando termin\u00f3 el partido lo abrac\u00e9, le dije que hab\u00eda tenido un muy buen partido, nos abrazamos sin saber que iba a ser el \u00faltimo abrazo que le iba a dar\u201d, expres\u00f3 en di\u00e1logo con el programa<em>&nbsp;Arriba C\u00f3rdoba<\/em>.<\/p>\n\n\n\n<p>El presidente del&nbsp;<strong>Club All Boys<\/strong>,&nbsp;<strong>Marcelo Capdevila<\/strong>,record\u00f3 a Lautaro como \u201cun chico muy alegre, muy divertido, un chico que ven\u00eda a entrenar\u201d, y destac\u00f3 su compromiso con el deporte, ya que incluso entrenaba con el equipo femenino debido a la incompatibilidad de horarios con sus clases escolares.<\/p>\n\n\n\n<p><img decoding=\"async\" loading=\"lazy\" height=\"3220\" width=\"1920\" src=\"https:\/\/www.infobae.com\/resizer\/v2\/Y5W6GULSPJFPXGSMR274G6XE4I.jpg?auth=c738803f21ddb0faaa57528300c6e5709bb2292b87db5ebd1bc002fa87648ec0&amp;smart=true&amp;width=350&amp;height=587&amp;quality=85\" alt=\"El sentido homenaje del Club\">El sentido homenaje del Club Atl\u00e9tico All Boys, en donde Maineri atajaba<\/p>\n\n\n\n<p>Capdevila tambi\u00e9n se\u00f1al\u00f3 que el joven formaba parte del club desde hac\u00eda tres a\u00f1os y que&nbsp;<strong>todos los jugadores se someten a revisaciones m\u00e9dicas peri\u00f3dicas<\/strong>: \u201cTratamos de hacerlo con ellos porque s\u00e9 que lo hacen bien\u201d, asegur\u00f3.<\/p>\n\n\n\n<p>El fallecimiento del joven se sum\u00f3 a otros dos casos recientes en la provincia. Uno de ellos sucedi\u00f3 en el&nbsp;<strong>Club Atl\u00e9tico San Lorenzo<\/strong>, del barrio Las Flores.<\/p>\n\n\n\n<p>El joven de 13 a\u00f1os, que&nbsp;<strong>se encontraba practicando f\u00fatbol con sus compa\u00f1eros<\/strong>, sufri\u00f3 lo que ser\u00eda un episodio de muerte s\u00fabita. El hecho ocurri\u00f3 en la sede ubicada sobre la Avenida Concejal Felipe Belardinelli, generando profunda conmoci\u00f3n en toda la comunidad.Un nene de 13 a\u00f1os falleci\u00f3 durante una pr\u00e1ctica deportiva en el CASLA de C\u00f3rdoba (El Doce TV)<\/p>\n\n\n\n<p>Ante la emergencia,&nbsp;<strong>un docente del club intent\u00f3 reanimarlo mediante maniobras de RCP<\/strong>, mientras se daba aviso a los servicios de emergencia. Minutos m\u00e1s tarde, personal de salud y la Polic\u00eda conformaron un cord\u00f3n sanitario para trasladarlo de urgencia al hospital de ni\u00f1os.<\/p>\n\n\n\n<p>Pese a los esfuerzos realizados, los m\u00e9dicos confirmaron su fallecimiento, dejando un profundo dolor en su familia, amigos y entorno deportivo.<\/p>\n\n\n\n<p>El origen de esta nefasta seguidilla tuvo lugar en la ciudad cordobesa de&nbsp;<strong>Villa Carlos Paz,<\/strong>&nbsp;en donde otro adolescente de la misma edad que la v\u00edctima anterior sufri\u00f3 un episodio de&nbsp;<strong>muerte s\u00fabita mientras realizaba actividad f\u00edsica en una plaza del barrio Los Eucaliptos<\/strong>.<\/p>\n\n\n\n<p class=\"has-text-align-center\"><img decoding=\"async\" loading=\"lazy\" height=\"1080\" width=\"1920\" src=\"https:\/\/www.infobae.com\/resizer\/v2\/YOAG4MLQ3ZDXDPMHRE3D5LIQJY.jpg?auth=afc9e274bb10b1d1e07b2aa338a4cea34c6e6e2f1a1e8c9dc05648c83a9647d4&amp;smart=true&amp;width=350&amp;height=197&amp;quality=85\" alt=\"Ipem Arturo Illia de la\">Ipem Arturo Illia de la localidad de Punilla donde muri\u00f3 un chico de 13 a\u00f1os<\/p>\n\n\n\n<p>Fuentes policiales confirmaron a&nbsp;<strong>Infobae&nbsp;<\/strong>que el hecho tuvo lugar cerca de las 13.45, en una plaza ubicada sobre la calle Azopardo esquina Kant de B\u00b0. All\u00ed, el joven estaba en plena actividad f\u00edsica hasta que se descompens\u00f3, seg\u00fan la versi\u00f3n de una docente que se encontraba en el lugar.<\/p>\n\n\n\n<p>El medio local&nbsp;<em>La Nueva Ma\u00f1ana&nbsp;<\/em>afirm\u00f3 que el adolescente asist\u00eda al&nbsp;<strong>Ipem Arturo Illia de la localidad de Punilla<\/strong>, en Villa Carlos Paz. Y que, al momento de su descompensaci\u00f3n, se le realizaron maniobras de RCP.<\/p>\n\n\n\n<p>El adolescente fue trasladado de urgencia al&nbsp;<strong>Hospital Municipal Gumersindo Sayago<\/strong>, donde&nbsp;<strong>m\u00e9dicos constataron el deceso y determinaron que la causa fue muerte s\u00fabita<\/strong>. Personal policial intervino en la asistencia y en el posterior resguardo del lugar, mientras se iniciaron las actuaciones judiciales correspondientes.<\/p>\n\n\n\n<p>Fuentes vinculadas al caso informaron que la&nbsp;<strong>Fiscal\u00eda del Tercer Turno<\/strong>, a cargo de la&nbsp;<strong>doctora Jorgelina G\u00f3mez<\/strong>, qued\u00f3 al frente de la investigaci\u00f3n para esclarecer las circunstancias del deceso.<\/p>\n\n\n\n<p>Fuente Infobae<\/p>\n","protected":false},"excerpt":{"rendered":"<p>Thian Toledo se sent\u00f3 de manera repentina en una silla y perdi\u00f3 el conocimiento. Su familia denunci\u00f3 que la ambulancia tard\u00f3 en llegar. Adem\u00e1s, un adolescente de 15 a\u00f1os perdi\u00f3 la vida mientras jugaba al truco en la escuela. Y otro dos se descompensaron mientras realizaban gimnasia y deportes Thian Toledo, el ni\u00f1o de 7 [&hellip;]<\/p>\n","protected":false},"author":5,"featured_media":433210,"comment_status":"open","ping_status":"open","sticky":false,"template":"","format":"standard","meta":{"_stopmodifiedupdate":false,"_modified_date":"","inline_featured_image":false,"spay_email":"","jetpack_publicize_message":""},"categories":[5],"tags":[],"jetpack_featured_media_url":"https:\/\/notinor.com\/jujuy\/wp-content\/uploads\/2025\/09\/thiago-1.jpg","jetpack_publicize_connections":[],"_links":{"self":[{"href":"https:\/\/notinor.com\/jujuy\/wp-json\/wp\/v2\/posts\/433209"}],"collection":[{"href":"https:\/\/notinor.com\/jujuy\/wp-json\/wp\/v2\/posts"}],"about":[{"href":"https:\/\/notinor.com\/jujuy\/wp-json\/wp\/v2\/types\/post"}],"author":[{"embeddable":true,"href":"https:\/\/notinor.com\/jujuy\/wp-json\/wp\/v2\/users\/5"}],"replies":[{"embeddable":true,"href":"https:\/\/notinor.com\/jujuy\/wp-json\/wp\/v2\/comments?post=433209"}],"version-history":[{"count":2,"href":"https:\/\/notinor.com\/jujuy\/wp-json\/wp\/v2\/posts\/433209\/revisions"}],"predecessor-version":[{"id":433213,"href":"https:\/\/notinor.com\/jujuy\/wp-json\/wp\/v2\/posts\/433209\/revisions\/433213"}],"wp:featuredmedia":[{"embeddable":true,"href":"https:\/\/notinor.com\/jujuy\/wp-json\/wp\/v2\/media\/433210"}],"wp:attachment":[{"href":"https:\/\/notinor.com\/jujuy\/wp-json\/wp\/v2\/media?parent=433209"}],"wp:term":[{"taxonomy":"category","embeddable":true,"href":"https:\/\/notinor.com\/jujuy\/wp-json\/wp\/v2\/categories?post=433209"},{"taxonomy":"post_tag","embeddable":true,"href":"https:\/\/notinor.com\/jujuy\/wp-json\/wp\/v2\/tags?post=433209"}],"curies":[{"name":"wp","href":"https:\/\/api.w.org\/{rel}","templated":true}]}}