{"id":433191,"date":"2025-09-17T23:15:00","date_gmt":"2025-09-18T02:15:00","guid":{"rendered":"https:\/\/notinor.com\/jujuy\/?p=433191"},"modified":"2025-09-17T11:15:30","modified_gmt":"2025-09-17T11:15:30","slug":"capacitaciones-sobre-prevencion-del-suicidio-para-estudiantes","status":"publish","type":"post","link":"https:\/\/notinor.com\/jujuy\/capacitaciones-sobre-prevencion-del-suicidio-para-estudiantes\/","title":{"rendered":"Capacitaciones sobre prevenci\u00f3n del suicidio para estudiantes"},"content":{"rendered":"\n<p class=\"has-medium-font-size\"><strong><em>En un trabajo conjunto entre la Secretar\u00eda de Desarrollo Humano del Municipio Capitalino y el Ministerio de Educaci\u00f3n de la Provincia organizaron una reuni\u00f3n para la planificaci\u00f3n de una serie de charlas sobre la prevenci\u00f3n del suicidio con los delegados y subdelegados de los centros estudiantiles.<\/em><\/strong><\/p>\n\n\n<div class=\"wp-block-image\">\n<figure class=\"aligncenter\"><img decoding=\"async\" src=\"https:\/\/www.sansalvadordejujuy.gob.ar\/wp-content\/uploads\/2025\/09\/charla-delegados-1024x576.jpg\" alt=\"\" class=\"wp-image-93180\"\/><\/figure><\/div>\n\n\n<p>Sobre este tema, la subsecretaria Desarrollo Humano, <strong>Daniela Amerise<\/strong>, enfatiz\u00f3 la importancia de continuar con el trabajo y los aportes a todas las acciones que refuercen las pol\u00edticas Socioeducativas que implementa el Municipio y la Provincia, \u201cen esta ocasi\u00f3n trabajamos con los presidentes de los centros de estudiantes con una estrategia din\u00e1mica y participativa dise\u00f1ada por psic\u00f3logos formados para la prevenci\u00f3n del suicidio. Simult\u00e1neamente se abordar\u00e1n otros aspectos que ponen en vulnerabilidad a los j\u00f3venes y por \u00faltimo quiero agradecer a todos los profesionales por la convocatoria y en especial a la ministra Miriam Serrano y al secretario Julio Alarcon\u201d.<\/p>\n\n\n\n<p>Asimismo, <strong>Mariela Martin<\/strong>, integrante del Departamento de Salud Mental, explic\u00f3 que tuvieron una importante reuni\u00f3n con los integrantes de la Secretar\u00eda de Pol\u00edticas Socioeducativas para coordinar charlas y actividades sobre prevenci\u00f3n del suicidio para los delegados y subdelegados de los centros estudiantiles para que luego transmitan toda la informaci\u00f3n y la experiencia, \u201cestamos trabajando sobre los espacios de escucha con los integrantes del Programa Creer a cargo de David Quispe quienes son los que tienen contacto con alumnos\u201d.<\/p>\n\n\n<div class=\"wp-block-image\">\n<figure class=\"aligncenter\"><img decoding=\"async\" src=\"https:\/\/www.sansalvadordejujuy.gob.ar\/wp-content\/uploads\/2024\/12\/entrega-de-certificados-prevencion-suicidio-Prensa-muni-Jujuy-1-1024x639.jpg\" alt=\"\" class=\"wp-image-80547\"\/><\/figure><\/div>\n\n\n<p>Desde el Departamento de Salud Mental, indicaron que el objetivo de esta capacitaci\u00f3n es transmitir a todo el alumnado mediante los delegados de los centros estudiantiles los conocimientos para la prevenci\u00f3n del suicidio, \u201cbuscamos brindar charlas completas teniendo en cuenta que cosas de deben hacer y cosas no son recomendables en esta situaci\u00f3n tan compleja, tambi\u00e9n es muy importante identificar las se\u00f1ales de alarma, los factores de riesgo y los lugares para pedir ayuda, esperamos trabajar interactuando con los adolescentes para que luego difundan lo aprendido\u201d.<\/p>\n","protected":false},"excerpt":{"rendered":"<p>En un trabajo conjunto entre la Secretar\u00eda de Desarrollo Humano del Municipio Capitalino y el Ministerio de Educaci\u00f3n de la Provincia organizaron una reuni\u00f3n para la planificaci\u00f3n de una serie de charlas sobre la prevenci\u00f3n del suicidio con los delegados y subdelegados de los centros estudiantiles. Sobre este tema, la subsecretaria Desarrollo Humano, Daniela Amerise, [&hellip;]<\/p>\n","protected":false},"author":5,"featured_media":433192,"comment_status":"open","ping_status":"open","sticky":false,"template":"","format":"standard","meta":{"_stopmodifiedupdate":false,"_modified_date":"","inline_featured_image":false,"spay_email":"","jetpack_publicize_message":""},"categories":[13],"tags":[],"jetpack_featured_media_url":"https:\/\/notinor.com\/jujuy\/wp-content\/uploads\/2025\/09\/charla-1.jpg","jetpack_publicize_connections":[],"_links":{"self":[{"href":"https:\/\/notinor.com\/jujuy\/wp-json\/wp\/v2\/posts\/433191"}],"collection":[{"href":"https:\/\/notinor.com\/jujuy\/wp-json\/wp\/v2\/posts"}],"about":[{"href":"https:\/\/notinor.com\/jujuy\/wp-json\/wp\/v2\/types\/post"}],"author":[{"embeddable":true,"href":"https:\/\/notinor.com\/jujuy\/wp-json\/wp\/v2\/users\/5"}],"replies":[{"embeddable":true,"href":"https:\/\/notinor.com\/jujuy\/wp-json\/wp\/v2\/comments?post=433191"}],"version-history":[{"count":1,"href":"https:\/\/notinor.com\/jujuy\/wp-json\/wp\/v2\/posts\/433191\/revisions"}],"predecessor-version":[{"id":433193,"href":"https:\/\/notinor.com\/jujuy\/wp-json\/wp\/v2\/posts\/433191\/revisions\/433193"}],"wp:featuredmedia":[{"embeddable":true,"href":"https:\/\/notinor.com\/jujuy\/wp-json\/wp\/v2\/media\/433192"}],"wp:attachment":[{"href":"https:\/\/notinor.com\/jujuy\/wp-json\/wp\/v2\/media?parent=433191"}],"wp:term":[{"taxonomy":"category","embeddable":true,"href":"https:\/\/notinor.com\/jujuy\/wp-json\/wp\/v2\/categories?post=433191"},{"taxonomy":"post_tag","embeddable":true,"href":"https:\/\/notinor.com\/jujuy\/wp-json\/wp\/v2\/tags?post=433191"}],"curies":[{"name":"wp","href":"https:\/\/api.w.org\/{rel}","templated":true}]}}