{"id":433189,"date":"2025-09-17T23:01:00","date_gmt":"2025-09-18T02:01:00","guid":{"rendered":"https:\/\/notinor.com\/jujuy\/?p=433189"},"modified":"2025-09-17T11:01:45","modified_gmt":"2025-09-17T11:01:45","slug":"dispositivos-de-transito-por-los-desfiles-de-la-fiesta-nacional-de-los-estudiantes-2","status":"publish","type":"post","link":"https:\/\/notinor.com\/jujuy\/dispositivos-de-transito-por-los-desfiles-de-la-fiesta-nacional-de-los-estudiantes-2\/","title":{"rendered":"Dispositivos de tr\u00e1nsito por los desfiles de la Fiesta Nacional de los Estudiantes"},"content":{"rendered":"\n<p class=\"has-medium-font-size\"><strong><em>Con el inicio del traslado de carrozas hacia Ciudad Cultural y en el marco de la Fiesta Nacional de los Estudiantes, la Direcci\u00f3n de Tr\u00e1nsito y Transporte de la Municipalidad de San Salvador de Jujuy implementa un amplio operativo de seguridad vial que incluye cortes de calles, desv\u00edos de transporte p\u00fablico, restricciones de estacionamiento e ingresos controlados al barrio Alto Padilla.<\/em><\/strong><\/p>\n\n\n<div class=\"wp-block-image\">\n<figure class=\"aligncenter size-full\"><img decoding=\"async\" loading=\"lazy\" width=\"836\" height=\"472\" src=\"https:\/\/notinor.com\/jujuy\/wp-content\/uploads\/2025\/09\/CARROZA.jpg\" alt=\"\" class=\"wp-image-433044\" srcset=\"https:\/\/notinor.com\/jujuy\/wp-content\/uploads\/2025\/09\/CARROZA.jpg 836w, https:\/\/notinor.com\/jujuy\/wp-content\/uploads\/2025\/09\/CARROZA-646x365.jpg 646w, https:\/\/notinor.com\/jujuy\/wp-content\/uploads\/2025\/09\/CARROZA-768x434.jpg 768w, https:\/\/notinor.com\/jujuy\/wp-content\/uploads\/2025\/09\/CARROZA-750x423.jpg 750w\" sizes=\"(max-width: 836px) 100vw, 836px\" \/><figcaption class=\"wp-element-caption\">Desfile de carrozas<\/figcaption><\/figure><\/div>\n\n\n<p>El director de Tr\u00e1nsito y Transporte, Fernando Fr\u00edas, explic\u00f3 el alcance del operativo que se lleva adelante. \u201cComenzamos este martes 16 con el traslado de las diferentes carrozas tanto de San Salvador como del interior. El operativo inici\u00f3 a partir de las 9 de la ma\u00f1ana y culmin\u00f3 a las 19 con el traslado de 45 carrozas, las restantes est\u00e1n siendo trasladadas en estos momentos. Hasta ahora ingresaron 12 y 8 est\u00e1n en camino, y se extender\u00e1 hasta las 16 de hoy, mi\u00e9rcoles 17\u201d, detall\u00f3.<\/p>\n\n\n\n<p>Asimismo, remarc\u00f3 que \u201ces un servicio de los m\u00e1s importantes que tenemos en el transcurso del a\u00f1o desde la Direcci\u00f3n de Tr\u00e1nsito. En este a\u00f1o se afectaron 45 motocicletas que est\u00e1n acompa\u00f1ando a cada uno de los establecimientos. Se realiz\u00f3 un cronograma de traslados, se viene trabajando hace tres semanas, con horarios y designaci\u00f3n de lugares por donde van a transitar, sobre todo en el casco c\u00e9ntrico que tiene calles muy angostas, por lo que los traslados se realizaron por avenidas como Santib\u00e1\u00f1ez, Avenida Fascio, Avenida Bolivia, entre otras\u201d.<\/p>\n\n\n\n<p>En cuanto a la programaci\u00f3n de actividades, Fr\u00edas indic\u00f3 que \u201ctambi\u00e9n se realiza el desfile de Bienvenida Primavera, que comenzar\u00e1 a partir de las 18, y los cortes de tr\u00e1nsito a partir de las 17. Las unidades de transporte p\u00fablico de pasajeros modificar\u00edan sus recorridos tambi\u00e9n en ese horario, llegando a Ciudad Cultural con el diagrama ya designado en otros eventos: Comandante P\u00e9rez, Airampo, Suipacha, Colectora Pila Sol\u00e1, ingresar\u00edan a Avenida de las Carrozas y las paradas estar\u00edan designadas en Avenida de las Carrozas en toda su extensi\u00f3n\u201d.<\/p>\n\n\n\n<p>El funcionario recomend\u00f3 que \u201clas personas que vienen a Ciudad Cultural a los distintos desfiles lo hagan, si es posible, en el transporte urbano de pasajeros, teniendo en cuenta que la totalidad de la flota modifica el recorrido, se dispone de refuerzos y el servicio se garantiza hasta la finalizaci\u00f3n de cada uno de los eventos. Adem\u00e1s, en Ciudad Cultural no hay espacio suficiente para designar lugares de estacionamiento, solo se dispuso un sector sobre Avenida Bolivia, entre Airampo y Ca\u00eddos por la Patria, aproximadamente a 400 metros del evento\u201d.<\/p>\n\n\n\n<figure class=\"wp-block-image\"><img decoding=\"async\" src=\"https:\/\/www.sansalvadordejujuy.gob.ar\/wp-content\/uploads\/2025\/09\/Desfile-2-1024x1024.jpeg\" alt=\"\" class=\"wp-image-93254\"\/><\/figure>\n\n\n\n<p>Por \u00faltimo, aclar\u00f3 que \u201clos vecinos del barrio Alto Padilla pueden ingresar al sector con la acreditaci\u00f3n de alguna documentaci\u00f3n que certifique el domicilio, como un DNI, boleta de impuesto o contrato de alquiler\u201d.<\/p>\n\n\n\n<figure class=\"wp-block-image\"><img decoding=\"async\" src=\"https:\/\/www.sansalvadordejujuy.gob.ar\/wp-content\/uploads\/2025\/09\/Desfile-3-1024x1024.jpeg\" alt=\"\" class=\"wp-image-93255\"\/><\/figure>\n\n\n\n<p><strong>Detalles del Operativo<\/strong><\/p>\n\n\n\n<p><strong>Cortes de tr\u00e1nsito<\/strong>:<\/p>\n\n\n\n<p>A partir de las 18 horas se dispondr\u00e1n cortes en los siguientes puntos:<\/p>\n\n\n\n<ul>\n<li>Av. Bolivia y Av. de los Estudiantes<\/li>\n\n\n\n<li>Av. de los Estudiantes y Av. de las Carrozas<\/li>\n\n\n\n<li>Av. de los Estudiantes y Prolong. Zorrilla de San Mart\u00edn<\/li>\n\n\n\n<li>Curupait\u00ed y Av. Bolivia<\/li>\n\n\n\n<li>Curupait\u00ed y Zorrilla de San Mart\u00edn<\/li>\n\n\n\n<li>Curupait\u00ed y derivador de ingreso a Zona Sur de Av. de los Estudiantes<\/li>\n\n\n\n<li>Curupait\u00ed y Prolong. Juntos en Jujuy<\/li>\n\n\n\n<li>Curupait\u00ed y F\u00e9lix de Olaz\u00e1bal<\/li>\n\n\n\n<li>Colectora Ruta 9 y Washington (ingreso clandestino)<\/li>\n\n\n\n<li>Rotonda de Av. de los Estudiantes ingreso a Ciudad Cultural<\/li>\n\n\n\n<li>Av. de los Estudiantes y Colectora Pila Sol\u00e1<\/li>\n\n\n\n<li>Colectora Pila Sol\u00e1 y Av. de las Carrozas<\/li>\n\n\n\n<li>Av. de las Carrozas y Juntos en Jujuy<\/li>\n\n\n\n<li>Av. de las Carrozas y Dr. Vidal<\/li>\n\n\n\n<li>Av. de las Carrozas y Pedro del Portal<\/li>\n\n\n\n<li>Av. de las Carrozas ingreso Zona Sur<\/li>\n\n\n\n<li>Av. de los Estudiantes ingreso a Airampo (B\u00b0 23 de Agosto)<\/li>\n\n\n\n<li>Suipacha y Coronel Arias<\/li>\n\n\n\n<li>Ituzaing\u00f3 y Dr. Vidal<\/li>\n<\/ul>\n\n\n\n<p><strong>Restricci\u00f3n de estacionamiento<\/strong><\/p>\n\n\n\n<p>Suipacha, entre Pedro del Portal y Colectora Pila Sol\u00e1, tendr\u00e1 prohibido el estacionamiento desde las 18 horas.<\/p>\n\n\n\n<p><strong>Desv\u00edo del transporte urbano<\/strong><\/p>\n\n\n\n<p>Las unidades del transporte urbano modificar\u00e1n su recorrido por las siguientes arterias:<br>Santib\u00e1\u00f1ez, Cmdte. P\u00e9rez, Airampo, Acceso a barrio 23 de Agosto, Suipacha, Colectora Pila Sol\u00e1, Av. de las Carrozas, Av. Bolivia, Av. C\u00f3rdoba y luego retomar\u00e1n el recorrido habitual.<\/p>\n\n\n\n<p><strong>Paradas<\/strong><\/p>\n\n\n\n<ul>\n<li>Taxis de radiollamada: Espejo y Curupait\u00ed (ANSES).<\/li>\n\n\n\n<li>Colectivos urbanos: sobre Av. de las Carrozas, en toda su extensi\u00f3n. Ingreso de vecinos de Alto Padilla<\/li>\n<\/ul>\n\n\n\n<p>Ser\u00e1 \u00fanicamente bajo acreditaci\u00f3n de domicilio (DNI o boleta de servicio), por F\u00e9lix de Olaz\u00e1bal y por Zorrilla de San Mart\u00edn.<\/p>\n\n\n\n<p><strong>Estacionamiento en Av. Bolivia<\/strong><\/p>\n\n\n\n<p>Permitido a 45\u00b0, desde Airampo hasta Ca\u00eddos por la Patria.<\/p>\n\n\n\n<p>Finalmente, desde la Municipalidad se solicita a los vecinos y conductores circular con precauci\u00f3n, respetar la se\u00f1alizaci\u00f3n y las indicaciones del personal de la Direcci\u00f3n de Tr\u00e1nsito, apostado en cada punto de control.<\/p>\n\n\n\n<p><strong>Nota audiovisual:<\/strong>&nbsp;<a href=\"https:\/\/youtu.be\/Y4ryjKBO40M\">https:\/\/youtu.be\/Y4ryjKBO40M<\/a><\/p>\n","protected":false},"excerpt":{"rendered":"<p>Con el inicio del traslado de carrozas hacia Ciudad Cultural y en el marco de la Fiesta Nacional de los Estudiantes, la Direcci\u00f3n de Tr\u00e1nsito y Transporte de la Municipalidad de San Salvador de Jujuy implementa un amplio operativo de seguridad vial que incluye cortes de calles, desv\u00edos de transporte p\u00fablico, restricciones de estacionamiento e [&hellip;]<\/p>\n","protected":false},"author":5,"featured_media":433044,"comment_status":"open","ping_status":"open","sticky":false,"template":"","format":"standard","meta":{"_stopmodifiedupdate":false,"_modified_date":"","inline_featured_image":false,"spay_email":"","jetpack_publicize_message":""},"categories":[594],"tags":[],"jetpack_featured_media_url":"https:\/\/notinor.com\/jujuy\/wp-content\/uploads\/2025\/09\/CARROZA.jpg","jetpack_publicize_connections":[],"_links":{"self":[{"href":"https:\/\/notinor.com\/jujuy\/wp-json\/wp\/v2\/posts\/433189"}],"collection":[{"href":"https:\/\/notinor.com\/jujuy\/wp-json\/wp\/v2\/posts"}],"about":[{"href":"https:\/\/notinor.com\/jujuy\/wp-json\/wp\/v2\/types\/post"}],"author":[{"embeddable":true,"href":"https:\/\/notinor.com\/jujuy\/wp-json\/wp\/v2\/users\/5"}],"replies":[{"embeddable":true,"href":"https:\/\/notinor.com\/jujuy\/wp-json\/wp\/v2\/comments?post=433189"}],"version-history":[{"count":1,"href":"https:\/\/notinor.com\/jujuy\/wp-json\/wp\/v2\/posts\/433189\/revisions"}],"predecessor-version":[{"id":433190,"href":"https:\/\/notinor.com\/jujuy\/wp-json\/wp\/v2\/posts\/433189\/revisions\/433190"}],"wp:featuredmedia":[{"embeddable":true,"href":"https:\/\/notinor.com\/jujuy\/wp-json\/wp\/v2\/media\/433044"}],"wp:attachment":[{"href":"https:\/\/notinor.com\/jujuy\/wp-json\/wp\/v2\/media?parent=433189"}],"wp:term":[{"taxonomy":"category","embeddable":true,"href":"https:\/\/notinor.com\/jujuy\/wp-json\/wp\/v2\/categories?post=433189"},{"taxonomy":"post_tag","embeddable":true,"href":"https:\/\/notinor.com\/jujuy\/wp-json\/wp\/v2\/tags?post=433189"}],"curies":[{"name":"wp","href":"https:\/\/api.w.org\/{rel}","templated":true}]}}