{"id":433151,"date":"2025-09-17T19:21:00","date_gmt":"2025-09-17T22:21:00","guid":{"rendered":"https:\/\/notinor.com\/jujuy\/?p=433151"},"modified":"2025-09-17T19:21:00","modified_gmt":"2025-09-17T19:21:00","slug":"fne-2025-asi-estan-conformados-los-grupos-para-los-desfiles-de-carrozas-en-ciudad-cultural","status":"publish","type":"post","link":"https:\/\/notinor.com\/jujuy\/fne-2025-asi-estan-conformados-los-grupos-para-los-desfiles-de-carrozas-en-ciudad-cultural\/","title":{"rendered":"FNE 2025: as\u00ed est\u00e1n conformados los grupos para los desfiles de carrozas\u00a0en Ciudad Cultural"},"content":{"rendered":"\n<p class=\"has-medium-font-size\"><strong><em>Con un r\u00e9cord hist\u00f3rico de 80 carrozas, la FNE 2025 se vivir\u00e1 a pleno en septiembre en Ciudad Cultural.<\/em><\/strong><\/p>\n\n\n\n<p><\/p>\n\n\n<div class=\"wp-block-image\">\n<figure class=\"aligncenter size-full\"><img decoding=\"async\" loading=\"lazy\" width=\"800\" height=\"450\" src=\"https:\/\/notinor.com\/jujuy\/wp-content\/uploads\/2025\/09\/carroza-fne.jpg\" alt=\"\" class=\"wp-image-433152\" srcset=\"https:\/\/notinor.com\/jujuy\/wp-content\/uploads\/2025\/09\/carroza-fne.jpg 800w, https:\/\/notinor.com\/jujuy\/wp-content\/uploads\/2025\/09\/carroza-fne-649x365.jpg 649w, https:\/\/notinor.com\/jujuy\/wp-content\/uploads\/2025\/09\/carroza-fne-500x280.jpg 500w, https:\/\/notinor.com\/jujuy\/wp-content\/uploads\/2025\/09\/carroza-fne-768x432.jpg 768w, https:\/\/notinor.com\/jujuy\/wp-content\/uploads\/2025\/09\/carroza-fne-750x422.jpg 750w\" sizes=\"(max-width: 800px) 100vw, 800px\" \/><\/figure><\/div>\n\n\n<p><\/p>\n\n\n\n<p><strong>La Fiesta Nacional de los Estudiantes (FNE 2025) ya tiene definidos los grupos de colegios que formar\u00e1n parte de los tradicionales desfiles de carrozas en la Ciudad Cultural. Este a\u00f1o ser\u00e1 hist\u00f3rico: por primera vez se alcanzar\u00e1 un total de 80 carrozas, divididas en 22 tradicionales, 11 t\u00e9cnicas y 47 carruajes.<\/strong><\/p>\n\n\n\n<p>Cabe destacar que los grupos y el ordenamiento son definidos dependiendo de los premios obtenidos durante la FNE 2024.<\/p>\n\n\n\n<p><strong>El cronograma marca que los desfiles iniciar\u00e1n el jueves 18 de septiembre y se extender\u00e1n hasta el jueves 25, con jornadas simples y dobles<\/strong> que llenar\u00e1n de color, m\u00fasica y primavera las calles de San Salvador de Jujuy. El 27 ser\u00e1 la entrega de premios.<\/p>\n\n\n\n<p class=\"has-medium-font-size\"><strong>Grupos y ordenamiento de las carrozas<\/strong><\/p>\n\n\n\n<p class=\"has-medium-font-size\"><strong>Grupo A<\/strong><\/p>\n\n\n\n<ol>\n<li>Escuela de Educaci\u00f3n T\u00e9cnica N\u00b0 1 \"General Savio\" de Palpal\u00e1 - Carroza t\u00e9cnica<\/li>\n\n\n\n<li>Centro Polivalente de Arte \"Profesor Luis Mart\u00ednez\" - Carroza<\/li>\n\n\n\n<li>Colegio Cristiano Evang\u00e9lico Che Il - Carruaje<\/li>\n\n\n\n<li>Colegio Mart\u00edn Pescador - Carruaje<\/li>\n\n\n\n<li>Colegio del Salvador - Carroza<\/li>\n\n\n\n<li>Escuela Provincial de Artes N\u00b0 1 \"Medardo Pantoja\" - Carruaje<\/li>\n\n\n\n<li>Colegio Santa Teresita - Carruaje<\/li>\n\n\n\n<li>Escuela de Educaci\u00f3n T\u00e9cnica N\u00b0 1 de Monterrico - Carroza t\u00e9cnica<\/li>\n\n\n\n<li>Colegio Blaise Pascal - Carruaje<\/li>\n\n\n\n<li>Escuela Provincial de Comercio N\u00b0 3 \"Jos\u00e9 Manuel Estrada\" - Carruaje<\/li>\n\n\n\n<li>Colegio Nacional N\u00b0 1 \"Teodoro S\u00e1nchez de Bustamante\" - Carroza<\/li>\n\n\n\n<li>Colegio Nacional N\u00b0 2 \"\u00c9xodo Juje\u00f1o\" - Carruaje<\/li>\n\n\n\n<li>Colegio FASTA San Alberto Magno - Carroza<\/li>\n\n\n\n<li>Colegio Secundario N\u00b0 33 de Villa Jard\u00edn de Reyes - Carruaje<\/li>\n\n\n\n<li>Colegio Santa B\u00e1rbara - Carruaje<\/li>\n\n\n\n<li>Escuela de Educaci\u00f3n T\u00e9cnica N\u00b0 1 \"Luis Michaud\" de El Carmen - Carroza t\u00e9cnica<\/li>\n\n\n\n<li>Colegio N\u00b0 1 \"Virgen de Punta Corral\" de Volc\u00e1n - Carruaje<\/li>\n\n\n\n<li>Colegio Secundario N\u00b0 54 - Carruaje<\/li>\n\n\n\n<li>Bachillerato Provincial N\u00b0 6 - Carroza<\/li>\n\n\n\n<li>Colegio Secundario N\u00b0 1 \"Crucero ARA General Belgrano\" - Carruaje<\/li>\n\n\n\n<li>Escuela Provincial Agrot\u00e9cnica N\u00b0 1 de El Brete, Palpal\u00e1 - Carroza<\/li>\n\n\n\n<li>Colegio Secundario N\u00b0 6 de Alto Comedero - Carruaje<\/li>\n\n\n\n<li>Colegio Polimodal N\u00b0 3 - Carruaje<\/li>\n\n\n\n<li>Escuela de Educaci\u00f3n T\u00e9cnica N\u00b0 2 \"Prof. Jes\u00fas Ra\u00fal Salazar\" - Carroza t\u00e9cnica<\/li>\n\n\n\n<li>Colegio Secundario N\u00b0 2 \"Francisca T. de Rocha Sol\u00f3rzano\" - Carruaje<\/li>\n\n\n\n<li>Colegio Pablo Pizzurno - Carruaje<\/li>\n\n\n\n<li>Bachillerato Provincial N\u00b0 2 \"Gobernador Jorge Villafa\u00f1e\" - Carroza<\/li>\n\n\n\n<li>Colegio Nuevo Horizonte N\u00b0 2 de Monterrico - Carruaje<\/li>\n\n\n\n<li>Escuela de Comercio N\u00b0 2 \"Malvinas Argentinas\" - Carroza<\/li>\n\n\n\n<li>Colegio Privado Jean Piaget - Carruaje<\/li>\n\n\n\n<li>Colegio Polimodal N\u00b0 2 de Abra Pampa - Carruaje<\/li>\n\n\n\n<li>Escuela de Educaci\u00f3n T\u00e9cnica N\u00b0 2 \"Coronel \u00c1lvarez Prado\" de San Pedro - Carroza t\u00e9cnica<\/li>\n\n\n\n<li>Colegio Nuevo Horizonte N\u00b0 1 - Carroza<\/li>\n\n\n\n<li>Colegio Privado Los Olivos de San Pedro - Carruaje (1\u00b0 vez que participa)<\/li>\n\n\n\n<li>Bachillerato Provincial N\u00b0 3 de Monterrico - Carroza<\/li>\n\n\n\n<li>Colegio Secundario N\u00b0 54 - Carruaje<\/li>\n\n\n\n<li>Escuela Provincial Agrot\u00e9cnica N\u00b0 7 \"Ricardo Hueda\" de Perico - Carruaje<\/li>\n\n\n\n<li>Bachillerato Provincial N\u00b0 21 - Carroza<\/li>\n\n\n\n<li>Secundario N\u00b0 39 \"Dr. C\u00e9sar A. Scaro\" - Carruaje (1\u00b0 vez que participa)<\/li>\n\n\n\n<li>ARENI<\/li>\n<\/ol>\n\n\n\n<p class=\"has-medium-font-size\"><strong>Grupo B<\/strong><\/p>\n\n\n\n<ol>\n<li>Escuela de Educaci\u00f3n T\u00e9cnica N\u00b0 1 \"General Manuel Belgrano\" de Maimar\u00e1 - Carroza t\u00e9cnica<\/li>\n\n\n\n<li>Complejo Educativo Jos\u00e9 Hern\u00e1ndez - Carroza<\/li>\n\n\n\n<li>Escuela Municipal N\u00b0 1 \"Maestra Marina Vilte\" - Carruaje<\/li>\n\n\n\n<li>Colegio Privado Nueva Siembra - Carruaje<\/li>\n\n\n\n<li>Colegio Nuestra Se\u00f1ora del Huerto - Carroza<\/li>\n\n\n\n<li>Colegio Modelo Palpal\u00e1 - Carruaje<\/li>\n\n\n\n<li>Colegio Remedios de Escalada - Carruaje<\/li>\n\n\n\n<li>Escuela T\u00e9cnica Provincial N\u00b0 1 \"Arist\u00f3bulo Vargas Velmonte\" - Carroza t\u00e9cnica<\/li>\n\n\n\n<li>Colegio Secundario N\u00b0 43 - Carruaje<\/li>\n\n\n\n<li>Colegio Los Lapachos - Carruaje<\/li>\n\n\n\n<li>Escuela de Comercio N\u00b0 1 \"Jos\u00e9 Antonio Casas\" - Carroza<\/li>\n\n\n\n<li>Colegio Parroquial de El Carmen - Carruaje<\/li>\n\n\n\n<li>Escuela de Comercio N\u00b0 1 \"Jos\u00e9 Manuel Estrada\" de Perico - Carroza<\/li>\n\n\n\n<li>EMDEI - Carruaje<\/li>\n\n\n\n<li>Colegio Mayor Jujuy - Carruaje<\/li>\n\n\n\n<li>Escuela de Minas \"Dr. Horacio Carrillo\" - Carroza t\u00e9cnica<\/li>\n\n\n\n<li>Colegio Nacional N\u00b0 2 \"Armada Argentina\" - Carruaje<\/li>\n\n\n\n<li>Colegio Antonio Mar\u00eda Gianelli - Carruaje<\/li>\n\n\n\n<li>Escuela de Comercio N\u00b0 2 \"Dr. Manuel Belgrano\" de Palpal\u00e1 - Carroza<\/li>\n\n\n\n<li>Bachillerato Provincial N\u00b0 19 de Yala - Carruaje<\/li>\n\n\n\n<li>Colegio Secundario N\u00b0 32 \"Ren\u00e9 Favaloro\" - Carroza<\/li>\n\n\n\n<li>Colegio Secundario N\u00b0 35 de Los Alisos - Carruaje<\/li>\n\n\n\n<li>Colegio Secundario N\u00b0 59 \"Olga M\u00e1rquez de Ar\u00e9dez\" - Carruaje<\/li>\n\n\n\n<li>Escuela de Educaci\u00f3n T\u00e9cnica N\u00b0 11 \"Escol\u00e1stico Zegada\" - Carroza t\u00e9cnica<\/li>\n\n\n\n<li>IPSEL - Carruaje<\/li>\n\n\n\n<li>Escuela Normal \"Rep\u00fablica de Bolivia\" de Humahuaca - Carruaje<\/li>\n\n\n\n<li>Escuela Normal Superior \"Juan Ignacio Gorriti\" - Carroza<\/li>\n\n\n\n<li>Colegio Can\u00f3nigo Gorriti - Carruaje<\/li>\n\n\n\n<li>Escuela Provincial de Comercio N\u00b0 1 \"Carlos Eusebio Ibarra\" - Carroza<\/li>\n\n\n\n<li>Colegio Secundario N\u00b0 62 \"San Juan Bautista de La Salle\" - Carruaje<\/li>\n\n\n\n<li>Bachillerato Provincial N\u00b0 16 \"Paso de Jama\" - Carruaje<\/li>\n\n\n\n<li>Escuela de Educaci\u00f3n T\u00e9cnica N\u00b0 1 \"Humberto Samuel Luna\" de Perico - Carroza t\u00e9cnica<\/li>\n\n\n\n<li>Bachillerato Provincial N\u00b0 24 de Lozano - Carroza<\/li>\n\n\n\n<li>Asociaci\u00f3n Todos Juntos - Carruaje<\/li>\n\n\n\n<li>Centro Polivalente de Arte N\u00b0 2 de San Pedro - Carroza<\/li>\n\n\n\n<li>Bachillerato N\u00b0 12 \"Avelino Baz\u00e1n\" de El Aguilar - Carruaje (1\u00b0 vez que participa)<\/li>\n\n\n\n<li>Colegio Secundario N\u00b0 50 de Santuario de Tres Pozos - Carruaje<\/li>\n\n\n\n<li>Escuela T\u00e9cnica N\u00b0 2 \"Dr. Horacio Guzm\u00e1n\" de San Pedro - Carroza (1\u00b0 vez que participa)<\/li>\n\n\n\n<li>Escuela T\u00e9cnica Provincial N\u00b0 2 de Olaroz - Carroza t\u00e9cnica<\/li>\n\n\n\n<li>Colegio Privado Nueva Generaci\u00f3n - Carruaje<\/li>\n<\/ol>\n\n\n\n<p class=\"has-medium-font-size\"><strong>Agenda completa de la FNE 2025<\/strong><\/p>\n\n\n\n<ul>\n<li>S\u00e1bado 13 de septiembre \u2013 9:30 hs. Pintada Estudiantil en Ciudad Cultural.<\/li>\n\n\n\n<li>Domingo 14 de septiembre \u2013 21:00 hs. Elecci\u00f3n Representante Capital - Ciudad Cultural<\/li>\n\n\n\n<li>Mi\u00e9rcoles 17 de septiembre \u2013 18:00 hs. Desfile Bienvenida Primavera en Ciudad Cultural.<\/li>\n\n\n\n<li>Jueves 18 de septiembre \u2013 20:00 hs. Desfile Grupo A en Ciudad Cultural.<\/li>\n\n\n\n<li>Viernes 19 de septiembre \u2013 20:00 hs. Desfile Grupo B en Ciudad Cultural.<\/li>\n\n\n\n<li>S\u00e1bado 20 de septiembre \u2013 18:00 hs. Desfile Doble en Ciudad Cultural.<\/li>\n\n\n\n<li>Domingo 21 de septiembre \u2013 14:00 a 18:00 hs. Exposici\u00f3n de Carrozas.<\/li>\n\n\n\n<li>Domingo 21 de septiembre \u2013 19:00 hs. Elecci\u00f3n del Paje 10 en Ciudad Cultural.<\/li>\n\n\n\n<li>Lunes 22 de septiembre \u2013 14:00 a 17:00 hs. Exposici\u00f3n de Carrozas.<\/li>\n\n\n\n<li>Lunes 22 de septiembre \u2013 20:00 hs. Elecci\u00f3n Representante Provincial en Ciudad Cultural.<\/li>\n\n\n\n<li>Martes 23 de septiembre \u2013 8:30 hs. Congreso de la Juventud en el Centro de Innovaci\u00f3n Tecnol\u00f3gica.<\/li>\n\n\n\n<li>Martes 23 de septiembre \u2013 20:00 hs. Desfile grupo A en Ciudad Cultural.<\/li>\n\n\n\n<li>Mi\u00e9rcoles 24 de septiembre \u2013 20:hs. Desfile grupo B en Ciudad Cultural<\/li>\n\n\n\n<li>Jueves 25 de septiembre \u2013 18:00 hs. Desfile Doble en Ciudad Cultural.<\/li>\n\n\n\n<li>Viernes 26 de septiembre \u2013 21:00 hs. Elecci\u00f3n Representante Nacional en el Estadio 23 de Agosto.<\/li>\n\n\n\n<li>S\u00e1bado 27 de septiembre \u2013 17:00 hs. Entrega de Premios en Ciudad Cultural.<\/li>\n<\/ul>\n","protected":false},"excerpt":{"rendered":"<p>Con un r\u00e9cord hist\u00f3rico de 80 carrozas, la FNE 2025 se vivir\u00e1 a pleno en septiembre en Ciudad Cultural. La Fiesta Nacional de los Estudiantes (FNE 2025) ya tiene definidos los grupos de colegios que formar\u00e1n parte de los tradicionales desfiles de carrozas en la Ciudad Cultural. Este a\u00f1o ser\u00e1 hist\u00f3rico: por primera vez se [&hellip;]<\/p>\n","protected":false},"author":49,"featured_media":433152,"comment_status":"open","ping_status":"open","sticky":false,"template":"","format":"standard","meta":{"_stopmodifiedupdate":false,"_modified_date":"","inline_featured_image":false,"spay_email":"","jetpack_publicize_message":""},"categories":[2,594,514],"tags":[],"jetpack_featured_media_url":"https:\/\/notinor.com\/jujuy\/wp-content\/uploads\/2025\/09\/carroza-fne.jpg","jetpack_publicize_connections":[],"_links":{"self":[{"href":"https:\/\/notinor.com\/jujuy\/wp-json\/wp\/v2\/posts\/433151"}],"collection":[{"href":"https:\/\/notinor.com\/jujuy\/wp-json\/wp\/v2\/posts"}],"about":[{"href":"https:\/\/notinor.com\/jujuy\/wp-json\/wp\/v2\/types\/post"}],"author":[{"embeddable":true,"href":"https:\/\/notinor.com\/jujuy\/wp-json\/wp\/v2\/users\/49"}],"replies":[{"embeddable":true,"href":"https:\/\/notinor.com\/jujuy\/wp-json\/wp\/v2\/comments?post=433151"}],"version-history":[{"count":2,"href":"https:\/\/notinor.com\/jujuy\/wp-json\/wp\/v2\/posts\/433151\/revisions"}],"predecessor-version":[{"id":433154,"href":"https:\/\/notinor.com\/jujuy\/wp-json\/wp\/v2\/posts\/433151\/revisions\/433154"}],"wp:featuredmedia":[{"embeddable":true,"href":"https:\/\/notinor.com\/jujuy\/wp-json\/wp\/v2\/media\/433152"}],"wp:attachment":[{"href":"https:\/\/notinor.com\/jujuy\/wp-json\/wp\/v2\/media?parent=433151"}],"wp:term":[{"taxonomy":"category","embeddable":true,"href":"https:\/\/notinor.com\/jujuy\/wp-json\/wp\/v2\/categories?post=433151"},{"taxonomy":"post_tag","embeddable":true,"href":"https:\/\/notinor.com\/jujuy\/wp-json\/wp\/v2\/tags?post=433151"}],"curies":[{"name":"wp","href":"https:\/\/api.w.org\/{rel}","templated":true}]}}