{"id":433146,"date":"2025-09-17T18:51:52","date_gmt":"2025-09-17T21:51:52","guid":{"rendered":"https:\/\/notinor.com\/jujuy\/?p=433146"},"modified":"2025-09-17T18:51:54","modified_gmt":"2025-09-17T21:51:54","slug":"contundente-rechazo-a-los-vetos-de-milei-diputados-ratifico-el-financiamiento-del-garrahan-y-las-universidades","status":"publish","type":"post","link":"https:\/\/notinor.com\/jujuy\/contundente-rechazo-a-los-vetos-de-milei-diputados-ratifico-el-financiamiento-del-garrahan-y-las-universidades\/","title":{"rendered":"Contundente rechazo a los vetos de Milei: Diputados ratific\u00f3 el financiamiento del Garrahan y las universidades"},"content":{"rendered":"\n<p class=\"has-medium-font-size\"><strong><em>Las insistencias ahora pasar\u00e1n al Senado, donde su ratificaci\u00f3n est\u00e1 pr\u00e1cticamente asegurada. La Casa Rosada intent\u00f3 acercarse a los gobernadores con fondos, pero no logr\u00f3 sumar apoyos clave. Una masiva movilizaci\u00f3n rode\u00f3 el Congreso.<\/em><\/strong><\/p>\n\n\n\n<p><\/p>\n\n\n<div class=\"wp-block-image\">\n<figure class=\"aligncenter size-full\"><img decoding=\"async\" loading=\"lazy\" width=\"800\" height=\"450\" src=\"https:\/\/notinor.com\/jujuy\/wp-content\/uploads\/2025\/09\/diputados-rechazo-los-vetos.jpg\" alt=\"\" class=\"wp-image-433147\" srcset=\"https:\/\/notinor.com\/jujuy\/wp-content\/uploads\/2025\/09\/diputados-rechazo-los-vetos.jpg 800w, https:\/\/notinor.com\/jujuy\/wp-content\/uploads\/2025\/09\/diputados-rechazo-los-vetos-649x365.jpg 649w, https:\/\/notinor.com\/jujuy\/wp-content\/uploads\/2025\/09\/diputados-rechazo-los-vetos-500x280.jpg 500w, https:\/\/notinor.com\/jujuy\/wp-content\/uploads\/2025\/09\/diputados-rechazo-los-vetos-768x432.jpg 768w, https:\/\/notinor.com\/jujuy\/wp-content\/uploads\/2025\/09\/diputados-rechazo-los-vetos-750x422.jpg 750w\" sizes=\"(max-width: 800px) 100vw, 800px\" \/><\/figure><\/div>\n\n\n<p><\/p>\n\n\n\n<p><strong>El gobierno de Javier Milei sufri\u00f3 este mi\u00e9rcoles un nuevo golpe en la C\u00e1mara de Diputados con el contundente rechazo al veto a la declaraci\u00f3n de emergencia en pediatr\u00eda y al financiamiento universitario. Las insistencias ahora pasar\u00e1n al Senado, donde se descuenta que los vetos presidenciales tambi\u00e9n ser\u00e1n rechazado.<\/strong><\/p>\n\n\n\n<p><strong>La oposici\u00f3n necesitaba dos tercios de los votos para insistir con las leyes sancionadas y rechazar los vetos de Milei. La emergencia en pediatr\u00eda fue aprobada con 181 votos afirmativos, 60 negativos y 1 abstenci\u00f3n.<\/strong> Mientras que el financiamiento universitario fue aprobado con 174afirmativos, 67 negativos y 2 abstenciones. En ambos casos se logr\u00f3 con holgura la mayor\u00eda especial.<\/p>\n\n\n\n<p><strong>La ley de emergencia pedi\u00e1trica otorga fondos extraordinarios para hospitales como el Garrahan y estipula una recomposici\u00f3n de los salarios de los trabajadores de la salud en base a la inflaci\u00f3n.<\/strong> Por su parte, la ley de financiamiento universitario actualiza los gastos de funcionamiento de las Universidades por el \u00cdndice de Precios y tambi\u00e9n ordena reabrir la paritaria del sector.<\/p>\n\n\n\n<p><strong>Para el Gobierno el rechazo de los vetos es m\u00e1s que un rev\u00e9s legislativo, es un duro golpe en el plano pol\u00edtico ya que qued\u00f3 en evidencia la dificultad del Poder Ejecutivo para alcanzar consensos con los gobernadores que supieron ser aliados durante el primer a\u00f1o de gesti\u00f3n.<\/strong> Durante la \u00faltima semana el flamante ministro del Interior, Lisandro Catal\u00e1n, se hab\u00eda reunido con el mandatario salte\u00f1o Gustavo S\u00e1enz y con su par tucumano Osvaldo Jaldo; y adem\u00e1s fueron recibidos en Casa Rosada los aliados Alfredo Cornejo (Mendoza), Rogelio Frigerio (Entre R\u00edos) y Leandro Zdero (Chaco).<\/p>\n\n\n\n<p><strong>Por otro lado, el Gobierno distribuy\u00f3 Aportes del Tesoro Nacional (ATN) por $12.500 millones a cuatro provincias: Misiones recibi\u00f3 $4.000 millones, Entre R\u00edos $3.000 millones, Santa Fe $3.000 millones y Chaco $2.500 millones. <\/strong>La cifra super\u00f3 ampliamente los $3.000 millones totales enviados durante todo agosto. Fue claro el intento de acercar posiciones con las provincias, pero no tuvo \u00e9xito.<\/p>\n\n\n\n<p>Al inicio de la sesi\u00f3n la oposici\u00f3n descubri\u00f3 con cierta incredulidad que algunos aliados electorales del oficialismo finalmente no aportar\u00eda presencias clave para sostener los vetos. No se sentaron en sus bancas Francisco Morchio, cercano al gobernador de Entre R\u00edos, Rogelio Frigerio; y Gerardo Cipolini, aliado de chaque\u00f1o Leandro Zdero.<\/p>\n\n\n\n<p><strong>Los libertarios tambi\u00e9n padecieron el alejamiento de ex libertarios, como los diputados del MID, Oscar Zago y Eduardo Falcone, que se alejaron por sus tensiones con Mart\u00edn Menem y porque fueron excluidos del armado electoral en la provincia de Buenos Aires.<\/strong> Adem\u00e1s, votaron en contra de los vetos de Milei los cuatro ex libertarios que conformaron su propio bloque, bautizado Coherencia: Marcela Pagano, Carlos D\u2019alessandro, Gerardo Gonz\u00e1lez y Lourdes Arrieta. Todos abandonaron el bloque oficialista con duras cr\u00edticas a Mart\u00edn Menem y a Karina Milei.<\/p>\n\n\n\n<p><strong>\u201cHemos transitado los pasillos del Garrahan con padres que recorren miles de kil\u00f3metros en busca de soluciones. Votar en contra del Garrahan es votar en contra del equilibrio moral\u201d,<\/strong> dijo D\u2019alessandro para explicar por qu\u00e9 rechazar\u00eda los vetos tras haber votado en contra de la emergencia pedi\u00e1trica hace dos meses.<\/p>\n\n\n\n<p>El gobernador de Chubut, Ignacio Torres, hizo sentir su malestar con la Casa Rosada con los votos en contra de aportar los votos de \u201cLoma\u201d \u00c1vila y Ana Clara Romero. Lo mismo que el rionegrino Alberto Weretilneck, que mand\u00f3 a Agust\u00edn Domingo a votar por la insistencia. Sus diputados hab\u00edan estado ausentes o se abstuvieron cuando se vot\u00f3 la media sanci\u00f3n.<\/p>\n\n\n\n<p><strong>Sin embargo, entre las principales sorpresas de la jornada se destac\u00f3 el voto en contra del Gobierno de los cuatro diputados misioneros de Innovaci\u00f3n Federal (Alberto Arr\u00faa, Carlos Fern\u00e1ndez, Yamila Ruiz y Daniel Vancsik), quienes responden de manera directa al gobernador Hugo Passalacqua y el l\u00edder del Frente Renovador, Carlos Rovira.<\/strong> Justamente Misiones fue la provincia que recibi\u00f3 m\u00e1s ATN el viernes pasado, unos $4 mil millones, por lo que en la oposici\u00f3n no contaban con su apoyo.<\/p>\n\n\n\n<p>Los diputados de Mendoza, Lisandro Nieri y Pamela Verasay, estuvieron ausentes durante gran parte de la sesi\u00f3n pero se sentaron minutos antes de votar para rechazar los vetos, incluso a pesar de que el gobernador Cornejo es aliado electoral de los libertarios de cara a octubre.<\/p>\n\n\n\n<p><strong>La diputada del PRO, Silvia Lospennato, estuvo ausente para la media sanci\u00f3n de la emergencia en pediatr\u00eda pero ahora vot\u00f3 en contra de los vetos. \u201cEstas leyes son un parche que van a resolver un d\u00e9ficit de gesti\u00f3n\u201d, sentenci\u00f3.<\/strong><\/p>\n\n\n\n<p>Tambi\u00e9n juegaron en contra del Gobierno habituales aliados de los libertarios como los radicales \u201ccon peluca\u201d Mariano Campero y Federico Tournier, y la tucumana de CREO Paula Omodeo; y se abstuvo el liberal Ricardo L\u00f3pez Murphy.<\/p>\n\n\n\n<p><strong>El Gobierno no cont\u00f3 con el acompa\u00f1amiento expl\u00edcito de ning\u00fan gobernador en la votaci\u00f3n de la emergencia pedi\u00e1trica. Casi todos jugaron en contra del veto de Milei, las \u00fanicas excepciones fueron Frigerio y Zdero, que apenas aportaron dos ausencias.<\/strong><\/p>\n\n\n\n<p><strong>El tablero de votaci\u00f3n no s\u00f3lo dej\u00f3 en evidencia la debilidad parlamentaria de los libertarios sino las consecuencias de la arriesgada estrategia de Karina Milei, Lule y Mart\u00edn Menem, que en la mayor\u00eda de las provincias presentaron listas propias de LLA para competir con los oficialismos locales,<\/strong> lo que gener\u00f3 un fuerte malestar entre los mandatarios.<\/p>\n","protected":false},"excerpt":{"rendered":"<p>Las insistencias ahora pasar\u00e1n al Senado, donde su ratificaci\u00f3n est\u00e1 pr\u00e1cticamente asegurada. La Casa Rosada intent\u00f3 acercarse a los gobernadores con fondos, pero no logr\u00f3 sumar apoyos clave. Una masiva movilizaci\u00f3n rode\u00f3 el Congreso. El gobierno de Javier Milei sufri\u00f3 este mi\u00e9rcoles un nuevo golpe en la C\u00e1mara de Diputados con el contundente rechazo al [&hellip;]<\/p>\n","protected":false},"author":49,"featured_media":433147,"comment_status":"open","ping_status":"open","sticky":false,"template":"","format":"standard","meta":{"_stopmodifiedupdate":false,"_modified_date":"","inline_featured_image":false,"spay_email":"","jetpack_publicize_message":""},"categories":[2,501],"tags":[],"jetpack_featured_media_url":"https:\/\/notinor.com\/jujuy\/wp-content\/uploads\/2025\/09\/diputados-rechazo-los-vetos.jpg","jetpack_publicize_connections":[],"_links":{"self":[{"href":"https:\/\/notinor.com\/jujuy\/wp-json\/wp\/v2\/posts\/433146"}],"collection":[{"href":"https:\/\/notinor.com\/jujuy\/wp-json\/wp\/v2\/posts"}],"about":[{"href":"https:\/\/notinor.com\/jujuy\/wp-json\/wp\/v2\/types\/post"}],"author":[{"embeddable":true,"href":"https:\/\/notinor.com\/jujuy\/wp-json\/wp\/v2\/users\/49"}],"replies":[{"embeddable":true,"href":"https:\/\/notinor.com\/jujuy\/wp-json\/wp\/v2\/comments?post=433146"}],"version-history":[{"count":1,"href":"https:\/\/notinor.com\/jujuy\/wp-json\/wp\/v2\/posts\/433146\/revisions"}],"predecessor-version":[{"id":433148,"href":"https:\/\/notinor.com\/jujuy\/wp-json\/wp\/v2\/posts\/433146\/revisions\/433148"}],"wp:featuredmedia":[{"embeddable":true,"href":"https:\/\/notinor.com\/jujuy\/wp-json\/wp\/v2\/media\/433147"}],"wp:attachment":[{"href":"https:\/\/notinor.com\/jujuy\/wp-json\/wp\/v2\/media?parent=433146"}],"wp:term":[{"taxonomy":"category","embeddable":true,"href":"https:\/\/notinor.com\/jujuy\/wp-json\/wp\/v2\/categories?post=433146"},{"taxonomy":"post_tag","embeddable":true,"href":"https:\/\/notinor.com\/jujuy\/wp-json\/wp\/v2\/tags?post=433146"}],"curies":[{"name":"wp","href":"https:\/\/api.w.org\/{rel}","templated":true}]}}