{"id":433066,"date":"2025-09-16T13:08:10","date_gmt":"2025-09-16T16:08:10","guid":{"rendered":"https:\/\/notinor.com\/jujuy\/?p=433066"},"modified":"2025-09-16T13:08:56","modified_gmt":"2025-09-16T16:08:56","slug":"se-realizo-en-el-centro-judicial-san-pedro-de-jujuy-la-primera-entrega-de-armas-decomisadas-para-su-destruccion","status":"publish","type":"post","link":"https:\/\/notinor.com\/jujuy\/se-realizo-en-el-centro-judicial-san-pedro-de-jujuy-la-primera-entrega-de-armas-decomisadas-para-su-destruccion\/","title":{"rendered":"Se realiz\u00f3 en el Centro Judicial San Pedro de Jujuy la primera entrega de armas decomisadas para su destrucci\u00f3n"},"content":{"rendered":"\n<p class=\"has-medium-font-size\"><strong><em>En el marco de las pol\u00edticas de seguridad y transparencia impulsadas por el Poder Judicial de Jujuy, se concret\u00f3 en el Centro Judicial de San Pedro de Jujuy la primera entrega de armas de fuego y municiones en condici\u00f3n de decomiso, con destino a su destrucci\u00f3n definitiva.<\/em><\/strong><\/p>\n\n\n<div class=\"wp-block-image\">\n<figure class=\"aligncenter\"><img decoding=\"async\" src=\"https:\/\/www.justiciajujuy.gov.ar\/wp-content\/uploads\/2025\/09\/CJSPJ-ENTREGA-ARMAS-DECOMISADAS-PARA-DESTRUCCION.1-11.9.25.jpg\" alt=\"\" class=\"wp-image-53168\"\/><\/figure><\/div>\n\n\n<p>La medida se llev\u00f3 a cabo en cumplimiento de la <strong>Acordada N\u00ba 5\/2021<\/strong>, mediante la cual la <strong>Suprema Corte de Justicia<\/strong> dispuso la eliminaci\u00f3n de armas y municiones, librando oficio a la <strong>Agencia Nacional de Materiales Controlados (ANMaC)<\/strong> para el retiro y procedimiento de destrucci\u00f3n.<\/p>\n\n\n\n<p>En esta primera entrega, se dispuso la remisi\u00f3n de <strong>436 armas de fuego<\/strong>, que ser\u00e1n trasladadas a los dep\u00f3sitos oficiales de la <strong>Registro Nacional de Armas (RENAR)<\/strong> para su destrucci\u00f3n conforme a los protocolos vigentes.<\/p>\n\n\n\n<p>Durante el acto, el presidente de la Suprema Corte de Justicia, Dr. <strong>Ekel Meyer <\/strong>expres\u00f3: \u201cEstas son armas que se sacan de la delincuencia y se destruyen en un trabajo articulado entre el Poder Judicial y los organismos nacionales. Quiero agradecer el trabajo de todo el Centro Judicial San Pedro, al encargado de dep\u00f3sito Jorge Samman y a todo el personal&nbsp; por este cuidadoso trabajo que permite retirar de circulaci\u00f3n estas 436 armas\u201d.<\/p>\n\n\n<div class=\"wp-block-image\">\n<figure class=\"aligncenter\"><img decoding=\"async\" src=\"https:\/\/www.justiciajujuy.gov.ar\/wp-content\/uploads\/2025\/09\/CJSPJ-ENTREGA-ARMAS-DECOMISADAS-PARA-DESTRUCCION-11.9.25--scaled.jpg\" alt=\"\" class=\"wp-image-53167\"\/><\/figure><\/div>\n\n\n<p>El procedimiento tuvo origen en un informe elaborado por la Dra. <strong>Liliana Pellegrin<\/strong>i, jueza habilitada en el Juzgado de Causas Ley N\u00ba 3584, en el que se detall\u00f3 la existencia de armas incautadas conforme a la normativa vigente, y cuya remisi\u00f3n fue ordenada a los organismos competentes.<\/p>\n\n\n\n<p>Participaron de la entrega el Dr.<strong> Ekel Meyer<\/strong>, acompa\u00f1ado por el juez de la Suprema Corte, Dr. <strong>Mart\u00edn Llamas<\/strong>; los jueces del fuero penal del Centro Judicial San Pedro Dres.<strong> Liliana Pellegrini,<\/strong> <strong>Juan Cabezas Hametti<\/strong>, <strong>Leonardo Zazzali<\/strong>, <strong>Pamela de la Cruces<\/strong>, <strong>Marcelo Ib\u00e1\u00f1ez <\/strong>y <strong>Sergio Gonz\u00e1lez<\/strong>; y el Jefe de la Polic\u00eda de la Provincia Crio Gral. Milton S\u00e1nchez.<\/p>\n\n\n\n<p>Asimismo, estuvo presente Sergio Sarlo, Coordinador Nacional del Banco de Armas y Municiones del pa\u00eds (BANMAC \u2013 RENAR), quien supervis\u00f3 el operativo de recepci\u00f3n y traslado del material incautado, garantizando su derivaci\u00f3n a los dep\u00f3sitos oficiales.<\/p>\n\n\n<div class=\"wp-block-image\">\n<figure class=\"aligncenter\"><img decoding=\"async\" src=\"https:\/\/www.justiciajujuy.gov.ar\/wp-content\/uploads\/2025\/09\/CJSPJ-ENTREGA-ARMAS-DECOMISADS-PARA-DESTRUCCION-1024x768.jpg\" alt=\"\" class=\"wp-image-53166\"\/><\/figure><\/div>\n\n\n<p>De esta manera, la Suprema Corte de Justicia reafirma su compromiso con la legalidad, la seguridad p\u00fablica y la responsabilidad institucional en el tratamiento de los bienes incautados en el marco de los procesos judiciales.<\/p>\n","protected":false},"excerpt":{"rendered":"<p>En el marco de las pol\u00edticas de seguridad y transparencia impulsadas por el Poder Judicial de Jujuy, se concret\u00f3 en el Centro Judicial de San Pedro de Jujuy la primera entrega de armas de fuego y municiones en condici\u00f3n de decomiso, con destino a su destrucci\u00f3n definitiva. La medida se llev\u00f3 a cabo en cumplimiento [&hellip;]<\/p>\n","protected":false},"author":5,"featured_media":433067,"comment_status":"open","ping_status":"open","sticky":false,"template":"","format":"standard","meta":{"_stopmodifiedupdate":false,"_modified_date":"","inline_featured_image":false,"spay_email":"","jetpack_publicize_message":""},"categories":[4],"tags":[],"jetpack_featured_media_url":"https:\/\/notinor.com\/jujuy\/wp-content\/uploads\/2025\/09\/DECOMISO.jpg","jetpack_publicize_connections":[],"_links":{"self":[{"href":"https:\/\/notinor.com\/jujuy\/wp-json\/wp\/v2\/posts\/433066"}],"collection":[{"href":"https:\/\/notinor.com\/jujuy\/wp-json\/wp\/v2\/posts"}],"about":[{"href":"https:\/\/notinor.com\/jujuy\/wp-json\/wp\/v2\/types\/post"}],"author":[{"embeddable":true,"href":"https:\/\/notinor.com\/jujuy\/wp-json\/wp\/v2\/users\/5"}],"replies":[{"embeddable":true,"href":"https:\/\/notinor.com\/jujuy\/wp-json\/wp\/v2\/comments?post=433066"}],"version-history":[{"count":2,"href":"https:\/\/notinor.com\/jujuy\/wp-json\/wp\/v2\/posts\/433066\/revisions"}],"predecessor-version":[{"id":433069,"href":"https:\/\/notinor.com\/jujuy\/wp-json\/wp\/v2\/posts\/433066\/revisions\/433069"}],"wp:featuredmedia":[{"embeddable":true,"href":"https:\/\/notinor.com\/jujuy\/wp-json\/wp\/v2\/media\/433067"}],"wp:attachment":[{"href":"https:\/\/notinor.com\/jujuy\/wp-json\/wp\/v2\/media?parent=433066"}],"wp:term":[{"taxonomy":"category","embeddable":true,"href":"https:\/\/notinor.com\/jujuy\/wp-json\/wp\/v2\/categories?post=433066"},{"taxonomy":"post_tag","embeddable":true,"href":"https:\/\/notinor.com\/jujuy\/wp-json\/wp\/v2\/tags?post=433066"}],"curies":[{"name":"wp","href":"https:\/\/api.w.org\/{rel}","templated":true}]}}