{"id":432878,"date":"2025-09-11T22:34:00","date_gmt":"2025-09-12T01:34:00","guid":{"rendered":"https:\/\/notinor.com\/jujuy\/?p=432878"},"modified":"2025-09-11T22:34:00","modified_gmt":"2025-09-11T22:34:00","slug":"se-realizo-en-el-centro-judicial-san-pedro-la-primera-entrega-de-armas-decomisadas-para-su-destruccion","status":"publish","type":"post","link":"https:\/\/notinor.com\/jujuy\/se-realizo-en-el-centro-judicial-san-pedro-la-primera-entrega-de-armas-decomisadas-para-su-destruccion\/","title":{"rendered":"Se realiz\u00f3\u00a0en el Centro Judicial San Pedro la primera entrega de armas decomisadas para su destrucci\u00f3n"},"content":{"rendered":"\n<p class=\"has-medium-font-size\"><strong><em>En el marco de las pol\u00edticas de seguridad y transparencia impulsadas por el Poder Judicial de Jujuy, se concret\u00f3 en el Centro Judicial de San Pedro de Jujuy la primera entrega de armas de fuego y municiones en condici\u00f3n de decomiso, con destino a su destrucci\u00f3n definitiva.<\/em><\/strong><\/p>\n\n\n\n<p><\/p>\n\n\n<div class=\"wp-block-image\">\n<figure class=\"aligncenter size-full\"><img decoding=\"async\" loading=\"lazy\" width=\"800\" height=\"450\" src=\"https:\/\/notinor.com\/jujuy\/wp-content\/uploads\/2025\/09\/armas-decomisadas-san-pedro.jpg\" alt=\"\" class=\"wp-image-432879\" srcset=\"https:\/\/notinor.com\/jujuy\/wp-content\/uploads\/2025\/09\/armas-decomisadas-san-pedro.jpg 800w, https:\/\/notinor.com\/jujuy\/wp-content\/uploads\/2025\/09\/armas-decomisadas-san-pedro-649x365.jpg 649w, https:\/\/notinor.com\/jujuy\/wp-content\/uploads\/2025\/09\/armas-decomisadas-san-pedro-500x280.jpg 500w, https:\/\/notinor.com\/jujuy\/wp-content\/uploads\/2025\/09\/armas-decomisadas-san-pedro-768x432.jpg 768w, https:\/\/notinor.com\/jujuy\/wp-content\/uploads\/2025\/09\/armas-decomisadas-san-pedro-750x422.jpg 750w\" sizes=\"(max-width: 800px) 100vw, 800px\" \/><\/figure><\/div>\n\n\n<p><\/p>\n\n\n\n<p>La medida se llev\u00f3 a cabo en cumplimiento de la Acordada N\u00ba 5\/2021, mediante la cual la Suprema Corte de Justicia dispuso la eliminaci\u00f3n de armas y municiones, librando oficio a la Agencia Nacional de Materiales Controlados (ANMaC) para el retiro y procedimiento de destrucci\u00f3n.<\/p>\n\n\n\n<p>En esta primera entrega, se dispuso la remisi\u00f3n de 436 armas de fuego, que ser\u00e1n trasladadas a los dep\u00f3sitos oficiales de la Registro Nacional de Armas (RENAR) para su destrucci\u00f3n conforme a los protocolos vigentes.<\/p>\n\n\n\n<p>Durante el acto, el presidente de la Suprema Corte de Justicia, Dr. Ekel Meyer expres\u00f3: \u201cEstas son armas que se sacan de la delincuencia y se destruyen en un trabajo articulado entre el Poder Judicial y los organismos nacionales. Quiero agradecer el trabajo de todo el Centro Judicial San Pedro, al encargado de dep\u00f3sito Jorge Samman y a todo el personal &nbsp;por este cuidadoso trabajo que permite retirar de circulaci\u00f3n estas 436 armas\u201d.<\/p>\n\n\n\n<p>El procedimiento tuvo origen en un informe elaborado por la Dra. Liliana Pellegrini, jueza habilitada en el Juzgado de Causas Ley N\u00ba 3584, en el que se detall\u00f3 la existencia de armas incautadas conforme a la normativa vigente, y cuya remisi\u00f3n fue ordenada a los organismos competentes.<\/p>\n\n\n\n<p>Participaron de la entrega el Dr. Ekel Meyer, acompa\u00f1ado por el juez de la Suprema Corte, Dr. Mart\u00edn Llamas; los jueces del fuero penal del Centro Judicial San Pedro Dres. Liliana Pellegrini, Juan Cabezas Hametti, Leonardo Zazzali, Pamela de la Cruces, Marcelo Ib\u00e1\u00f1ez y Sergio Gonz\u00e1lez; y el Jefe de la Polic\u00eda de la Provincia Crio Gral. Milton S\u00e1nchez.<\/p>\n\n\n\n<p>Asimismo, estuvo presente Sergio Sarlo, Coordinador Nacional del Banco de Armas y Municiones del pa\u00eds (BANMAC \u2013 RENAR), quien supervis\u00f3 el operativo de recepci\u00f3n y traslado del material incautado, garantizando su derivaci\u00f3n a los dep\u00f3sitos oficiales.<\/p>\n\n\n\n<p>De esta manera, la Suprema Corte de Justicia reafirma su compromiso con la legalidad, la seguridad p\u00fablica y la responsabilidad institucional en el tratamiento de los bienes incautados en el marco de los procesos judiciales.<\/p>\n","protected":false},"excerpt":{"rendered":"<p>En el marco de las pol\u00edticas de seguridad y transparencia impulsadas por el Poder Judicial de Jujuy, se concret\u00f3 en el Centro Judicial de San Pedro de Jujuy la primera entrega de armas de fuego y municiones en condici\u00f3n de decomiso, con destino a su destrucci\u00f3n definitiva. La medida se llev\u00f3 a cabo en cumplimiento [&hellip;]<\/p>\n","protected":false},"author":49,"featured_media":432879,"comment_status":"open","ping_status":"open","sticky":false,"template":"","format":"standard","meta":{"_stopmodifiedupdate":false,"_modified_date":"","inline_featured_image":false,"spay_email":"","jetpack_publicize_message":""},"categories":[4,3],"tags":[],"jetpack_featured_media_url":"https:\/\/notinor.com\/jujuy\/wp-content\/uploads\/2025\/09\/armas-decomisadas-san-pedro.jpg","jetpack_publicize_connections":[],"_links":{"self":[{"href":"https:\/\/notinor.com\/jujuy\/wp-json\/wp\/v2\/posts\/432878"}],"collection":[{"href":"https:\/\/notinor.com\/jujuy\/wp-json\/wp\/v2\/posts"}],"about":[{"href":"https:\/\/notinor.com\/jujuy\/wp-json\/wp\/v2\/types\/post"}],"author":[{"embeddable":true,"href":"https:\/\/notinor.com\/jujuy\/wp-json\/wp\/v2\/users\/49"}],"replies":[{"embeddable":true,"href":"https:\/\/notinor.com\/jujuy\/wp-json\/wp\/v2\/comments?post=432878"}],"version-history":[{"count":1,"href":"https:\/\/notinor.com\/jujuy\/wp-json\/wp\/v2\/posts\/432878\/revisions"}],"predecessor-version":[{"id":432880,"href":"https:\/\/notinor.com\/jujuy\/wp-json\/wp\/v2\/posts\/432878\/revisions\/432880"}],"wp:featuredmedia":[{"embeddable":true,"href":"https:\/\/notinor.com\/jujuy\/wp-json\/wp\/v2\/media\/432879"}],"wp:attachment":[{"href":"https:\/\/notinor.com\/jujuy\/wp-json\/wp\/v2\/media?parent=432878"}],"wp:term":[{"taxonomy":"category","embeddable":true,"href":"https:\/\/notinor.com\/jujuy\/wp-json\/wp\/v2\/categories?post=432878"},{"taxonomy":"post_tag","embeddable":true,"href":"https:\/\/notinor.com\/jujuy\/wp-json\/wp\/v2\/tags?post=432878"}],"curies":[{"name":"wp","href":"https:\/\/api.w.org\/{rel}","templated":true}]}}