{"id":432478,"date":"2025-09-03T20:55:00","date_gmt":"2025-09-03T23:55:00","guid":{"rendered":"https:\/\/notinor.com\/jujuy\/?p=432478"},"modified":"2025-09-03T08:55:09","modified_gmt":"2025-09-03T08:55:09","slug":"jovenes-candidatas-a-embajadora-de-la-fne-por-el-departamento-cochinoca-visitaron-la-legislatura","status":"publish","type":"post","link":"https:\/\/notinor.com\/jujuy\/jovenes-candidatas-a-embajadora-de-la-fne-por-el-departamento-cochinoca-visitaron-la-legislatura\/","title":{"rendered":"J\u00f3venes candidatas a Embajadora de la FNE por el Departamento Cochinoca visitaron la Legislatura"},"content":{"rendered":"\n<p class=\"has-medium-font-size\"><strong><em>La Legislatura de Jujuy recibi\u00f3 la visita de j\u00f3venes estudiantes de diferentes establecimientos educativos de la Puna, quienes participar\u00e1n este jueves 4 de septiembre en la elecci\u00f3n de la Embajadora del Departamento Cochinoca. El evento tendr\u00e1 lugar en el Anfiteatro Municipal de Abra Pampa, en el marco de la Fiesta Nacional de los Estudiantes.<\/em><\/strong><\/p>\n\n\n<div class=\"wp-block-image\">\n<figure class=\"aligncenter size-large\"><img decoding=\"async\" loading=\"lazy\" width=\"720\" height=\"480\" src=\"https:\/\/notinor.com\/jujuy\/wp-content\/uploads\/2025\/09\/REINAS1-720x480.jpeg\" alt=\"\" class=\"wp-image-432480\" srcset=\"https:\/\/notinor.com\/jujuy\/wp-content\/uploads\/2025\/09\/REINAS1-720x480.jpeg 720w, https:\/\/notinor.com\/jujuy\/wp-content\/uploads\/2025\/09\/REINAS1-548x365.jpeg 548w, https:\/\/notinor.com\/jujuy\/wp-content\/uploads\/2025\/09\/REINAS1.jpeg 750w\" sizes=\"(max-width: 720px) 100vw, 720px\" \/><\/figure><\/div>\n\n\n<p>Las legisladoras <strong>Valeria G\u00f3mez <\/strong>y <strong>Ver\u00f3nica Valente <\/strong>brindaron la bienvenida a las representantes escolares:<strong> Luisana Naomi Bernardette O\u00f1a<\/strong> de la Esc. Secundaria Rural N\u00b04 E. V (Puesto del M\u00e1rquez), <strong>Carla Rocio Aucapi\u00f1a <\/strong>del Colegio Polimodal N\u00b02, <strong>Carolina Nayra Valentina Tolaba<\/strong> de la Escuela Normal Sto. J.B. Cabral, <strong>Sofia Milagros Rosales <\/strong>de la Escuela Provincial Agrot\u00e9cnica N\u00b08, <strong>Marianela Bitia Sarapura <\/strong>del Colegio Secundario N\u00b011 (Tusaquillas), <strong>Amalia Merlina Valdiviezo<\/strong> de la Escuela Secundaria Rural N\u00b01 E.V (Quebrale\u00f1a), <strong>Laura Ruth Solange Quipildor <\/strong>del Colegio Secundario N\u00b050 (Tres Pozos), <strong>Marcelina Fernanda Solano<\/strong> del Colegio Secundario N\u00b022 (Cochinoca) y <strong>Cristina Rosaura Isabel Carrillo <\/strong>del Colegio Secundario N\u00b019 (Casabindo).<\/p>\n\n\n<div class=\"wp-block-image\">\n<figure class=\"aligncenter size-large\"><img decoding=\"async\" loading=\"lazy\" width=\"719\" height=\"480\" src=\"https:\/\/notinor.com\/jujuy\/wp-content\/uploads\/2025\/09\/REINAS1-1-719x480.jpeg\" alt=\"\" class=\"wp-image-432481\" srcset=\"https:\/\/notinor.com\/jujuy\/wp-content\/uploads\/2025\/09\/REINAS1-1-719x480.jpeg 719w, https:\/\/notinor.com\/jujuy\/wp-content\/uploads\/2025\/09\/REINAS1-1-547x365.jpeg 547w, https:\/\/notinor.com\/jujuy\/wp-content\/uploads\/2025\/09\/REINAS1-1-768x513.jpeg 768w, https:\/\/notinor.com\/jujuy\/wp-content\/uploads\/2025\/09\/REINAS1-1-1536x1025.jpeg 1536w, https:\/\/notinor.com\/jujuy\/wp-content\/uploads\/2025\/09\/REINAS1-1-750x501.jpeg 750w, https:\/\/notinor.com\/jujuy\/wp-content\/uploads\/2025\/09\/REINAS1-1-1140x761.jpeg 1140w, https:\/\/notinor.com\/jujuy\/wp-content\/uploads\/2025\/09\/REINAS1-1.jpeg 1600w\" sizes=\"(max-width: 719px) 100vw, 719px\" \/><\/figure><\/div>\n\n\n<p>Durante la visita, las j\u00f3venes recorrieron las \u00e1reas de la instituci\u00f3n, prestando especial inter\u00e9s en los murales que forman parte del patrimonio pict\u00f3rico del edificio. Posteriormente ingresaron al Recinto de Sesiones, donde las diputadas G\u00f3mez y Valente ofrecieron c\u00e1lidas palabras de bienvenida y explicaron brevemente el funcionamiento de la C\u00e1mara de Diputados.<\/p>\n\n\n<div class=\"wp-block-image\">\n<figure class=\"aligncenter size-large\"><img decoding=\"async\" loading=\"lazy\" width=\"719\" height=\"480\" src=\"https:\/\/notinor.com\/jujuy\/wp-content\/uploads\/2025\/09\/REINAS1-2-719x480.jpeg\" alt=\"\" class=\"wp-image-432482\" srcset=\"https:\/\/notinor.com\/jujuy\/wp-content\/uploads\/2025\/09\/REINAS1-2-719x480.jpeg 719w, https:\/\/notinor.com\/jujuy\/wp-content\/uploads\/2025\/09\/REINAS1-2-547x365.jpeg 547w, https:\/\/notinor.com\/jujuy\/wp-content\/uploads\/2025\/09\/REINAS1-2-768x513.jpeg 768w, https:\/\/notinor.com\/jujuy\/wp-content\/uploads\/2025\/09\/REINAS1-2-1536x1025.jpeg 1536w, https:\/\/notinor.com\/jujuy\/wp-content\/uploads\/2025\/09\/REINAS1-2-750x501.jpeg 750w, https:\/\/notinor.com\/jujuy\/wp-content\/uploads\/2025\/09\/REINAS1-2-1140x761.jpeg 1140w, https:\/\/notinor.com\/jujuy\/wp-content\/uploads\/2025\/09\/REINAS1-2.jpeg 1600w\" sizes=\"(max-width: 719px) 100vw, 719px\" \/><\/figure><\/div>\n\n\n<p>La diputada Valeria G\u00f3mez expres\u00f3 que se recibe con mucha alegr\u00eda a todas las embajadoras de las instituciones educativas del departamento Cochinoca, \"quienes llegaron a San Salvador de Jujuy para realizar un recorrido y visitar la Legislatura, con el prop\u00f3sito de conocer de cerca la labor legislativa que llevamos adelante\", coment\u00f3.<\/p>\n\n\n<div class=\"wp-block-image\">\n<figure class=\"aligncenter size-large\"><img decoding=\"async\" loading=\"lazy\" width=\"840\" height=\"181\" src=\"https:\/\/notinor.com\/jujuy\/wp-content\/uploads\/2025\/09\/REINAS1-840x181.jpg\" alt=\"\" class=\"wp-image-432483\" srcset=\"https:\/\/notinor.com\/jujuy\/wp-content\/uploads\/2025\/09\/REINAS1-840x181.jpg 840w, https:\/\/notinor.com\/jujuy\/wp-content\/uploads\/2025\/09\/REINAS1-660x142.jpg 660w, https:\/\/notinor.com\/jujuy\/wp-content\/uploads\/2025\/09\/REINAS1-768x166.jpg 768w, https:\/\/notinor.com\/jujuy\/wp-content\/uploads\/2025\/09\/REINAS1-750x162.jpg 750w, https:\/\/notinor.com\/jujuy\/wp-content\/uploads\/2025\/09\/REINAS1-1140x246.jpg 1140w, https:\/\/notinor.com\/jujuy\/wp-content\/uploads\/2025\/09\/REINAS1.jpg 1172w\" sizes=\"(max-width: 840px) 100vw, 840px\" \/><\/figure><\/div>\n\n\n<p>Agreg\u00f3 que \"este encuentro nos renueva con juventud, alegr\u00eda y esp\u00edritu festivo, porque Jujuy es sin\u00f3nimo de primavera y lo sentimos profundamente en el coraz\u00f3n de todos los juje\u00f1os\".<\/p>\n\n\n\n<p>Por su parte, la directora de la Escuela Agrot\u00e9cnica N\u00b0 8, <strong>Beatriz Carolina Tambo<\/strong>, agradeci\u00f3 la invitaci\u00f3n y destac\u00f3 que es \"sumamente importante que nuestra juventud visite estos espacios, que conozca a sus representantes y pueda intercambiar ideas. Agradecemos la predisposici\u00f3n y la calidez con la que fueron recibidas. Invitamos tambi\u00e9n a toda la comunidad a compartir la elecci\u00f3n departamental, que se realizar\u00e1 el pr\u00f3ximo 4 de septiembre en el Anfiteatro Municipal de Abra Pampa\", concluy\u00f3.<\/p>\n\n\n\n<p>La Legislatura de Jujuy contin\u00faa acompa\u00f1ando a los estudiantes en el marco de la Fiesta Nacional de los Estudiantes, promoviendo su participaci\u00f3n y acercamiento a las instituciones del Estado. En reconocimiento a la visita, docentes a cargo de la delegaci\u00f3n recibieron material informativo de la Legislatura.<\/p>\n","protected":false},"excerpt":{"rendered":"<p>La Legislatura de Jujuy recibi\u00f3 la visita de j\u00f3venes estudiantes de diferentes establecimientos educativos de la Puna, quienes participar\u00e1n este jueves 4 de septiembre en la elecci\u00f3n de la Embajadora del Departamento Cochinoca. El evento tendr\u00e1 lugar en el Anfiteatro Municipal de Abra Pampa, en el marco de la Fiesta Nacional de los Estudiantes. Las [&hellip;]<\/p>\n","protected":false},"author":5,"featured_media":432479,"comment_status":"open","ping_status":"open","sticky":false,"template":"","format":"standard","meta":{"_stopmodifiedupdate":false,"_modified_date":"","inline_featured_image":false,"spay_email":"","jetpack_publicize_message":""},"categories":[514],"tags":[],"jetpack_featured_media_url":"https:\/\/notinor.com\/jujuy\/wp-content\/uploads\/2025\/09\/REINAS.jpeg","jetpack_publicize_connections":[],"_links":{"self":[{"href":"https:\/\/notinor.com\/jujuy\/wp-json\/wp\/v2\/posts\/432478"}],"collection":[{"href":"https:\/\/notinor.com\/jujuy\/wp-json\/wp\/v2\/posts"}],"about":[{"href":"https:\/\/notinor.com\/jujuy\/wp-json\/wp\/v2\/types\/post"}],"author":[{"embeddable":true,"href":"https:\/\/notinor.com\/jujuy\/wp-json\/wp\/v2\/users\/5"}],"replies":[{"embeddable":true,"href":"https:\/\/notinor.com\/jujuy\/wp-json\/wp\/v2\/comments?post=432478"}],"version-history":[{"count":1,"href":"https:\/\/notinor.com\/jujuy\/wp-json\/wp\/v2\/posts\/432478\/revisions"}],"predecessor-version":[{"id":432484,"href":"https:\/\/notinor.com\/jujuy\/wp-json\/wp\/v2\/posts\/432478\/revisions\/432484"}],"wp:featuredmedia":[{"embeddable":true,"href":"https:\/\/notinor.com\/jujuy\/wp-json\/wp\/v2\/media\/432479"}],"wp:attachment":[{"href":"https:\/\/notinor.com\/jujuy\/wp-json\/wp\/v2\/media?parent=432478"}],"wp:term":[{"taxonomy":"category","embeddable":true,"href":"https:\/\/notinor.com\/jujuy\/wp-json\/wp\/v2\/categories?post=432478"},{"taxonomy":"post_tag","embeddable":true,"href":"https:\/\/notinor.com\/jujuy\/wp-json\/wp\/v2\/tags?post=432478"}],"curies":[{"name":"wp","href":"https:\/\/api.w.org\/{rel}","templated":true}]}}