{"id":432468,"date":"2025-09-03T22:13:46","date_gmt":"2025-09-04T01:13:46","guid":{"rendered":"https:\/\/notinor.com\/jujuy\/?p=432468"},"modified":"2025-09-03T22:13:48","modified_gmt":"2025-09-04T01:13:48","slug":"se-dicto-prision-preventiva-a-una-mujer-acusada-de-matar-a-su-perra-prenada-en-san-pedro-de-jujuy","status":"publish","type":"post","link":"https:\/\/notinor.com\/jujuy\/se-dicto-prision-preventiva-a-una-mujer-acusada-de-matar-a-su-perra-prenada-en-san-pedro-de-jujuy\/","title":{"rendered":"Se dict\u00f3\u00a0prisi\u00f3n preventiva a una mujer acusada de matar a su perra pre\u00f1ada en San Pedro de Jujuy"},"content":{"rendered":"\n<p class=\"has-medium-font-size\"><strong><em>La Jueza Ambiental, Dra. Mar\u00eda Laura Flores, resolvi\u00f3 imputar a E.R.D. en car\u00e1cter de supuesta autora del delito de \u201cCrueldad Animal\u201d, previsto en el art. 1 y 3 inc. 6\u00ba y 7\u00ba de la Ley 14.346., y art. 45 del C\u00f3digo Penal, dict\u00f3 la prisi\u00f3n preventiva en contra de la imputada por el plazo de 15 d\u00edas y orden\u00f3 su traslado al Servicio Penitenciario de la Provincia.<\/em><\/strong><\/p>\n\n\n\n<p><\/p>\n\n\n<div class=\"wp-block-image\">\n<figure class=\"aligncenter size-full\"><img decoding=\"async\" loading=\"lazy\" width=\"800\" height=\"450\" src=\"https:\/\/notinor.com\/jujuy\/wp-content\/uploads\/2025\/09\/crueldad-animal.jpg\" alt=\"\" class=\"wp-image-432469\" srcset=\"https:\/\/notinor.com\/jujuy\/wp-content\/uploads\/2025\/09\/crueldad-animal.jpg 800w, https:\/\/notinor.com\/jujuy\/wp-content\/uploads\/2025\/09\/crueldad-animal-649x365.jpg 649w, https:\/\/notinor.com\/jujuy\/wp-content\/uploads\/2025\/09\/crueldad-animal-500x280.jpg 500w, https:\/\/notinor.com\/jujuy\/wp-content\/uploads\/2025\/09\/crueldad-animal-768x432.jpg 768w, https:\/\/notinor.com\/jujuy\/wp-content\/uploads\/2025\/09\/crueldad-animal-750x422.jpg 750w\" sizes=\"(max-width: 800px) 100vw, 800px\" \/><figcaption class=\"wp-element-caption\">Imagen ilustrativa<\/figcaption><\/figure><\/div>\n\n\n<p><\/p>\n\n\n\n<p><strong>Adem\u00e1s, la magistrada, de acuerdo con lo solicitado por la Fiscal\u00eda, estableci\u00f3 un plazo de cuatro meses para la realizaci\u00f3n de la Investigaci\u00f3n Penal Preparatoria.<\/strong><\/p>\n\n\n\n<p>La audiencia de imputaci\u00f3n y conocimiento de causa se realiz\u00f3 ayer, 2 de septiembre, en forma virtual mediante plataforma de zoom, participando la Jueza especializada en temas Ambientales, Dra. Mar\u00eda Laura Flores; el Ayudante Fiscal, Dr. Esteban L\u00f3pez; en tanto, en ejercicio de la defensa t\u00e9cnica de la acusada se desempe\u00f1\u00f3 el Defensor P\u00fablico Penal subrogante en la Defensor\u00eda Penal N\u00ba 6, Dr. Juan Pablo Canetti.<\/p>\n\n\n\n<p><strong>El proceso acusatorio que se le sigue a la mujer de 62 a\u00f1os de edad, inici\u00f3 el 28 de agosto del a\u00f1o en curso en la ciudad de San Pedro de Jujuy por una denuncia formulada por la presidente de una asociaci\u00f3n protectora de animales, qui\u00e9n habr\u00eda tomado conocimiento del maltrato de una mascota canina hembra que se encontraba pre\u00f1ada y que viv\u00eda en un barrio de esa ciudad.<\/strong><\/p>\n\n\n\n<p><strong>La denunciante manifest\u00f3 que observ\u00f3 un video en el que la imputada habr\u00eda provocado lesiones y da\u00f1o a dicha mascota; informando tambi\u00e9n que el video habr\u00eda sido grabado por los vecinos de E.R.D.<\/strong><\/p>\n\n\n\n<p>De igual manera, la denunciante indic\u00f3 que dichos vecinos le habr\u00edan comentado que la perra pasaba hambre, estaba atada y que ellos la alimentaban; y que la acusada ten\u00eda otro perro mestizo, el cual habr\u00eda podido rescatar la denunciante.<\/p>\n\n\n\n<p><strong>En este sentido, se cuenta con el testimonio de una persona que habr\u00eda observado a la mujer manipulando a una perra de color blanco que habr\u00eda presentado un corte profundo; causa por la que el testigo habr\u00eda consultado a la imputada por la situaci\u00f3n y habr\u00eda obtenido como respuesta de la misma que lo hac\u00eda siguiendo indicaciones de un veterinario,<\/strong> con el fin de extraer las cr\u00edas, ya que la perra se hallaba pre\u00f1ada; lo que habr\u00eda provocado la muerte del animal.<\/p>\n\n\n\n<p class=\"has-medium-font-size\"><strong>Audiencia<\/strong><\/p>\n\n\n\n<p>En la audiencia llevada a cabo ayer, 2 de septiembre, el Agente Fiscal solicit\u00f3 30 d\u00edas de prisi\u00f3n preventiva de E.R.D. como as\u00ed tambi\u00e9n el plazo de cuatro meses para la realizaci\u00f3n de la Investigaci\u00f3n Penal Preparatoria.<\/p>\n\n\n\n<p><strong>En respuesta, la defensa t\u00e9cnica de la imputada no coincidi\u00f3 con lo solicitado por la Fiscal\u00eda, y procedi\u00f3 el defensor a exponer sus argumentos, solicitando que se cautele el proceso con otras medidas alternativas menos gravosas.<\/strong><\/p>\n","protected":false},"excerpt":{"rendered":"<p>La Jueza Ambiental, Dra. Mar\u00eda Laura Flores, resolvi\u00f3 imputar a E.R.D. en car\u00e1cter de supuesta autora del delito de \u201cCrueldad Animal\u201d, previsto en el art. 1 y 3 inc. 6\u00ba y 7\u00ba de la Ley 14.346., y art. 45 del C\u00f3digo Penal, dict\u00f3 la prisi\u00f3n preventiva en contra de la imputada por el plazo de [&hellip;]<\/p>\n","protected":false},"author":49,"featured_media":432469,"comment_status":"open","ping_status":"open","sticky":false,"template":"","format":"standard","meta":{"_stopmodifiedupdate":false,"_modified_date":"","inline_featured_image":false,"spay_email":"","jetpack_publicize_message":""},"categories":[2,4,3],"tags":[],"jetpack_featured_media_url":"https:\/\/notinor.com\/jujuy\/wp-content\/uploads\/2025\/09\/crueldad-animal.jpg","jetpack_publicize_connections":[],"_links":{"self":[{"href":"https:\/\/notinor.com\/jujuy\/wp-json\/wp\/v2\/posts\/432468"}],"collection":[{"href":"https:\/\/notinor.com\/jujuy\/wp-json\/wp\/v2\/posts"}],"about":[{"href":"https:\/\/notinor.com\/jujuy\/wp-json\/wp\/v2\/types\/post"}],"author":[{"embeddable":true,"href":"https:\/\/notinor.com\/jujuy\/wp-json\/wp\/v2\/users\/49"}],"replies":[{"embeddable":true,"href":"https:\/\/notinor.com\/jujuy\/wp-json\/wp\/v2\/comments?post=432468"}],"version-history":[{"count":1,"href":"https:\/\/notinor.com\/jujuy\/wp-json\/wp\/v2\/posts\/432468\/revisions"}],"predecessor-version":[{"id":432470,"href":"https:\/\/notinor.com\/jujuy\/wp-json\/wp\/v2\/posts\/432468\/revisions\/432470"}],"wp:featuredmedia":[{"embeddable":true,"href":"https:\/\/notinor.com\/jujuy\/wp-json\/wp\/v2\/media\/432469"}],"wp:attachment":[{"href":"https:\/\/notinor.com\/jujuy\/wp-json\/wp\/v2\/media?parent=432468"}],"wp:term":[{"taxonomy":"category","embeddable":true,"href":"https:\/\/notinor.com\/jujuy\/wp-json\/wp\/v2\/categories?post=432468"},{"taxonomy":"post_tag","embeddable":true,"href":"https:\/\/notinor.com\/jujuy\/wp-json\/wp\/v2\/tags?post=432468"}],"curies":[{"name":"wp","href":"https:\/\/api.w.org\/{rel}","templated":true}]}}