{"id":432450,"date":"2025-09-03T13:34:04","date_gmt":"2025-09-03T16:34:04","guid":{"rendered":"https:\/\/notinor.com\/jujuy\/?p=432450"},"modified":"2025-09-03T13:34:46","modified_gmt":"2025-09-03T16:34:46","slug":"milei-reunio-a-su-gabinete-en-casa-rosada-antes-de-viajar-a-estados-unidos","status":"publish","type":"post","link":"https:\/\/notinor.com\/jujuy\/milei-reunio-a-su-gabinete-en-casa-rosada-antes-de-viajar-a-estados-unidos\/","title":{"rendered":"Milei reuni\u00f3 a su Gabinete en Casa Rosada antes de viajar a Estados Unidos"},"content":{"rendered":"\n<p class=\"has-medium-font-size\"><strong><em>Por primera vez desde la filtraci\u00f3n de los pol\u00e9micos audios, el presidente Javier Milei convoc\u00f3 este martes a todo su equipo de ministros en la Casa Rosada. El objetivo del encuentro fue ordenar la gesti\u00f3n y reforzar la coordinaci\u00f3n interna antes de emprender un nuevo viaje oficial a Estados Unidos<\/em><\/strong>.<\/p>\n\n\n\n<p class=\"has-text-align-center\"><img decoding=\"async\" loading=\"lazy\" height=\"1032\" width=\"1600\" src=\"https:\/\/www.infobae.com\/resizer\/v2\/IZ7JHXOE2VH5FKLJR3AYUZOKS4.jpg?auth=883336fc628ebd9ba552f5431e9ea88263d0c34bf18770d384ed78d0b3bc2c38&amp;smart=true&amp;width=350&amp;height=226&amp;quality=85\" alt=\"Javier Milei y su reuni\u00f3n\">Javier Milei y su reuni\u00f3n de Gabinete de abril<\/p>\n\n\n\n<p>El presidente&nbsp;reuni\u00f3 a su&nbsp;<strong>Gabinete<\/strong>&nbsp;por primera vez desde el cimbronazo que signific\u00f3 el esc\u00e1ndalo de los audios de la&nbsp;<strong>Agencia Nacional de Discapacidad (ANDIS)<\/strong>. El encuentro se da en un clima de extrema sensibilidad para la gesti\u00f3n nacional, que est\u00e1 atravesada por el final de campa\u00f1a en la provincia de&nbsp;<strong>Buenos Aires<\/strong>&nbsp;y el inicio de la nacional; as\u00ed como por la filtraci\u00f3n de grabaciones de&nbsp;<strong>Karina Milei<\/strong>&nbsp;en reuniones privadas.<\/p>\n\n\n\n<p>All\u00ed estaban Milei y su secretaria general de la Presidencia,<strong>&nbsp;Karina Milei<\/strong>; el jefe de Gabinete,&nbsp;<strong>Guillermo Francos<\/strong>, todos los ministros -a excepci\u00f3n de Gerardo Werthein (Canciller\u00eda) y Mariano C\u00faneo Libarona (Justicia)-, los secretarios presidenciales&nbsp;<strong>Manuel Adorni&nbsp;<\/strong>(Comunicaci\u00f3n) y&nbsp;<strong>Mar\u00eda Ibarz\u00e1bal<\/strong>&nbsp;(Legal y T\u00e9cnica); el asesor presidencial,&nbsp;<strong>Santiago Caputo<\/strong>; el presidente del Banco Central,&nbsp;<strong>Santiago Bausilli<\/strong>; y el titular de la C\u00e1mara de Diputados,&nbsp;<strong>Mart\u00edn Menem<\/strong>.<\/p>\n\n\n\n<p>Al terminar la misma,<strong>&nbsp;el Presidente se retir\u00f3 con su comitiva rumbo a la Quinta de Olivos<\/strong>, desde donde saldr\u00e1 directamente para el acto de cierre de campa\u00f1a de La Libertad Avanza en Moreno.<\/p>\n\n\n\n<p class=\"has-text-align-center\"><a rel=\"noreferrer noopener\" href=\"https:\/\/www.infobae.com\/politica\/2025\/09\/03\/kicillof-aseguro-que-no-puede-hacerse-cargo-de-la-seguridad-del-cierre-de-campana-de-milei-y-recomendo-no-se-acerquen-al-acto\/\" target=\"_blank\"><\/a><img decoding=\"async\" loading=\"lazy\" height=\"2104\" width=\"3035\" src=\"https:\/\/www.infobae.com\/resizer\/v2\/JTBDJN4MTOMQ24JBDDE7MLGZMY.jpg?auth=bb6da0ffe48cd7caa667876e3a7df713e9aac520a4f6157ff1b341c32a282247&amp;smart=true&amp;width=350&amp;height=243&amp;quality=85\" alt=\"Argentina's Ecomomy Minister Luis Caputo\">Argentina's Ecomomy Minister Luis Caputo arrives at the presidential palace Casa Rosada, in Buenos Aires<\/p>\n\n\n\n<p>El escenario cambi\u00f3 sustancialmente desde entonces.&nbsp;<strong>La gesti\u00f3n nacional atraviesa su momento con mayor tensi\u00f3n pol\u00edtica<\/strong>. Desde las entra\u00f1as de la gesti\u00f3n, alt\u00edsimos funcionarios admiten que el esquema de coordinaci\u00f3n y toma de decisiones est\u00e1 roto. Una de las causales es la profunda interna que enfrenta a&nbsp;<strong>Mart\u00edn y Eduardo \u201cLule\u201d Menem<\/strong>, responsables de la gesti\u00f3n partidaria, pero con terminales en algunas carteras ejecutivas; con el del asesor presidencial&nbsp;<strong>Santiago Caputo<\/strong>, que tiene a su cargo la coordinaci\u00f3n y la gesti\u00f3n macro de la administraci\u00f3n del Gobierno, as\u00ed como la comunicaci\u00f3n y estrategia pol\u00edtica para la campa\u00f1a.<\/p>\n\n\n\n<p>Aunque todav\u00eda no esgrimieron explicaciones concluyentes sobre las acusaciones que Spagnuolo hace en los audios revelados semanas atr\u00e1s, el Gobierno parece haber encontrado una rendija donde comenzar a correr la agenda medi\u00e1tica y establecer una narrativa propia: la de que son presuntas v\u00edctimas de una \u201coperaci\u00f3n de inteligencia no institucional\u201d que busca desestabilizar el Gobierno antes de las elecciones generales del 26 de octubre.<\/p>\n\n\n\n<p class=\"has-text-align-center\"><img decoding=\"async\" loading=\"lazy\" height=\"2535\" width=\"3737\" src=\"https:\/\/www.infobae.com\/resizer\/v2\/XOASWNYVFRG63LIH6GM4SVTZIQ.JPG?auth=dfa0b9ba77fdd6839ff56c517a8ff961106c78bb7def118a5492b9949ae4bd75&amp;smart=true&amp;width=350&amp;height=237&amp;quality=85\" alt=\"FILE PHOTO: Argentina's President Javier\">Javier Milei y Karina Milei <\/p>\n\n\n\n<p>En ese marco, el Presidente se trasladar\u00e1 esa tarde a Moreno para encabezar el acto de cierre de campa\u00f1a de las elecciones legislativas de la provincia de Buenos Aires, a celebrarse este domingo. El acto ser\u00e1 en el Club Villa \u00c1ngela y sus puertas abrir\u00e1n a partir de las 17, esper\u00e1ndose que Milei hable a las 19 o 20 horas. La organizaci\u00f3n espera reunir a m\u00e1s de 10.000 asistentes, que contar\u00e1 con la presencia de los ocho candidatos seccionales y miembros destacados del Gabinete.<\/p>\n\n\n\n<p>El mandatario partir\u00e1 en las pr\u00f3ximas horas rumbo a Washington, donde mantendr\u00e1 contactos con referentes pol\u00edticos y empresarios. Su visita busca consolidar apoyos externos en medio de un escenario local marcado por las cr\u00edticas de la oposici\u00f3n y el impacto de las denuncias recientes.<\/p>\n\n\n\n<p>En tanto, desde el Ejecutivo dieron se\u00f1ales de alivio cuando el Presidente confirm\u00f3 ayer que no ir\u00eda a Las Vegas. La postal suya viendo ese show en medio del tembladeral pol\u00edtico y econ\u00f3mico que atraviesa el Gobierno habr\u00eda sido fulminante y una oportunidad para que la oposici\u00f3n pudiera asestarle golpes certeros en el marco de la campa\u00f1a electoral. Milei regresar\u00e1 al pa\u00eds el s\u00e1bado, mientras que el domingo se vota en la provincia de Buenos Aires.<\/p>\n\n\n\n<p>Con Informaci\u00f3n de Infobae<\/p>\n","protected":false},"excerpt":{"rendered":"<p>Por primera vez desde la filtraci\u00f3n de los pol\u00e9micos audios, el presidente Javier Milei convoc\u00f3 este martes a todo su equipo de ministros en la Casa Rosada. El objetivo del encuentro fue ordenar la gesti\u00f3n y reforzar la coordinaci\u00f3n interna antes de emprender un nuevo viaje oficial a Estados Unidos. Javier Milei y su reuni\u00f3n [&hellip;]<\/p>\n","protected":false},"author":5,"featured_media":432451,"comment_status":"open","ping_status":"open","sticky":false,"template":"","format":"standard","meta":{"_stopmodifiedupdate":false,"_modified_date":"","inline_featured_image":false,"spay_email":"","jetpack_publicize_message":""},"categories":[501],"tags":[],"jetpack_featured_media_url":"https:\/\/notinor.com\/jujuy\/wp-content\/uploads\/2025\/09\/GABINETE.jpg","jetpack_publicize_connections":[],"_links":{"self":[{"href":"https:\/\/notinor.com\/jujuy\/wp-json\/wp\/v2\/posts\/432450"}],"collection":[{"href":"https:\/\/notinor.com\/jujuy\/wp-json\/wp\/v2\/posts"}],"about":[{"href":"https:\/\/notinor.com\/jujuy\/wp-json\/wp\/v2\/types\/post"}],"author":[{"embeddable":true,"href":"https:\/\/notinor.com\/jujuy\/wp-json\/wp\/v2\/users\/5"}],"replies":[{"embeddable":true,"href":"https:\/\/notinor.com\/jujuy\/wp-json\/wp\/v2\/comments?post=432450"}],"version-history":[{"count":2,"href":"https:\/\/notinor.com\/jujuy\/wp-json\/wp\/v2\/posts\/432450\/revisions"}],"predecessor-version":[{"id":432453,"href":"https:\/\/notinor.com\/jujuy\/wp-json\/wp\/v2\/posts\/432450\/revisions\/432453"}],"wp:featuredmedia":[{"embeddable":true,"href":"https:\/\/notinor.com\/jujuy\/wp-json\/wp\/v2\/media\/432451"}],"wp:attachment":[{"href":"https:\/\/notinor.com\/jujuy\/wp-json\/wp\/v2\/media?parent=432450"}],"wp:term":[{"taxonomy":"category","embeddable":true,"href":"https:\/\/notinor.com\/jujuy\/wp-json\/wp\/v2\/categories?post=432450"},{"taxonomy":"post_tag","embeddable":true,"href":"https:\/\/notinor.com\/jujuy\/wp-json\/wp\/v2\/tags?post=432450"}],"curies":[{"name":"wp","href":"https:\/\/api.w.org\/{rel}","templated":true}]}}