{"id":432418,"date":"2025-09-02T22:27:00","date_gmt":"2025-09-03T01:27:00","guid":{"rendered":"https:\/\/notinor.com\/jujuy\/?p=432418"},"modified":"2025-09-02T10:27:58","modified_gmt":"2025-09-02T10:27:58","slug":"la-comision-de-asuntos-sociales-avanza-en-la-actualizacion-de-la-ley-de-trabajadores-sociales","status":"publish","type":"post","link":"https:\/\/notinor.com\/jujuy\/la-comision-de-asuntos-sociales-avanza-en-la-actualizacion-de-la-ley-de-trabajadores-sociales\/","title":{"rendered":"<strong>La Comisi\u00f3n de Asuntos Sociales avanza en la actualizaci\u00f3n de la ley de trabajadores sociales<\/strong>"},"content":{"rendered":"\n<p class=\"has-medium-font-size\"><strong><em>En el sal\u00f3n Manuel Padilla de la Legislatura se reuni\u00f3 la Comisi\u00f3n de Asuntos Sociales con referentes del Colegio de Trabajadores Sociales de la provincia con el objetivo de visibilizar y conocer en primera persona el avance del proyecto de ley de actualizaci\u00f3n de la ley que los conforma como instituci\u00f3n<\/em><\/strong>.<\/p>\n\n\n<div class=\"wp-block-image\">\n<figure class=\"aligncenter size-large\"><img decoding=\"async\" loading=\"lazy\" width=\"721\" height=\"480\" src=\"https:\/\/notinor.com\/jujuy\/wp-content\/uploads\/2025\/09\/PROYECTO-721x480.jpeg\" alt=\"\" class=\"wp-image-432427\" srcset=\"https:\/\/notinor.com\/jujuy\/wp-content\/uploads\/2025\/09\/PROYECTO-721x480.jpeg 721w, https:\/\/notinor.com\/jujuy\/wp-content\/uploads\/2025\/09\/PROYECTO-549x365.jpeg 549w, https:\/\/notinor.com\/jujuy\/wp-content\/uploads\/2025\/09\/PROYECTO.jpeg 750w\" sizes=\"(max-width: 721px) 100vw, 721px\" \/><\/figure><\/div>\n\n\n<p>Con ese prop\u00f3sito, estuvieron presentes <strong>Mariela Raquel Corimayo<\/strong>, presidenta del Colegio de Trabajo Social, <strong>Aylen L\u00f3pez <\/strong>(vicepresidenta), <strong>Nadia Melina Flores<\/strong>, <strong>Norma del Valle Churquina,<\/strong> <strong>Carolina Abigail G\u00f3mez<\/strong>, <strong>Agustina del Carmen Coronel<\/strong>, adem\u00e1s de la Lic. <strong>Ana Mar\u00eda Lucas,<\/strong> la primera profesional de la matr\u00edcula en la provincia de Jujuy.<\/p>\n\n\n\n<p>Luego de la reuni\u00f3n, la presidenta de la comisi\u00f3n,<strong> Malena Amerise destac\u00f3<\/strong> la importancia de avanzar en la actualizaci\u00f3n de la normativa que regula la profesi\u00f3n, vigente desde hace cuatro d\u00e9cadas. \"En cuarenta a\u00f1os han pasado muchas cosas y su funci\u00f3n es muy importante en diferentes \u00e1mbitos, no solamente del gobierno, en el sector privado y tambi\u00e9n en el judicial\", se\u00f1al\u00f3.<\/p>\n\n\n<div class=\"wp-block-image\">\n<figure class=\"aligncenter size-full is-resized\"><img decoding=\"async\" loading=\"lazy\" src=\"https:\/\/notinor.com\/jujuy\/wp-content\/uploads\/2025\/09\/PROYECTO1.jpg\" alt=\"\" class=\"wp-image-432429\" width=\"673\" height=\"446\"\/><\/figure><\/div>\n\n\n<p>En esa misma l\u00ednea Amerise coment\u00f3 que el proyecto lleva a\u00f1os de trabajo conjunto con los profesionales: \"La verdad que es un trabajo que se viene desarrollando, hace m\u00e1s de cuatro a\u00f1os, y, nosotros nos hemos sumado en un trabajo que tiene que ver justamente con poder darle la t\u00e9cnica legislativa y poder generar un proyecto que se pueda ejecutar de la mejor manera. Hay mucho trabajo en este proyecto y creo que es importante ponerlo en valor\", sostuvo.<\/p>\n\n\n\n<p>Los legisladores pudieron escuchar a la pionera de la disciplina en la provincia, la primera matriculada, la Lic. Ana Mar\u00eda Lucas, quien record\u00f3 que, \"cuando inici\u00e9 la profesi\u00f3n en la provincia, soy matr\u00edcula uno, las funciones nuestras eran muy distintas a lo que exige la realidad actual. En ese momento era asistencia, ayuda, gesti\u00f3n, servicio. Hoy, realmente, esta ley da un vuelco completamente a nuestro rol. Pasamos de un rol asistencial a un rol terap\u00e9utico, tan necesario en estos tiempos con tantas problem\u00e1ticas sociales muy complejas\", refiri\u00f3.<\/p>\n\n\n\n<p>Por su parte la presidenta del Colegio de Trabajo Social, Lic. Mariela Corimayo, expres\u00f3 su agradecimiento a los legisladores por el recibimiento y valor\u00f3 el apoyo y la experiencia de la Lic. Ana Mar\u00eda Lucas en el armado del proyecto de ley, \"Anita tambi\u00e9n como experiencia es fundamental\". Y agreg\u00f3 que el objetivo es, \"volver a poner en auge el trabajo social, visibilizar a los trabajadores sociales que no solamente estaban, como dec\u00eda, como asistencialistas, sino que empezar a trabajar en todos los ministerios\".<\/p>\n\n\n\n<p>Finalmente, la vicepresidenta del Colegio, Lic. <strong>Aylen L\u00f3pez<\/strong>, resalt\u00f3 su satisfacci\u00f3n porque \"est\u00e1bamos esperando ya hace tiempo la oportunidad de poder dar a conocer el trabajo que venimos realizando con los profesionales de trabajo social. Es un trabajo que se realiza d\u00eda a d\u00eda. Construir y trabajar en esta nueva ley fue un proceso de a\u00f1os, de un trabajo en equipo, de distintas comisiones directivas que han pasado\", subray\u00f3.<\/p>\n","protected":false},"excerpt":{"rendered":"<p>En el sal\u00f3n Manuel Padilla de la Legislatura se reuni\u00f3 la Comisi\u00f3n de Asuntos Sociales con referentes del Colegio de Trabajadores Sociales de la provincia con el objetivo de visibilizar y conocer en primera persona el avance del proyecto de ley de actualizaci\u00f3n de la ley que los conforma como instituci\u00f3n. Con ese prop\u00f3sito, estuvieron [&hellip;]<\/p>\n","protected":false},"author":5,"featured_media":432428,"comment_status":"open","ping_status":"open","sticky":false,"template":"","format":"standard","meta":{"_stopmodifiedupdate":false,"_modified_date":"","inline_featured_image":false,"spay_email":"","jetpack_publicize_message":""},"categories":[514],"tags":[],"jetpack_featured_media_url":"https:\/\/notinor.com\/jujuy\/wp-content\/uploads\/2025\/09\/PROYECTO1.jpeg","jetpack_publicize_connections":[],"_links":{"self":[{"href":"https:\/\/notinor.com\/jujuy\/wp-json\/wp\/v2\/posts\/432418"}],"collection":[{"href":"https:\/\/notinor.com\/jujuy\/wp-json\/wp\/v2\/posts"}],"about":[{"href":"https:\/\/notinor.com\/jujuy\/wp-json\/wp\/v2\/types\/post"}],"author":[{"embeddable":true,"href":"https:\/\/notinor.com\/jujuy\/wp-json\/wp\/v2\/users\/5"}],"replies":[{"embeddable":true,"href":"https:\/\/notinor.com\/jujuy\/wp-json\/wp\/v2\/comments?post=432418"}],"version-history":[{"count":3,"href":"https:\/\/notinor.com\/jujuy\/wp-json\/wp\/v2\/posts\/432418\/revisions"}],"predecessor-version":[{"id":432419,"href":"https:\/\/notinor.com\/jujuy\/wp-json\/wp\/v2\/posts\/432418\/revisions\/432419"}],"wp:featuredmedia":[{"embeddable":true,"href":"https:\/\/notinor.com\/jujuy\/wp-json\/wp\/v2\/media\/432428"}],"wp:attachment":[{"href":"https:\/\/notinor.com\/jujuy\/wp-json\/wp\/v2\/media?parent=432418"}],"wp:term":[{"taxonomy":"category","embeddable":true,"href":"https:\/\/notinor.com\/jujuy\/wp-json\/wp\/v2\/categories?post=432418"},{"taxonomy":"post_tag","embeddable":true,"href":"https:\/\/notinor.com\/jujuy\/wp-json\/wp\/v2\/tags?post=432418"}],"curies":[{"name":"wp","href":"https:\/\/api.w.org\/{rel}","templated":true}]}}