{"id":432388,"date":"2025-09-02T10:29:12","date_gmt":"2025-09-02T13:29:12","guid":{"rendered":"https:\/\/notinor.com\/jujuy\/?p=432388"},"modified":"2025-09-02T10:29:15","modified_gmt":"2025-09-02T13:29:15","slug":"la-cultural-fest-tendra-lugar-este-viernes-5","status":"publish","type":"post","link":"https:\/\/notinor.com\/jujuy\/la-cultural-fest-tendra-lugar-este-viernes-5\/","title":{"rendered":"La Cultural Fest tendr\u00e1 lugar este viernes 5"},"content":{"rendered":"\n<p class=\"has-medium-font-size\"><strong><em>En el marco de una nueva edici\u00f3n de la Fiesta Nacional de los Estudiantes (FNE) se desarrollar\u00e1 en predios de la Ciudad Cultural este viernes una nueva edici\u00f3n de la Cultural Fest. La cita es a partir de las 19 horas con un costo de 2 mil pesos la entrada<\/em><\/strong>.<\/p>\n\n\n<div class=\"wp-block-image\">\n<figure class=\"aligncenter\"><img decoding=\"async\" src=\"https:\/\/media.prensa.jujuy.gob.ar\/p\/9d16c0d798524f0e6e890c0eac0f683f\/adjuntos\/301\/imagenes\/000\/416\/0000416503\/1200x0\/smart\/whatsapp-image-2025-09-01-at-200732.jpeg\" alt=\"La Cultural Fest tendr\u00e1 lugar este viernes 5\" title=\"La Cultural Fest tendr\u00e1 lugar este viernes 5\"\/><\/figure><\/div>\n\n\n<p>Cabe recordar que la recaudaci\u00f3n se destinar\u00e1 exclusivamente a los estudiantes de los colegios que participan de las actividades de la Fiesta Nacional de los Estudiantes.<\/p>\n\n\n\n<p>Los principales n\u00fameros art\u00edsticos de la jornada ser\u00e1n la actuaci\u00f3n de <strong>Cele Rodr\u00edguez<\/strong> y toda la m\u00fasica de <strong>DJ Dexter<\/strong>.<\/p>\n","protected":false},"excerpt":{"rendered":"<p>En el marco de una nueva edici\u00f3n de la Fiesta Nacional de los Estudiantes (FNE) se desarrollar\u00e1 en predios de la Ciudad Cultural este viernes una nueva edici\u00f3n de la Cultural Fest. La cita es a partir de las 19 horas con un costo de 2 mil pesos la entrada. Cabe recordar que la recaudaci\u00f3n [&hellip;]<\/p>\n","protected":false},"author":5,"featured_media":432389,"comment_status":"open","ping_status":"open","sticky":false,"template":"","format":"standard","meta":{"_stopmodifiedupdate":false,"_modified_date":"","inline_featured_image":false,"spay_email":"","jetpack_publicize_message":""},"categories":[21],"tags":[],"jetpack_featured_media_url":"https:\/\/notinor.com\/jujuy\/wp-content\/uploads\/2025\/09\/CULTURAL-FEST.jpg","jetpack_publicize_connections":[],"_links":{"self":[{"href":"https:\/\/notinor.com\/jujuy\/wp-json\/wp\/v2\/posts\/432388"}],"collection":[{"href":"https:\/\/notinor.com\/jujuy\/wp-json\/wp\/v2\/posts"}],"about":[{"href":"https:\/\/notinor.com\/jujuy\/wp-json\/wp\/v2\/types\/post"}],"author":[{"embeddable":true,"href":"https:\/\/notinor.com\/jujuy\/wp-json\/wp\/v2\/users\/5"}],"replies":[{"embeddable":true,"href":"https:\/\/notinor.com\/jujuy\/wp-json\/wp\/v2\/comments?post=432388"}],"version-history":[{"count":1,"href":"https:\/\/notinor.com\/jujuy\/wp-json\/wp\/v2\/posts\/432388\/revisions"}],"predecessor-version":[{"id":432390,"href":"https:\/\/notinor.com\/jujuy\/wp-json\/wp\/v2\/posts\/432388\/revisions\/432390"}],"wp:featuredmedia":[{"embeddable":true,"href":"https:\/\/notinor.com\/jujuy\/wp-json\/wp\/v2\/media\/432389"}],"wp:attachment":[{"href":"https:\/\/notinor.com\/jujuy\/wp-json\/wp\/v2\/media?parent=432388"}],"wp:term":[{"taxonomy":"category","embeddable":true,"href":"https:\/\/notinor.com\/jujuy\/wp-json\/wp\/v2\/categories?post=432388"},{"taxonomy":"post_tag","embeddable":true,"href":"https:\/\/notinor.com\/jujuy\/wp-json\/wp\/v2\/tags?post=432388"}],"curies":[{"name":"wp","href":"https:\/\/api.w.org\/{rel}","templated":true}]}}