{"id":432385,"date":"2025-09-01T21:58:00","date_gmt":"2025-09-02T00:58:00","guid":{"rendered":"https:\/\/notinor.com\/jujuy\/?p=432385"},"modified":"2025-09-01T09:58:37","modified_gmt":"2025-09-01T09:58:37","slug":"las-candidatas-a-representante-capital-compartieron-una-tarde-de-aprendizaje-de-tecnicas-de-maquillaje","status":"publish","type":"post","link":"https:\/\/notinor.com\/jujuy\/las-candidatas-a-representante-capital-compartieron-una-tarde-de-aprendizaje-de-tecnicas-de-maquillaje\/","title":{"rendered":"Las candidatas a representante capital compartieron una tarde de aprendizaje de t\u00e9cnicas de maquillaje"},"content":{"rendered":"\n<p class=\"has-medium-font-size\"><strong><em>A pocos d\u00edas de la esperada Elecci\u00f3n Representante Capital, que tendr\u00e1 lugar el 14 de septiembre, este s\u00e1bado en Centro cultural \u00c9xodo Juje\u00f1o, las candidatas a la representaci\u00f3n capitalina compartieron una tarde dedicada al cuidado de la piel y al maquillaje, de la mano del equipo de producci\u00f3n de la Coordinaci\u00f3n de Eventos y Espect\u00e1culos de la Municipalidad, Jujuy Models y la firma Idrael.<\/em><\/strong><\/p>\n\n\n<div class=\"wp-block-image\">\n<figure class=\"aligncenter\"><img decoding=\"async\" src=\"https:\/\/www.sansalvadordejujuy.gob.ar\/wp-content\/uploads\/2025\/08\/actividades-con-candidatas-reina-cap-en-CCexodo-jujeno-56-1024x680.jpg\" alt=\"\" class=\"wp-image-92494\"\/><\/figure><\/div>\n\n\n<p>Al respecto, la coordinadora de Eventos, <strong>Cristina \u201cKitty\u201d Conde<\/strong>, resumi\u00f3, \u201choy ya estamos con las 59 candidatas, la \u00faltima fue elegida anoche y se sum\u00f3 al grupo; en esta ocasi\u00f3n estamos con el tema del automaquillaje y el cuidado de la piel\u201d, y resalt\u00f3, \u201cdesde el momento que son elegidas tenemos todas juntas a las candidatas y las contenemos en un grupo al que la mayor\u00eda llega sin conocerse, y confraternizamos junto a Jujuy Models; una prueba m\u00e1s de que tenemos esta posibilidad gracias al apoyo de nuestro intendente \u201cChuli\u201d Jorge\u201d.<\/p>\n\n\n<div class=\"wp-block-image\">\n<figure class=\"aligncenter\"><img decoding=\"async\" src=\"https:\/\/www.sansalvadordejujuy.gob.ar\/wp-content\/uploads\/2025\/08\/actividades-con-candidatas-reina-cap-en-CCexodo-jujeno-44-1024x680.jpg\" alt=\"\" class=\"wp-image-92495\"\/><\/figure><\/div>\n\n\n<p>La funcionaria extendi\u00f3 los agradecimientos al secretario de Cultura, <strong>Luciano C\u00f3rdoba<\/strong>, \u201cpor permitirnos estar ac\u00e1, y muy agradecidos por la presencia de Idrael, una reconocida firma que viene trabajando hace much\u00edsimo tiempo en el rubro cosm\u00e9tica y maquillaje; agradecemos a Ver\u00f3nica que nos cedi\u00f3 el espacio, al director de Cultura, y a Rita Salazar por un lindo break que ha preparado para las candidatas\u201d.<\/p>\n\n\n<div class=\"wp-block-image\">\n<figure class=\"aligncenter\"><img decoding=\"async\" src=\"https:\/\/www.sansalvadordejujuy.gob.ar\/wp-content\/uploads\/2025\/08\/actividades-con-candidatas-reina-cap-en-CCexodo-jujeno-49-1024x680.jpg\" alt=\"\" class=\"wp-image-92496\"\/><\/figure><\/div>\n\n\n<p>La titular de la firma Idrael, Cecilia Arias Dip, luego de expresar su agradecimiento a la Coordinaci\u00f3n de Eventos y a Jujuy Models por compartir el espacio junto a las candidatas, explic\u00f3, \u201cIdrael es una firma que se dedica al cuidado integral del cuerpo, del rostro y del cabello, y en este espacio es ense\u00f1ar a las candidatas a cuidar su piel y c\u00f3mo preparar el maquillaje que estar\u00e1n aplicando en los distintos eventos a lo largo de estas fechas\u201d.<\/p>\n\n\n<div class=\"wp-block-image\">\n<figure class=\"aligncenter\"><img decoding=\"async\" src=\"https:\/\/www.sansalvadordejujuy.gob.ar\/wp-content\/uploads\/2025\/08\/actividades-con-candidatas-reina-cap-en-CCexodo-jujeno-17-1024x680.jpg\" alt=\"\" class=\"wp-image-92497\"\/><\/figure><\/div>\n\n\n<p>En esa l\u00ednea, la empresaria invit\u00f3, \u201ca las candidatas, y a quienes quieran venir a conocer la variada l\u00ednea de productos que tenemos para cada tipo de piel, tenemos todo para cuidar la piel, protectores solares, maquillaje y la experiencia Beauty donde pueden aprender qu\u00e9 tipo de piel tienen, se realiza un diagn\u00f3stico y asesoramos respecto de productos espec\u00edficos\u201d, y a\u00f1adi\u00f3, \u201cen el local se puede acceder a productos tanto de cuidado facial como de maquillaje; las esperamos en Annuar Shopping, planta baja, ingresando por Alvear, pueden seguirnos en Instagram en Idrael Pro Beauty Annuar Shopping\u201d.<\/p>\n\n\n<div class=\"wp-block-image\">\n<figure class=\"aligncenter\"><img decoding=\"async\" src=\"https:\/\/www.sansalvadordejujuy.gob.ar\/wp-content\/uploads\/2025\/08\/actividades-con-candidatas-reina-cap-en-CCexodo-jujeno-26-1024x680.jpg\" alt=\"\" class=\"wp-image-92498\"\/><\/figure><\/div>\n\n\n<p>Por su parte, <strong>\u201cTonio\u201d Mart\u00ednez<\/strong>, representando a Jujuy Models acot\u00f3, \u201cen lo que respecta a nosotros, es trabajar con las candidatas, formarlas y prepararlas para que hagan un buen espect\u00e1culo en su noche; no solo trabajamos en el caminar, la presencia o la elegancia, sino que trabajamos en el aspecto de la responsabilidad social; tenemos nuestro proyecto solidario que es \u201cmodelar valores\u201d en el que vamos a estar trabajando, el pr\u00f3ximo fin de semana, con \u00a0charlas sobre autoestima, bullyng, cyber-bullying, y las chicas traer\u00e1n alimentos no perecederos que se entregar\u00e1n a merenderos que necesitan de la ayuda solidaria\u201d.<\/p>\n\n\n<div class=\"wp-block-image\">\n<figure class=\"aligncenter\"><img decoding=\"async\" src=\"https:\/\/www.sansalvadordejujuy.gob.ar\/wp-content\/uploads\/2025\/08\/actividades-con-candidatas-reina-cap-en-CCexodo-jujeno-29-1024x680.jpg\" alt=\"\" class=\"wp-image-92499\"\/><\/figure><\/div>\n\n\n<p>En este sentido, Mart\u00ednez consider\u00f3, \u201ccreo que es lindo despertar en ellas este tipo de solidaridad hacia aquellos que m\u00e1s lo necesitan; no solo se trata de mover la mano, el saludo, el caminar, sino aquel aspecto que ayuda a desarrollar el aspecto interior de cada una\u201d.<\/p>\n\n\n<div class=\"wp-block-image\">\n<figure class=\"aligncenter\"><img decoding=\"async\" src=\"https:\/\/www.sansalvadordejujuy.gob.ar\/wp-content\/uploads\/2025\/08\/actividades-con-candidatas-reina-cap-en-CCexodo-jujeno-6-1024x590.jpg\" alt=\"\" class=\"wp-image-92500\"\/><\/figure><\/div>\n\n\n<p><strong>Nota audiovisual:<\/strong>&nbsp;<a href=\"https:\/\/youtu.be\/Frm_KVrUsWc\">https:\/\/youtu.be\/Frm_KVrUsWc<\/a><\/p>\n","protected":false},"excerpt":{"rendered":"<p>A pocos d\u00edas de la esperada Elecci\u00f3n Representante Capital, que tendr\u00e1 lugar el 14 de septiembre, este s\u00e1bado en Centro cultural \u00c9xodo Juje\u00f1o, las candidatas a la representaci\u00f3n capitalina compartieron una tarde dedicada al cuidado de la piel y al maquillaje, de la mano del equipo de producci\u00f3n de la Coordinaci\u00f3n de Eventos y Espect\u00e1culos [&hellip;]<\/p>\n","protected":false},"author":5,"featured_media":432386,"comment_status":"open","ping_status":"open","sticky":false,"template":"","format":"standard","meta":{"_stopmodifiedupdate":false,"_modified_date":"","inline_featured_image":false,"spay_email":"","jetpack_publicize_message":""},"categories":[594],"tags":[],"jetpack_featured_media_url":"https:\/\/notinor.com\/jujuy\/wp-content\/uploads\/2025\/09\/REINAS.jpg","jetpack_publicize_connections":[],"_links":{"self":[{"href":"https:\/\/notinor.com\/jujuy\/wp-json\/wp\/v2\/posts\/432385"}],"collection":[{"href":"https:\/\/notinor.com\/jujuy\/wp-json\/wp\/v2\/posts"}],"about":[{"href":"https:\/\/notinor.com\/jujuy\/wp-json\/wp\/v2\/types\/post"}],"author":[{"embeddable":true,"href":"https:\/\/notinor.com\/jujuy\/wp-json\/wp\/v2\/users\/5"}],"replies":[{"embeddable":true,"href":"https:\/\/notinor.com\/jujuy\/wp-json\/wp\/v2\/comments?post=432385"}],"version-history":[{"count":1,"href":"https:\/\/notinor.com\/jujuy\/wp-json\/wp\/v2\/posts\/432385\/revisions"}],"predecessor-version":[{"id":432387,"href":"https:\/\/notinor.com\/jujuy\/wp-json\/wp\/v2\/posts\/432385\/revisions\/432387"}],"wp:featuredmedia":[{"embeddable":true,"href":"https:\/\/notinor.com\/jujuy\/wp-json\/wp\/v2\/media\/432386"}],"wp:attachment":[{"href":"https:\/\/notinor.com\/jujuy\/wp-json\/wp\/v2\/media?parent=432385"}],"wp:term":[{"taxonomy":"category","embeddable":true,"href":"https:\/\/notinor.com\/jujuy\/wp-json\/wp\/v2\/categories?post=432385"},{"taxonomy":"post_tag","embeddable":true,"href":"https:\/\/notinor.com\/jujuy\/wp-json\/wp\/v2\/tags?post=432385"}],"curies":[{"name":"wp","href":"https:\/\/api.w.org\/{rel}","templated":true}]}}