{"id":432374,"date":"2025-09-02T09:36:04","date_gmt":"2025-09-02T12:36:04","guid":{"rendered":"https:\/\/notinor.com\/jujuy\/?p=432374"},"modified":"2025-09-02T09:36:07","modified_gmt":"2025-09-02T12:36:07","slug":"este-miercoles-ejesa-realizara-mejoras-programadas-de-redes-electricas-en-barrios-de-monterrico-y-zonas-de-palma-sola","status":"publish","type":"post","link":"https:\/\/notinor.com\/jujuy\/este-miercoles-ejesa-realizara-mejoras-programadas-de-redes-electricas-en-barrios-de-monterrico-y-zonas-de-palma-sola\/","title":{"rendered":"Este mi\u00e9rcoles EJESA realizar\u00e1 mejoras programadas de redes el\u00e9ctricas en barrios de Monterrico y zonas de Palma Sola"},"content":{"rendered":"\n<p class=\"has-medium-font-size\"><strong>\u00a0<em>Informamos\u00a0que, con el objeto de\u00a0elevar la calidad de nuestro servicio,\u00a0se realizar\u00e1n tareas de\u00a0mantenimiento y renovaci\u00f3n\u00a0en las instalaciones de nuestro sistema.<\/em><\/strong><\/p>\n\n\n<div class=\"wp-block-image\">\n<figure class=\"aligncenter size-large\"><img decoding=\"async\" loading=\"lazy\" width=\"637\" height=\"480\" src=\"https:\/\/notinor.com\/jujuy\/wp-content\/uploads\/2022\/11\/MONTERRICO-637x480.jpg\" alt=\"\" class=\"wp-image-362817\" srcset=\"https:\/\/notinor.com\/jujuy\/wp-content\/uploads\/2022\/11\/MONTERRICO-637x480.jpg 637w, https:\/\/notinor.com\/jujuy\/wp-content\/uploads\/2022\/11\/MONTERRICO-484x365.jpg 484w, https:\/\/notinor.com\/jujuy\/wp-content\/uploads\/2022\/11\/MONTERRICO.jpg 650w\" sizes=\"(max-width: 637px) 100vw, 637px\" \/><\/figure><\/div>\n\n\n<p>Con este fin, ser\u00e1 necesario efectuar una&nbsp;interrupci\u00f3n programada en las siguientes zonas y horarios:<\/p>\n\n\n\n<p>\ud83d\udcc5MI\u00c9RCOLES 03\/09\/2025<\/p>\n\n\n\n<p>\ud83d\udccd<strong>MONTERRICO<\/strong>: B\u00b0 Virgen del Rosario, B\u00b0 Centro, B\u00b0 San Ignacio, Loteo Cornejo, Loteo Giacoppo y zonas aleda\u00f1as.<\/p>\n\n\n\n<p>\ud83d\udd50Horario: 09:00 a 14:00Hs. aproximadamente.<\/p>\n\n\n<div class=\"wp-block-image\">\n<figure class=\"aligncenter size-large\"><img decoding=\"async\" loading=\"lazy\" width=\"699\" height=\"480\" src=\"https:\/\/notinor.com\/jujuy\/wp-content\/uploads\/2022\/09\/PALMA-SOLA-699x480.jpg\" alt=\"\" class=\"wp-image-355894\" srcset=\"https:\/\/notinor.com\/jujuy\/wp-content\/uploads\/2022\/09\/PALMA-SOLA-699x480.jpg 699w, https:\/\/notinor.com\/jujuy\/wp-content\/uploads\/2022\/09\/PALMA-SOLA-532x365.jpg 532w, https:\/\/notinor.com\/jujuy\/wp-content\/uploads\/2022\/09\/PALMA-SOLA.jpg 750w\" sizes=\"(max-width: 699px) 100vw, 699px\" \/><\/figure><\/div>\n\n\n<p>\ud83d\udccd<strong>PALMA SOLA<\/strong>: Real De Los Toros y zonas aleda\u00f1as.<\/p>\n\n\n\n<p>\ud83d\udd50Horario: 09:30 a 13:30Hs. aproximadamente.<\/p>\n\n\n\n<p>Agradecemos tomar las precauciones necesarias durante la duraci\u00f3n de dicha interrupci\u00f3n a fin de evitar mayores inconvenientes.<\/p>\n\n\n\n<p>Por consultas y\/o requerimientos te recordamos nuestros canales oficiales de contacto disponibles las 24hs. A trav\u00e9s de este link:&nbsp;<a href=\"https:\/\/linktr.ee\/ejesa\" target=\"_blank\" rel=\"noreferrer noopener\">https:\/\/linktr.ee\/ejesa<\/a><\/p>\n","protected":false},"excerpt":{"rendered":"<p>\u00a0Informamos\u00a0que, con el objeto de\u00a0elevar la calidad de nuestro servicio,\u00a0se realizar\u00e1n tareas de\u00a0mantenimiento y renovaci\u00f3n\u00a0en las instalaciones de nuestro sistema. Con este fin, ser\u00e1 necesario efectuar una&nbsp;interrupci\u00f3n programada en las siguientes zonas y horarios: \ud83d\udcc5MI\u00c9RCOLES 03\/09\/2025 \ud83d\udccdMONTERRICO: B\u00b0 Virgen del Rosario, B\u00b0 Centro, B\u00b0 San Ignacio, Loteo Cornejo, Loteo Giacoppo y zonas aleda\u00f1as. \ud83d\udd50Horario: 09:00 [&hellip;]<\/p>\n","protected":false},"author":5,"featured_media":432375,"comment_status":"open","ping_status":"open","sticky":false,"template":"","format":"standard","meta":{"_stopmodifiedupdate":false,"_modified_date":"","inline_featured_image":false,"spay_email":"","jetpack_publicize_message":""},"categories":[4],"tags":[],"jetpack_featured_media_url":"https:\/\/notinor.com\/jujuy\/wp-content\/uploads\/2025\/09\/CUADRILLA-EJESA.jpg","jetpack_publicize_connections":[],"_links":{"self":[{"href":"https:\/\/notinor.com\/jujuy\/wp-json\/wp\/v2\/posts\/432374"}],"collection":[{"href":"https:\/\/notinor.com\/jujuy\/wp-json\/wp\/v2\/posts"}],"about":[{"href":"https:\/\/notinor.com\/jujuy\/wp-json\/wp\/v2\/types\/post"}],"author":[{"embeddable":true,"href":"https:\/\/notinor.com\/jujuy\/wp-json\/wp\/v2\/users\/5"}],"replies":[{"embeddable":true,"href":"https:\/\/notinor.com\/jujuy\/wp-json\/wp\/v2\/comments?post=432374"}],"version-history":[{"count":1,"href":"https:\/\/notinor.com\/jujuy\/wp-json\/wp\/v2\/posts\/432374\/revisions"}],"predecessor-version":[{"id":432376,"href":"https:\/\/notinor.com\/jujuy\/wp-json\/wp\/v2\/posts\/432374\/revisions\/432376"}],"wp:featuredmedia":[{"embeddable":true,"href":"https:\/\/notinor.com\/jujuy\/wp-json\/wp\/v2\/media\/432375"}],"wp:attachment":[{"href":"https:\/\/notinor.com\/jujuy\/wp-json\/wp\/v2\/media?parent=432374"}],"wp:term":[{"taxonomy":"category","embeddable":true,"href":"https:\/\/notinor.com\/jujuy\/wp-json\/wp\/v2\/categories?post=432374"},{"taxonomy":"post_tag","embeddable":true,"href":"https:\/\/notinor.com\/jujuy\/wp-json\/wp\/v2\/tags?post=432374"}],"curies":[{"name":"wp","href":"https:\/\/api.w.org\/{rel}","templated":true}]}}