{"id":432369,"date":"2025-09-01T21:14:00","date_gmt":"2025-09-02T00:14:00","guid":{"rendered":"https:\/\/notinor.com\/jujuy\/?p=432369"},"modified":"2025-09-01T09:14:07","modified_gmt":"2025-09-01T09:14:07","slug":"el-vicegobernador-mantuvo-una-reunion-con-referentes-de-la-cgt","status":"publish","type":"post","link":"https:\/\/notinor.com\/jujuy\/el-vicegobernador-mantuvo-una-reunion-con-referentes-de-la-cgt\/","title":{"rendered":"El vicegobernador mantuvo una reuni\u00f3n con referentes de la CGT"},"content":{"rendered":"\n<p class=\"has-medium-font-size\"><strong><em>En el despacho de Presidencia de la Legislatura, el vicegobernador de Jujuy Alberto Bernis, acompa\u00f1ado por el diputado Fabi\u00e1n Tejerina, vicepresidente 1\u00ba de la Legislatura y el diputado Santiago Jubert presidente del bloque oficialista, mantuvieron una reuni\u00f3n con los referentes de la CGT regional Jujuy: Freddy Berdeja, Julio Ram\u00edrez, Ram\u00f3n Neyra, Francisco Montes, An\u00edbal Arenas, Luis Cabana, Ariel Vargas y Miguel Maman\u00ed.<\/em><\/strong><\/p>\n\n\n<div class=\"wp-block-image\">\n<figure class=\"aligncenter size-large\"><img decoding=\"async\" loading=\"lazy\" width=\"720\" height=\"480\" src=\"https:\/\/notinor.com\/jujuy\/wp-content\/uploads\/2025\/09\/REUNION1-720x480.jpeg\" alt=\"\" class=\"wp-image-432371\" srcset=\"https:\/\/notinor.com\/jujuy\/wp-content\/uploads\/2025\/09\/REUNION1-720x480.jpeg 720w, https:\/\/notinor.com\/jujuy\/wp-content\/uploads\/2025\/09\/REUNION1-548x365.jpeg 548w, https:\/\/notinor.com\/jujuy\/wp-content\/uploads\/2025\/09\/REUNION1-768x512.jpeg 768w, https:\/\/notinor.com\/jujuy\/wp-content\/uploads\/2025\/09\/REUNION1-1536x1023.jpeg 1536w, https:\/\/notinor.com\/jujuy\/wp-content\/uploads\/2025\/09\/REUNION1-750x500.jpeg 750w, https:\/\/notinor.com\/jujuy\/wp-content\/uploads\/2025\/09\/REUNION1-1140x760.jpeg 1140w, https:\/\/notinor.com\/jujuy\/wp-content\/uploads\/2025\/09\/REUNION1.jpeg 1600w\" sizes=\"(max-width: 720px) 100vw, 720px\" \/><figcaption class=\"wp-element-caption\">El vicegobernador Bernis junto a los gremialistas<\/figcaption><\/figure><\/div>\n\n\n<p>En el transcurso de la reuni\u00f3n el vicegobernador escuch\u00f3 las exigencias de los gremialistas y se comprometi\u00f3 a canalizar las demandas.<\/p>\n\n\n\n<p>As\u00ed lo se\u00f1al\u00f3 el co-secretario general de la CGT regional Jujuy, Freddy Berdeja quien explic\u00f3 que estas demandas realizadas para que la Legislatura tome cartas en el asunto \"tuvimos una reuni\u00f3n en la Comisi\u00f3n de Trabajo y se plante\u00f3 una agenda con todos los sectores involucrados\" y argument\u00f3 que ante el poco avance experimentado \"venimos a pedirle al vicegobernador para que inste a los distintos ministerios que se avance en la concreci\u00f3n de esa agenda\". Y explic\u00f3 que la CGT lo que hace es marcar un marco de discusi\u00f3n, un \u00e1mbito de di\u00e1logo para que cada sector pueda avanzar en su propia problem\u00e1tica \"la CGT no viene a resolver los problemas de cada sindicato\", y ejemplifico \"en el caso de los Estatales venimos insistiendo que se aplique la ley de paritaria para que le den el marco legal a los compa\u00f1eros estatales, para que se puedan discutir las cuestiones laborales y salariales\"; y que la Legislatura como representante del pueblo gestiones la concreci\u00f3n de la mesa de trabajo con las partes involucradas.<\/p>\n\n\n<div class=\"wp-block-image\">\n<figure class=\"aligncenter size-large\"><img decoding=\"async\" loading=\"lazy\" width=\"720\" height=\"480\" src=\"https:\/\/notinor.com\/jujuy\/wp-content\/uploads\/2025\/09\/REUNION1-1-720x480.jpeg\" alt=\"\" class=\"wp-image-432372\" srcset=\"https:\/\/notinor.com\/jujuy\/wp-content\/uploads\/2025\/09\/REUNION1-1-720x480.jpeg 720w, https:\/\/notinor.com\/jujuy\/wp-content\/uploads\/2025\/09\/REUNION1-1-548x365.jpeg 548w, https:\/\/notinor.com\/jujuy\/wp-content\/uploads\/2025\/09\/REUNION1-1-768x512.jpeg 768w, https:\/\/notinor.com\/jujuy\/wp-content\/uploads\/2025\/09\/REUNION1-1-1536x1023.jpeg 1536w, https:\/\/notinor.com\/jujuy\/wp-content\/uploads\/2025\/09\/REUNION1-1-750x500.jpeg 750w, https:\/\/notinor.com\/jujuy\/wp-content\/uploads\/2025\/09\/REUNION1-1-1140x760.jpeg 1140w, https:\/\/notinor.com\/jujuy\/wp-content\/uploads\/2025\/09\/REUNION1-1.jpeg 1600w\" sizes=\"(max-width: 720px) 100vw, 720px\" \/><\/figure><\/div>\n\n\n<p>En este contexto, Berdeja afirm\u00f3 que el vicegobernador <strong>Alberto Bernis<\/strong> comparte la posici\u00f3n de la CGT \"y se comprometi\u00f3 a formar esos espacios de di\u00e1logo, y hablar con el Ejecutivo, que es la parte de donde necesitamos tener las respuestas a la mayor\u00eda de los planteos de distintos sectores\". Y agreg\u00f3 que lo que se busca es fortalecer a la central obrera, que ahora est\u00e1 normalizada, \"y queremos cumplir con los sindicatos que la conforman\".<\/p>\n\n\n\n<p>El el co-secretario general plante\u00f3 que \"otro tema que preocupa y que planteamos fue el de los convenios con vivienda. Hay sindicatos que compraron el terreno y necesitan avanzar en la construcci\u00f3n de la vivienda para sus afiliados\", y record\u00f3 que uno de los objetivos de la campa\u00f1a del gobernador <strong>Carlos Sadir<\/strong> \"ha sido el tema vivienda, bueno los sindicatos queremos colaborar en eso, estamos dispuestos a aportar. Esperamos que lleguen las soluciones y las propuestas concretas\", finaliz\u00f3 diciendo Berdeja.<\/p>\n","protected":false},"excerpt":{"rendered":"<p>En el despacho de Presidencia de la Legislatura, el vicegobernador de Jujuy Alberto Bernis, acompa\u00f1ado por el diputado Fabi\u00e1n Tejerina, vicepresidente 1\u00ba de la Legislatura y el diputado Santiago Jubert presidente del bloque oficialista, mantuvieron una reuni\u00f3n con los referentes de la CGT regional Jujuy: Freddy Berdeja, Julio Ram\u00edrez, Ram\u00f3n Neyra, Francisco Montes, An\u00edbal Arenas, [&hellip;]<\/p>\n","protected":false},"author":5,"featured_media":432370,"comment_status":"open","ping_status":"open","sticky":false,"template":"","format":"standard","meta":{"_stopmodifiedupdate":false,"_modified_date":"","inline_featured_image":false,"spay_email":"","jetpack_publicize_message":""},"categories":[514],"tags":[],"jetpack_featured_media_url":"https:\/\/notinor.com\/jujuy\/wp-content\/uploads\/2025\/09\/REUNION.jpeg","jetpack_publicize_connections":[],"_links":{"self":[{"href":"https:\/\/notinor.com\/jujuy\/wp-json\/wp\/v2\/posts\/432369"}],"collection":[{"href":"https:\/\/notinor.com\/jujuy\/wp-json\/wp\/v2\/posts"}],"about":[{"href":"https:\/\/notinor.com\/jujuy\/wp-json\/wp\/v2\/types\/post"}],"author":[{"embeddable":true,"href":"https:\/\/notinor.com\/jujuy\/wp-json\/wp\/v2\/users\/5"}],"replies":[{"embeddable":true,"href":"https:\/\/notinor.com\/jujuy\/wp-json\/wp\/v2\/comments?post=432369"}],"version-history":[{"count":1,"href":"https:\/\/notinor.com\/jujuy\/wp-json\/wp\/v2\/posts\/432369\/revisions"}],"predecessor-version":[{"id":432373,"href":"https:\/\/notinor.com\/jujuy\/wp-json\/wp\/v2\/posts\/432369\/revisions\/432373"}],"wp:featuredmedia":[{"embeddable":true,"href":"https:\/\/notinor.com\/jujuy\/wp-json\/wp\/v2\/media\/432370"}],"wp:attachment":[{"href":"https:\/\/notinor.com\/jujuy\/wp-json\/wp\/v2\/media?parent=432369"}],"wp:term":[{"taxonomy":"category","embeddable":true,"href":"https:\/\/notinor.com\/jujuy\/wp-json\/wp\/v2\/categories?post=432369"},{"taxonomy":"post_tag","embeddable":true,"href":"https:\/\/notinor.com\/jujuy\/wp-json\/wp\/v2\/tags?post=432369"}],"curies":[{"name":"wp","href":"https:\/\/api.w.org\/{rel}","templated":true}]}}