{"id":432353,"date":"2025-09-01T22:30:08","date_gmt":"2025-09-02T01:30:08","guid":{"rendered":"https:\/\/notinor.com\/jujuy\/?p=432353"},"modified":"2025-09-01T22:30:11","modified_gmt":"2025-09-02T01:30:11","slug":"jujuy-participo-de-la-2a-reunion-del-consejo-federal-agropecuario","status":"publish","type":"post","link":"https:\/\/notinor.com\/jujuy\/jujuy-participo-de-la-2a-reunion-del-consejo-federal-agropecuario\/","title":{"rendered":"Jujuy particip\u00f3 de la 2\u00aa reuni\u00f3n del Consejo Federal Agropecuario"},"content":{"rendered":"\n<p class=\"has-medium-font-size\"><strong><em>El Ministerio de Desarrollo Econ\u00f3mico y Producci\u00f3n, a trav\u00e9s de la Secretar\u00eda de Desarrollo Productivo, particip\u00f3 de la segunda reuni\u00f3n del Consejo Federal Agropecuario (CFA), encabezada por el secretario de Agricultura, Ganader\u00eda y Pesca de la Naci\u00f3n, Sergio Iraeta. El encuentro abord\u00f3 temas centrales para el fortalecimiento de las econom\u00edas regionales y la producci\u00f3n local.<\/em><\/strong><\/p>\n\n\n\n<p><\/p>\n\n\n<div class=\"wp-block-image\">\n<figure class=\"aligncenter size-full\"><img decoding=\"async\" loading=\"lazy\" width=\"800\" height=\"450\" src=\"https:\/\/notinor.com\/jujuy\/wp-content\/uploads\/2025\/09\/consejo-federal-agropecuario.jpg\" alt=\"\" class=\"wp-image-432354\" srcset=\"https:\/\/notinor.com\/jujuy\/wp-content\/uploads\/2025\/09\/consejo-federal-agropecuario.jpg 800w, https:\/\/notinor.com\/jujuy\/wp-content\/uploads\/2025\/09\/consejo-federal-agropecuario-649x365.jpg 649w, https:\/\/notinor.com\/jujuy\/wp-content\/uploads\/2025\/09\/consejo-federal-agropecuario-500x280.jpg 500w, https:\/\/notinor.com\/jujuy\/wp-content\/uploads\/2025\/09\/consejo-federal-agropecuario-768x432.jpg 768w, https:\/\/notinor.com\/jujuy\/wp-content\/uploads\/2025\/09\/consejo-federal-agropecuario-750x422.jpg 750w\" sizes=\"(max-width: 800px) 100vw, 800px\" \/><\/figure><\/div>\n\n\n<p><\/p>\n\n\n\n<p><strong>En representaci\u00f3n de la provincia, la secretaria de Desarrollo Productivo, Patricia R\u00edos, plante\u00f3 la preocupaci\u00f3n respecto a la gesti\u00f3n de los recursos del Fondo Especial del Tabaco (FET), advirtiendo demoras en la aprobaci\u00f3n de los subcomponentes y en la transferencia de los fondos que son esenciales para el sostenimiento del sector tabacalero.<\/strong><\/p>\n\n\n\n<p>Asimismo, la funcionaria hizo hincapi\u00e9 en los desaf\u00edos vinculados a los controles fitosanitarios y fronterizos, que inciden directamente en la producci\u00f3n frutihort\u00edcola de Jujuy. <strong>\u201cEs fundamental que las pol\u00edticas p\u00fablicas se adecuen a la realidad de nuestros productores de peque\u00f1a escala, que representan el 80% de nuestras unidades agropecuarias\u201d,<\/strong> subray\u00f3 R\u00edos.<\/p>\n\n\n\n<p>La secretaria estuvo acompa\u00f1ada por Mar\u00eda Emilia Deiana, directora provincial de Desarrollo Agr\u00edcola y Forestal, quien particip\u00f3 activamente del intercambio, aportando propuestas y visibilizando las necesidades del sector productivo juje\u00f1o.<\/p>\n\n\n\n<p><strong>De esta manera, el Gobierno de Jujuy reafirma su compromiso con la defensa y promoci\u00f3n de la producci\u00f3n local, trabajando de manera coordinada con los distintos niveles de gobierno para garantizar el desarrollo sostenible del agro provincial<\/strong> y brindar herramientas que fortalezcan especialmente a los peque\u00f1os productores.<\/p>\n","protected":false},"excerpt":{"rendered":"<p>El Ministerio de Desarrollo Econ\u00f3mico y Producci\u00f3n, a trav\u00e9s de la Secretar\u00eda de Desarrollo Productivo, particip\u00f3 de la segunda reuni\u00f3n del Consejo Federal Agropecuario (CFA), encabezada por el secretario de Agricultura, Ganader\u00eda y Pesca de la Naci\u00f3n, Sergio Iraeta. El encuentro abord\u00f3 temas centrales para el fortalecimiento de las econom\u00edas regionales y la producci\u00f3n local. [&hellip;]<\/p>\n","protected":false},"author":49,"featured_media":432354,"comment_status":"open","ping_status":"open","sticky":false,"template":"","format":"standard","meta":{"_stopmodifiedupdate":false,"_modified_date":"","inline_featured_image":false,"spay_email":"","jetpack_publicize_message":""},"categories":[2,514,5],"tags":[],"jetpack_featured_media_url":"https:\/\/notinor.com\/jujuy\/wp-content\/uploads\/2025\/09\/consejo-federal-agropecuario.jpg","jetpack_publicize_connections":[],"_links":{"self":[{"href":"https:\/\/notinor.com\/jujuy\/wp-json\/wp\/v2\/posts\/432353"}],"collection":[{"href":"https:\/\/notinor.com\/jujuy\/wp-json\/wp\/v2\/posts"}],"about":[{"href":"https:\/\/notinor.com\/jujuy\/wp-json\/wp\/v2\/types\/post"}],"author":[{"embeddable":true,"href":"https:\/\/notinor.com\/jujuy\/wp-json\/wp\/v2\/users\/49"}],"replies":[{"embeddable":true,"href":"https:\/\/notinor.com\/jujuy\/wp-json\/wp\/v2\/comments?post=432353"}],"version-history":[{"count":1,"href":"https:\/\/notinor.com\/jujuy\/wp-json\/wp\/v2\/posts\/432353\/revisions"}],"predecessor-version":[{"id":432355,"href":"https:\/\/notinor.com\/jujuy\/wp-json\/wp\/v2\/posts\/432353\/revisions\/432355"}],"wp:featuredmedia":[{"embeddable":true,"href":"https:\/\/notinor.com\/jujuy\/wp-json\/wp\/v2\/media\/432354"}],"wp:attachment":[{"href":"https:\/\/notinor.com\/jujuy\/wp-json\/wp\/v2\/media?parent=432353"}],"wp:term":[{"taxonomy":"category","embeddable":true,"href":"https:\/\/notinor.com\/jujuy\/wp-json\/wp\/v2\/categories?post=432353"},{"taxonomy":"post_tag","embeddable":true,"href":"https:\/\/notinor.com\/jujuy\/wp-json\/wp\/v2\/tags?post=432353"}],"curies":[{"name":"wp","href":"https:\/\/api.w.org\/{rel}","templated":true}]}}