{"id":432343,"date":"2025-09-01T14:17:52","date_gmt":"2025-09-01T17:17:52","guid":{"rendered":"https:\/\/notinor.com\/jujuy\/?p=432343"},"modified":"2025-09-01T14:17:54","modified_gmt":"2025-09-01T17:17:54","slug":"tren-solar-de-la-quebrada-latinrieles-se-realizo-en-el-cabildo-como-sede-del-congreso-ferroviario","status":"publish","type":"post","link":"https:\/\/notinor.com\/jujuy\/tren-solar-de-la-quebrada-latinrieles-se-realizo-en-el-cabildo-como-sede-del-congreso-ferroviario\/","title":{"rendered":"Tren Solar de la Quebrada: LatinRieles se realiz\u00f3 en El Cabildo, como sede del Congreso Ferroviario"},"content":{"rendered":"\n<p class=\"has-medium-font-size\"><strong><em>El hist\u00f3rico Cabildo de Jujuy se convirti\u00f3 en epicentro de la XX edici\u00f3n de LatinRieles, el Congreso y Exposici\u00f3n de la Actividad Ferroviaria que re\u00fane a referentes nacionales e internacionales del sector.<\/em><\/strong><\/p>\n\n\n<div class=\"wp-block-image\">\n<figure class=\"aligncenter\"><img decoding=\"async\" src=\"https:\/\/media.prensa.jujuy.gob.ar\/p\/48f143a6a4321f8806ab057b0e35c74b\/adjuntos\/301\/imagenes\/000\/416\/0000416459\/1200x0\/smart\/captura-pantalla-2025-08-31-las-222135.png\" alt=\"Tren Solar de la Quebrada: LatinRieles se realiz\u00f3 en El Cabildo, como sede del Congreso Ferroviario\" title=\"Tren Solar de la Quebrada: LatinRieles se realiz\u00f3 en El Cabildo, como sede del Congreso Ferroviario\"\/><figcaption class=\"wp-element-caption\">XX edici\u00f3n de LatinRieles, el Congreso y Exposici\u00f3n de la Actividad Ferroviaria<\/figcaption><\/figure><\/div>\n\n\n<p>Desde hoy, la provincia es anfitriona de un encuentro que pone en valor al sistema ferroviario como motor de conectividad y producci\u00f3n. Durante tres d\u00edas, especialistas, empresas e instituciones vinculadas al transporte, la log\u00edstica y la innovaci\u00f3n tecnol\u00f3gica participar\u00e1n de conferencias, presentaciones y un espacio expositivo abierto al p\u00fablico con proyectos actuales y futuros para el crecimiento ferroviario en Argentina.<a href=\"https:\/\/media.prensa.jujuy.gob.ar\/p\/48f143a6a4321f8806ab057b0e35c74b\/adjuntos\/301\/imagenes\/000\/416\/0000416459\/1200x0\/smart\/captura-pantalla-2025-08-31-las-222135.png\"><\/a><\/p>\n\n\n<div class=\"wp-block-image\">\n<figure class=\"aligncenter\"><img decoding=\"async\" src=\"https:\/\/media.prensa.jujuy.gob.ar\/p\/d257a9a1b381fa189e7986e2531f8222\/adjuntos\/301\/imagenes\/000\/416\/0000416456\/1200x0\/smart\/captura-pantalla-2025-08-31-las-222104.png\" alt=\"Tren Solar de la Quebrada: LatinRieles se realiz\u00f3 en El Cabildo, como sede del Congreso Ferroviario\" title=\"Tren Solar de la Quebrada: LatinRieles se realiz\u00f3 en El Cabildo, como sede del Congreso Ferroviario\"\/><\/figure><\/div>\n\n\n<p>Juan Cabrera, presidente del Tren Solar de la Quebrada, destac\u00f3 la importancia de que la edici\u00f3n 2025 se realice en la provincia:<\/p>\n\n\n\n<p><em>\u201cSostener y expandir el sistema ferroviario es parte del ADN de Jujuy, con el crecimiento que hemos tenido a trav\u00e9s del Tren Solar de la Quebrada, un producto ic\u00f3nico en el norte argentino. Estamos muy felices de recibir a empresas de primera l\u00ednea que nos traen las \u00faltimas novedades y nos muestran el camino a seguir para consolidar nuestro sistema ferroviario\u201d<\/em>.<\/p>\n\n\n\n<figure class=\"wp-block-image\"><img decoding=\"async\" src=\"https:\/\/media.prensa.jujuy.gob.ar\/p\/2532204b2e839327613764020fa9abf7\/adjuntos\/301\/imagenes\/000\/416\/0000416461\/1200x0\/smart\/captura-pantalla-2025-08-31-las-222203.png\" alt=\"Tren Solar de la Quebrada: LatinRieles se realiz\u00f3 en El Cabildo, como sede del Congreso Ferroviario\" title=\"Tren Solar de la Quebrada: LatinRieles se realiz\u00f3 en El Cabildo, como sede del Congreso Ferroviario\"\/><\/figure>\n\n\n\n<p>Cabrera explic\u00f3 adem\u00e1s que la elecci\u00f3n de Jujuy como sede responde al impulso que la provincia ha dado a su infraestructura ferroviaria:&nbsp;<\/p>\n\n\n\n<figure class=\"wp-block-image\"><img decoding=\"async\" src=\"https:\/\/media.prensa.jujuy.gob.ar\/p\/f0ae0d7b84eeba626ea1383bb344b2c8\/adjuntos\/301\/imagenes\/000\/416\/0000416457\/1200x0\/smart\/captura-pantalla-2025-08-31-las-222114.png\" alt=\"Tren Solar de la Quebrada: LatinRieles se realiz\u00f3 en El Cabildo, como sede del Congreso Ferroviario\" title=\"Tren Solar de la Quebrada: LatinRieles se realiz\u00f3 en El Cabildo, como sede del Congreso Ferroviario\"\/><\/figure>\n\n\n\n<p>La realizaci\u00f3n de LatinRieles en el Cabildo de Jujuy reafirma el posicionamiento de la provincia como espacio estrat\u00e9gico para el debate y el desarrollo de pol\u00edticas de integraci\u00f3n regional, consolidando su rol como sede de eventos de alcance nacional.<a href=\"https:\/\/media.prensa.jujuy.gob.ar\/p\/f0ae0d7b84eeba626ea1383bb344b2c8\/adjuntos\/301\/imagenes\/000\/416\/0000416457\/1200x0\/smart\/captura-pantalla-2025-08-31-las-222114.png\"><\/a><\/p>\n\n\n\n<figure class=\"wp-block-image\"><img decoding=\"async\" src=\"https:\/\/media.prensa.jujuy.gob.ar\/p\/52715ec040f48403f9987ed873085271\/adjuntos\/301\/imagenes\/000\/416\/0000416460\/1200x0\/smart\/captura-pantalla-2025-08-31-las-222148.png\" alt=\"Tren Solar de la Quebrada: LatinRieles se realiz\u00f3 en El Cabildo, como sede del Congreso Ferroviario\" title=\"Tren Solar de la Quebrada: LatinRieles se realiz\u00f3 en El Cabildo, como sede del Congreso Ferroviario\"\/><\/figure>\n\n\n\n<figure class=\"wp-block-image\"><img decoding=\"async\" src=\"https:\/\/media.prensa.jujuy.gob.ar\/p\/923284a35ccd9df9420ca88326d5da96\/adjuntos\/301\/imagenes\/000\/416\/0000416462\/1200x0\/smart\/captura-pantalla-2025-08-31-las-222210.png\" alt=\"Tren Solar de la Quebrada: LatinRieles se realiz\u00f3 en El Cabildo, como sede del Congreso Ferroviario\" title=\"Tren Solar de la Quebrada: LatinRieles se realiz\u00f3 en El Cabildo, como sede del Congreso Ferroviario\"\/><\/figure>\n","protected":false},"excerpt":{"rendered":"<p>El hist\u00f3rico Cabildo de Jujuy se convirti\u00f3 en epicentro de la XX edici\u00f3n de LatinRieles, el Congreso y Exposici\u00f3n de la Actividad Ferroviaria que re\u00fane a referentes nacionales e internacionales del sector. Desde hoy, la provincia es anfitriona de un encuentro que pone en valor al sistema ferroviario como motor de conectividad y producci\u00f3n. Durante [&hellip;]<\/p>\n","protected":false},"author":5,"featured_media":432344,"comment_status":"open","ping_status":"open","sticky":false,"template":"","format":"standard","meta":{"_stopmodifiedupdate":false,"_modified_date":"","inline_featured_image":false,"spay_email":"","jetpack_publicize_message":""},"categories":[2],"tags":[],"jetpack_featured_media_url":"https:\/\/notinor.com\/jujuy\/wp-content\/uploads\/2025\/09\/TURISMO.jpg","jetpack_publicize_connections":[],"_links":{"self":[{"href":"https:\/\/notinor.com\/jujuy\/wp-json\/wp\/v2\/posts\/432343"}],"collection":[{"href":"https:\/\/notinor.com\/jujuy\/wp-json\/wp\/v2\/posts"}],"about":[{"href":"https:\/\/notinor.com\/jujuy\/wp-json\/wp\/v2\/types\/post"}],"author":[{"embeddable":true,"href":"https:\/\/notinor.com\/jujuy\/wp-json\/wp\/v2\/users\/5"}],"replies":[{"embeddable":true,"href":"https:\/\/notinor.com\/jujuy\/wp-json\/wp\/v2\/comments?post=432343"}],"version-history":[{"count":1,"href":"https:\/\/notinor.com\/jujuy\/wp-json\/wp\/v2\/posts\/432343\/revisions"}],"predecessor-version":[{"id":432345,"href":"https:\/\/notinor.com\/jujuy\/wp-json\/wp\/v2\/posts\/432343\/revisions\/432345"}],"wp:featuredmedia":[{"embeddable":true,"href":"https:\/\/notinor.com\/jujuy\/wp-json\/wp\/v2\/media\/432344"}],"wp:attachment":[{"href":"https:\/\/notinor.com\/jujuy\/wp-json\/wp\/v2\/media?parent=432343"}],"wp:term":[{"taxonomy":"category","embeddable":true,"href":"https:\/\/notinor.com\/jujuy\/wp-json\/wp\/v2\/categories?post=432343"},{"taxonomy":"post_tag","embeddable":true,"href":"https:\/\/notinor.com\/jujuy\/wp-json\/wp\/v2\/tags?post=432343"}],"curies":[{"name":"wp","href":"https:\/\/api.w.org\/{rel}","templated":true}]}}