{"id":432340,"date":"2025-09-01T13:45:58","date_gmt":"2025-09-01T16:45:58","guid":{"rendered":"https:\/\/notinor.com\/jujuy\/?p=432340"},"modified":"2025-09-01T13:46:01","modified_gmt":"2025-09-01T16:46:01","slug":"impiden-salir-de-chile-a-un-exdiputado-argentino-que-intento-pasar-balas-sin-declarar-por-la-frontera","status":"publish","type":"post","link":"https:\/\/notinor.com\/jujuy\/impiden-salir-de-chile-a-un-exdiputado-argentino-que-intento-pasar-balas-sin-declarar-por-la-frontera\/","title":{"rendered":"Impiden salir de Chile a un exdiputado argentino que intent\u00f3 pasar balas sin declarar por la frontera"},"content":{"rendered":"\n<p class=\"has-medium-font-size\"><strong><em>Edgardo Della G\u00e1spera fue sorprendido en el Paso Pino Hachado con 50 proyectiles sin contar con documentaci\u00f3n alguna.<\/em><\/strong><\/p>\n\n\n\n<p class=\"has-text-align-center\"><img decoding=\"async\" loading=\"lazy\" height=\"861\" width=\"1320\" src=\"https:\/\/www.infobae.com\/resizer\/v2\/TVIV77CBDBHHDFRIAML2TSAMQA.jpg?auth=bba97e907e4e2ce91ff68130126766308f41863c10d044ecc7a317e4a8e442fb&amp;smart=true&amp;width=350&amp;height=228&amp;quality=85\" alt=\"El ex legislador est\u00e1 vinculado\">El ex legislador est\u00e1 vinculado al Movimiento Popular Neuquino y es cercano al ex gobernador Omar Guti\u00e9rrez.<\/p>\n\n\n\n<p>Con las medidas cautelares de&nbsp;<strong>arresto domiciliario nocturno y arraigo nacional<\/strong>&nbsp;qued\u00f3 este fin de semana el exdiputado argentino&nbsp;<strong>Edgardo Della G\u00e1spera<\/strong>, quien fue sorprendido el viernes pasado en un control de rutina en el&nbsp;<strong>Paso Pino Hachado<\/strong>, regi\u00f3n de La Araucan\u00eda (800 kms al sur de Santiago), intentando pasar&nbsp;<strong>50 balas calibre 22<\/strong>&nbsp;<strong>para rifle sin su documentaci\u00f3n legal<\/strong>, las que se encontraban al interior de su veh\u00edculo.<\/p>\n\n\n\n<p>El Tribunal de Garant\u00eda de Curacaut\u00edn formaliz\u00f3 al ex legislador provincial de\u00a0<strong>Neuqu\u00e9n\u00a0<\/strong>por los delitos de\u00a0<strong>contrabando aduanero e internaci\u00f3n ilegal de municiones.<\/strong>\u00a0Y aunque el Ministerio P\u00fablico pidi\u00f3 que quedara en prisi\u00f3n preventiva, la corte rechaz\u00f3 dicha medida y la Fiscal\u00eda apel\u00f3 de manera verbal, por lo que ahora ser\u00e1 la\u00a0<strong>Corte de Apelaciones<\/strong>\u00a0la que deber\u00e1 resolver con qu\u00e9 medida cautelar quedar\u00e1 finalmente el acusado.<\/p>\n\n\n\n<p><img decoding=\"async\" loading=\"lazy\" height=\"1061\" width=\"703\" src=\"https:\/\/www.infobae.com\/resizer\/v2\/HRTB4WA455CJHLM5TC53U7LXVQ.jpg?auth=edeb42e1b71b4c3a13864567a21f0305702064d270cc72466189642e262336ba&amp;smart=true&amp;width=350&amp;height=528&amp;quality=85\" alt=\"El acta oficial de incautaci\u00f3n.\">El acta oficial de incautaci\u00f3n.<\/p>\n\n\n\n<p><strong>El acta<\/strong><\/p>\n\n\n\n<p>Seg\u00fan consta en el acta oficial, a la que tuvo acceso&nbsp;<strong>Infobae<\/strong>, al ser consultado por los Carabineros del Control del Paso Fronterizo Pino Hachado antes de la revisi\u00f3n, los ocupantes del veh\u00edculo&nbsp;<strong>declararon no portar mercanc\u00edas fuera del equipaje de viaje.<\/strong><\/p>\n\n\n\n<p>Incluso, en la declaraci\u00f3n juradapresentada ante la&nbsp;<strong>Aduana&nbsp;<\/strong>chilena, ratificaron que no llevaban art\u00edculos adicionales. Sin embargo, durante la inspecci\u00f3n, los funcionarios encontraron en el apoyabrazos lateral del asiento del conductor una caja con 50 sin percutar marca&nbsp;<strong>Orbea<\/strong>, calibre 22 largo para rifle.<\/p>\n\n\n\n<p>Seg\u00fan el documento oficial, el propio&nbsp;<strong>Della G\u00e1spera<\/strong>&nbsp;reconoci\u00f3 el hallazgo, manifest\u00f3 asumir la responsabilidad por los hechos y acept\u00f3 estar consciente de la infracci\u00f3n. Pese a ello, las autoridades procedieron a&nbsp;<strong>denunciarlo por contrabando<\/strong>, conforme al&nbsp;<strong>art\u00edculo 168 inciso II del Ordenamiento Aduanero y la Ley 17.798 de Armas y Explosivos<\/strong>.<\/p>\n\n\n\n<p>As\u00ed, por orden de la fiscal de flagrancia&nbsp;<strong>Andrea Rivas Hormaz\u00e1bal<\/strong>, la munici\u00f3n fue entregada a&nbsp;<strong>Carabineros de Chile<\/strong>&nbsp;bajo cadena de custodia.<\/p>\n\n\n\n<p>Con domicilio en la estancia La Marita de la localidad neuquina de<strong>\u00a0Loncopu\u00e9<\/strong>, Della G\u00e1spera fue diputado provincial entre los a\u00f1os\u00a0<strong>2012 y 2015\u00a0<\/strong>y coincidi\u00f3 con el segundo mandato de\u00a0<strong>Jorge Sapag.<\/strong>\u00a0Luego, un a\u00f1o despu\u00e9s ocup\u00f3 la banca que dej\u00f3 el fallecido Luis Sapag.<\/p>\n\n\n\n<p class=\"has-text-align-center\"><img decoding=\"async\" loading=\"lazy\" height=\"364\" width=\"717\" src=\"https:\/\/www.infobae.com\/resizer\/v2\/7LGOSV2EPVA23AXPWEZR76THDU.png?auth=4ef19b57e788916ead0e7df5147fcfb46b18bc53a4b6fa6771098a50b73e1f02&amp;smart=true&amp;width=350&amp;height=178&amp;quality=85\" alt=\"Della G\u00e1spera se hizo conocido\">Della G\u00e1spera se hizo conocido en 2017 tras viralizarse un video que mostraba su estrecha relaci\u00f3n con un c\u00f3ndor que \u00e9l mismo rescat\u00f3.<\/p>\n\n\n\n<p><strong>El diputado y el c\u00f3ndor<\/strong><\/p>\n\n\n\n<p>En 2017, Della G\u00e1spera se&nbsp;<strong>viraliz\u00f3 con un video de un c\u00f3ndor acerc\u00e1ndosele<\/strong>&nbsp;y mostrando el v\u00ednculo entre el ave y quien le hab\u00eda salvado la vida. Las im\u00e1genes generaron gran repercusi\u00f3n al mostrar a&nbsp;<strong>\u201cCondorito\u201d<\/strong>, como se lo bautiz\u00f3, interactuando en una estancia del paraje cordillerano de Loncopu\u00e9.<\/p>\n\n\n\n<p>Della G\u00e1spera hab\u00eda rescatado al c\u00f3ndor cuando a\u00fan era pich\u00f3n. El ave hab\u00eda ca\u00eddo de su nido, se encontraba herida y fue atendida por Della Gaspera, quien&nbsp;<strong>se encarg\u00f3 de alimentarla y facilitar su recuperaci\u00f3n<\/strong>&nbsp;colocando trozos de carne en el campo para estimular su instinto de b\u00fasqueda de comida.<\/p>\n\n\n\n<p>\u201cUn d\u00eda de marzo<strong>&nbsp;apareci\u00f3 ac\u00e1 solo y con una patita lastimada<\/strong>. Lo estuvimos curando de una lesi\u00f3n que no parec\u00eda ser grave y desde ese d\u00eda se me acerca cada vez que lo llamo. Cuando me contact\u00e9 con la gente de Fauna me dijeron que era un pich\u00f3n macho que creen que naci\u00f3 en octubre del a\u00f1o pasado y que aparentemente hab\u00eda perdido contacto con sus padres\u201d, hab\u00eda explicado por 2017 el ex legislador al portal relat\u00f3 al diario&nbsp;<em>La Ma\u00f1ana de Neuqu\u00e9n<\/em>.<\/p>\n\n\n\n<p>Seg\u00fan cont\u00f3 Della Gaspera por entonces, su estancia se ubica en un \u00e1rea donde los c\u00f3ndores conviven de manera natural y\u00a0<strong>no era la primera vez que deb\u00eda socorrer a un ejemplar de la especie<\/strong>. Para ese entonces ya hab\u00edan rescatado a cuatro c\u00f3ndores, que luego fueron liberados con la intervenci\u00f3n de autoridades nacionales y provinciales dedicadas a la conservaci\u00f3n de fauna.<\/p>\n\n\n\n<p>Fuente Infobae<\/p>\n","protected":false},"excerpt":{"rendered":"<p>Edgardo Della G\u00e1spera fue sorprendido en el Paso Pino Hachado con 50 proyectiles sin contar con documentaci\u00f3n alguna. El ex legislador est\u00e1 vinculado al Movimiento Popular Neuquino y es cercano al ex gobernador Omar Guti\u00e9rrez. Con las medidas cautelares de&nbsp;arresto domiciliario nocturno y arraigo nacional&nbsp;qued\u00f3 este fin de semana el exdiputado argentino&nbsp;Edgardo Della G\u00e1spera, quien [&hellip;]<\/p>\n","protected":false},"author":5,"featured_media":432341,"comment_status":"open","ping_status":"open","sticky":false,"template":"","format":"standard","meta":{"_stopmodifiedupdate":false,"_modified_date":"","inline_featured_image":false,"spay_email":"","jetpack_publicize_message":""},"categories":[6],"tags":[],"jetpack_featured_media_url":"https:\/\/notinor.com\/jujuy\/wp-content\/uploads\/2025\/09\/LEGISLADOR.jpg","jetpack_publicize_connections":[],"_links":{"self":[{"href":"https:\/\/notinor.com\/jujuy\/wp-json\/wp\/v2\/posts\/432340"}],"collection":[{"href":"https:\/\/notinor.com\/jujuy\/wp-json\/wp\/v2\/posts"}],"about":[{"href":"https:\/\/notinor.com\/jujuy\/wp-json\/wp\/v2\/types\/post"}],"author":[{"embeddable":true,"href":"https:\/\/notinor.com\/jujuy\/wp-json\/wp\/v2\/users\/5"}],"replies":[{"embeddable":true,"href":"https:\/\/notinor.com\/jujuy\/wp-json\/wp\/v2\/comments?post=432340"}],"version-history":[{"count":1,"href":"https:\/\/notinor.com\/jujuy\/wp-json\/wp\/v2\/posts\/432340\/revisions"}],"predecessor-version":[{"id":432342,"href":"https:\/\/notinor.com\/jujuy\/wp-json\/wp\/v2\/posts\/432340\/revisions\/432342"}],"wp:featuredmedia":[{"embeddable":true,"href":"https:\/\/notinor.com\/jujuy\/wp-json\/wp\/v2\/media\/432341"}],"wp:attachment":[{"href":"https:\/\/notinor.com\/jujuy\/wp-json\/wp\/v2\/media?parent=432340"}],"wp:term":[{"taxonomy":"category","embeddable":true,"href":"https:\/\/notinor.com\/jujuy\/wp-json\/wp\/v2\/categories?post=432340"},{"taxonomy":"post_tag","embeddable":true,"href":"https:\/\/notinor.com\/jujuy\/wp-json\/wp\/v2\/tags?post=432340"}],"curies":[{"name":"wp","href":"https:\/\/api.w.org\/{rel}","templated":true}]}}