{"id":432337,"date":"2025-09-01T13:35:30","date_gmt":"2025-09-01T16:35:30","guid":{"rendered":"https:\/\/notinor.com\/jujuy\/?p=432337"},"modified":"2025-09-01T13:35:34","modified_gmt":"2025-09-01T16:35:34","slug":"amplio-triunfo-del-oficialismo-en-corrientes-juan-pablo-valdes-sera-el-proximo-gobernador-y-el-libertario-quedo-en-el-cuarto-puesto","status":"publish","type":"post","link":"https:\/\/notinor.com\/jujuy\/amplio-triunfo-del-oficialismo-en-corrientes-juan-pablo-valdes-sera-el-proximo-gobernador-y-el-libertario-quedo-en-el-cuarto-puesto\/","title":{"rendered":"Amplio triunfo del oficialismo en Corrientes: Juan Pablo Vald\u00e9s ser\u00e1 el pr\u00f3ximo gobernador y el libertario qued\u00f3 en el cuarto puesto"},"content":{"rendered":"\n<p class=\"has-medium-font-size\"><strong><em>El radicalismo volvi\u00f3 a imponerse con contundencia en Corrientes: Juan Pablo Vald\u00e9s, hermano del actual gobernador, se consagr\u00f3 en primera vuelta y aventaj\u00f3 ampliamente al peronista K Mart\u00edn \u201cTincho\u201d Asc\u00faa, quien termin\u00f3 en un distante segundo lugar. El exmandatario Ricardo Colombi finaliz\u00f3 tercero, mientras que el candidato libertario Lisandro Almir\u00f3n qued\u00f3 en la \u00faltima posici\u00f3n.<\/em><\/strong><\/p>\n\n\n<div class=\"wp-block-image\">\n<figure class=\"aligncenter size-full\"><img decoding=\"async\" loading=\"lazy\" width=\"750\" height=\"474\" src=\"https:\/\/notinor.com\/jujuy\/wp-content\/uploads\/2025\/09\/CORRIENTES.jpg\" alt=\"\" class=\"wp-image-432338\" srcset=\"https:\/\/notinor.com\/jujuy\/wp-content\/uploads\/2025\/09\/CORRIENTES.jpg 750w, https:\/\/notinor.com\/jujuy\/wp-content\/uploads\/2025\/09\/CORRIENTES-578x365.jpg 578w\" sizes=\"(max-width: 750px) 100vw, 750px\" \/><figcaption class=\"wp-element-caption\">El gobernador Gustavo Vald\u00e9s, el gobernador electo Juan Pablo Valdes, y el gobernador de Mendoza, Alfredo Cornejo.<\/figcaption><\/figure><\/div>\n\n\n<p>La elecci\u00f3n volvi\u00f3 a demostrar la fortaleza de los oficialismos provinciales. La estrategia de LLA de competir en solitario, replicando el modelo de <strong>Karina Milei, <\/strong>deriv\u00f3 en una derrota significativa, agravada por el esc\u00e1ndalo de los audios de<strong> Diego Spagnuolo <\/strong>sobre presuntas coimas en discapacidad.<\/p>\n\n\n\n<p>El festejo oficial comenz\u00f3 temprano, aunque los resultados oficiales se demoraron hasta pasadas las 22, y la plataforma web de escrutinio sufri\u00f3 varias ca\u00eddas. Al cierre de la jornada, <strong>Juan Pablo Vald\u00e9s <\/strong>\u2014actual intendente de Ituzaing\u00f3\u2014 superaba al candidato peronista por m\u00e1s de 25 puntos.<\/p>\n\n\n\n<p>En el b\u00fanker oficial, ambientado con chamam\u00e9, los hermanos Vald\u00e9s celebraron la victoria poco antes de las 23. El mandatario electo agradeci\u00f3 a todos los partidos que integran el frente oficialista y cuestion\u00f3 \u201clas calumnias contra su familia\u201d. Por su parte, Gustavo Vald\u00e9s advirti\u00f3 sobre la \u201ccampa\u00f1a sucia\u201d y destac\u00f3 la necesidad de di\u00e1logo y consenso para fortalecer la unidad provincial y nacional.<\/p>\n\n\n\n<p>La jornada electoral se desarroll\u00f3 con normalidad y una participaci\u00f3n cercana al 73%, aunque los n\u00fameros bajaron en el interior, donde llovi\u00f3 y se registraron granizadas en localidades como Gobernador Virasoro. LLA denunci\u00f3 irregular.<\/p>\n\n\n\n<p>Con informaci\u00f3n de Clar\u00edn<\/p>\n","protected":false},"excerpt":{"rendered":"<p>El radicalismo volvi\u00f3 a imponerse con contundencia en Corrientes: Juan Pablo Vald\u00e9s, hermano del actual gobernador, se consagr\u00f3 en primera vuelta y aventaj\u00f3 ampliamente al peronista K Mart\u00edn \u201cTincho\u201d Asc\u00faa, quien termin\u00f3 en un distante segundo lugar. El exmandatario Ricardo Colombi finaliz\u00f3 tercero, mientras que el candidato libertario Lisandro Almir\u00f3n qued\u00f3 en la \u00faltima posici\u00f3n. [&hellip;]<\/p>\n","protected":false},"author":5,"featured_media":432338,"comment_status":"open","ping_status":"open","sticky":false,"template":"","format":"standard","meta":{"_stopmodifiedupdate":false,"_modified_date":"","inline_featured_image":false,"spay_email":"","jetpack_publicize_message":""},"categories":[501],"tags":[],"jetpack_featured_media_url":"https:\/\/notinor.com\/jujuy\/wp-content\/uploads\/2025\/09\/CORRIENTES.jpg","jetpack_publicize_connections":[],"_links":{"self":[{"href":"https:\/\/notinor.com\/jujuy\/wp-json\/wp\/v2\/posts\/432337"}],"collection":[{"href":"https:\/\/notinor.com\/jujuy\/wp-json\/wp\/v2\/posts"}],"about":[{"href":"https:\/\/notinor.com\/jujuy\/wp-json\/wp\/v2\/types\/post"}],"author":[{"embeddable":true,"href":"https:\/\/notinor.com\/jujuy\/wp-json\/wp\/v2\/users\/5"}],"replies":[{"embeddable":true,"href":"https:\/\/notinor.com\/jujuy\/wp-json\/wp\/v2\/comments?post=432337"}],"version-history":[{"count":1,"href":"https:\/\/notinor.com\/jujuy\/wp-json\/wp\/v2\/posts\/432337\/revisions"}],"predecessor-version":[{"id":432339,"href":"https:\/\/notinor.com\/jujuy\/wp-json\/wp\/v2\/posts\/432337\/revisions\/432339"}],"wp:featuredmedia":[{"embeddable":true,"href":"https:\/\/notinor.com\/jujuy\/wp-json\/wp\/v2\/media\/432338"}],"wp:attachment":[{"href":"https:\/\/notinor.com\/jujuy\/wp-json\/wp\/v2\/media?parent=432337"}],"wp:term":[{"taxonomy":"category","embeddable":true,"href":"https:\/\/notinor.com\/jujuy\/wp-json\/wp\/v2\/categories?post=432337"},{"taxonomy":"post_tag","embeddable":true,"href":"https:\/\/notinor.com\/jujuy\/wp-json\/wp\/v2\/tags?post=432337"}],"curies":[{"name":"wp","href":"https:\/\/api.w.org\/{rel}","templated":true}]}}