{"id":432310,"date":"2025-08-31T22:46:00","date_gmt":"2025-09-01T01:46:00","guid":{"rendered":"https:\/\/notinor.com\/jujuy\/?p=432310"},"modified":"2025-08-31T10:46:00","modified_gmt":"2025-08-31T10:46:00","slug":"ediles-participaron-de-los-festejos-por-el-55o-aniversario-del-barrio-santa-rosa","status":"publish","type":"post","link":"https:\/\/notinor.com\/jujuy\/ediles-participaron-de-los-festejos-por-el-55o-aniversario-del-barrio-santa-rosa\/","title":{"rendered":"Ediles participaron de los festejos por el 55\u00ba Aniversario del barrio Santa Rosa"},"content":{"rendered":"\n<p class=\"has-medium-font-size\"><strong><em>Concejales de la ciudad participaron el pasado s\u00e1bado del acto protocolar y desfile c\u00edvico por el 55\u00b0 Aniversario del barrio Santa Rosa, desarrollo en la calle Bustamante del importante y emblem\u00e1tico sector barrial.<\/em><\/strong><\/p>\n\n\n<div class=\"wp-block-image\">\n<figure class=\"aligncenter size-large\"><img decoding=\"async\" loading=\"lazy\" width=\"720\" height=\"480\" src=\"https:\/\/notinor.com\/jujuy\/wp-content\/uploads\/2025\/09\/Aniversario1-720x480.jpg\" alt=\"\" class=\"wp-image-432312\" srcset=\"https:\/\/notinor.com\/jujuy\/wp-content\/uploads\/2025\/09\/Aniversario1-720x480.jpg 720w, https:\/\/notinor.com\/jujuy\/wp-content\/uploads\/2025\/09\/Aniversario1-548x365.jpg 548w, https:\/\/notinor.com\/jujuy\/wp-content\/uploads\/2025\/09\/Aniversario1-768x512.jpg 768w, https:\/\/notinor.com\/jujuy\/wp-content\/uploads\/2025\/09\/Aniversario1-1536x1024.jpg 1536w, https:\/\/notinor.com\/jujuy\/wp-content\/uploads\/2025\/09\/Aniversario1-2048x1365.jpg 2048w, https:\/\/notinor.com\/jujuy\/wp-content\/uploads\/2025\/09\/Aniversario1-750x500.jpg 750w, https:\/\/notinor.com\/jujuy\/wp-content\/uploads\/2025\/09\/Aniversario1-1140x760.jpg 1140w\" sizes=\"(max-width: 720px) 100vw, 720px\" \/><\/figure><\/div>\n\n\n<p>El acto cont\u00f3 con la presencia del Presidente del Concejo Deliberante, <strong>Lisandro Aguiar<\/strong>, m\u00e1s los concejales <strong>Mario Lobo <\/strong>y <strong>Leandro Giubergia;<\/strong> la comisi\u00f3n del Centro Vecinal del barrio, encabezada por<strong> Ezequiel Reynoso,<\/strong> funcionarios municipales, instituciones educativas y deportivas, y vecinos.<\/p>\n\n\n<div class=\"wp-block-image\">\n<figure class=\"aligncenter size-large\"><img decoding=\"async\" loading=\"lazy\" width=\"720\" height=\"480\" src=\"https:\/\/notinor.com\/jujuy\/wp-content\/uploads\/2025\/09\/Aniversario2-720x480.jpg\" alt=\"\" class=\"wp-image-432313\" srcset=\"https:\/\/notinor.com\/jujuy\/wp-content\/uploads\/2025\/09\/Aniversario2-720x480.jpg 720w, https:\/\/notinor.com\/jujuy\/wp-content\/uploads\/2025\/09\/Aniversario2-548x365.jpg 548w, https:\/\/notinor.com\/jujuy\/wp-content\/uploads\/2025\/09\/Aniversario2-768x512.jpg 768w, https:\/\/notinor.com\/jujuy\/wp-content\/uploads\/2025\/09\/Aniversario2-1536x1024.jpg 1536w, https:\/\/notinor.com\/jujuy\/wp-content\/uploads\/2025\/09\/Aniversario2-2048x1365.jpg 2048w, https:\/\/notinor.com\/jujuy\/wp-content\/uploads\/2025\/09\/Aniversario2-750x500.jpg 750w, https:\/\/notinor.com\/jujuy\/wp-content\/uploads\/2025\/09\/Aniversario2-1140x760.jpg 1140w\" sizes=\"(max-width: 720px) 100vw, 720px\" \/><\/figure><\/div>\n\n\n<p>Al respecto, Lisandro Aguiar, manifest\u00f3: \"Estamos acompa\u00f1ando al presidente de Santa Rosa, Ezequiel Reynoso, a toda la comisi\u00f3n directiva, los vecinos y a las instituciones que se vinieron hasta aqu\u00ed, a este emblem\u00e1tico barrio de la ciudad de San Salvador de Jujuy que est\u00e1 rodeado de historia, de cultura\".<\/p>\n\n\n<div class=\"wp-block-image\">\n<figure class=\"aligncenter size-large\"><img decoding=\"async\" loading=\"lazy\" width=\"720\" height=\"480\" src=\"https:\/\/notinor.com\/jujuy\/wp-content\/uploads\/2025\/09\/Aniversario2-1-720x480.jpg\" alt=\"\" class=\"wp-image-432314\" srcset=\"https:\/\/notinor.com\/jujuy\/wp-content\/uploads\/2025\/09\/Aniversario2-1-720x480.jpg 720w, https:\/\/notinor.com\/jujuy\/wp-content\/uploads\/2025\/09\/Aniversario2-1-548x365.jpg 548w, https:\/\/notinor.com\/jujuy\/wp-content\/uploads\/2025\/09\/Aniversario2-1-768x512.jpg 768w, https:\/\/notinor.com\/jujuy\/wp-content\/uploads\/2025\/09\/Aniversario2-1-1536x1024.jpg 1536w, https:\/\/notinor.com\/jujuy\/wp-content\/uploads\/2025\/09\/Aniversario2-1-2048x1365.jpg 2048w, https:\/\/notinor.com\/jujuy\/wp-content\/uploads\/2025\/09\/Aniversario2-1-750x500.jpg 750w, https:\/\/notinor.com\/jujuy\/wp-content\/uploads\/2025\/09\/Aniversario2-1-1140x760.jpg 1140w\" sizes=\"(max-width: 720px) 100vw, 720px\" \/><\/figure><\/div>\n\n\n<p>Seguidamente, a\u00f1adi\u00f3: 'La verdad que es un verdadero gusto venir, adem\u00e1s cumpliendo nada menos que 55 a\u00f1os de vida y, por supuesto, reconociendo de alguna manera como lo hicimos ya hace algunos meses, el libro del barrio, los vecinos que construyeron y forjaron este barrio y que trascendieron m\u00e1s all\u00e1 de la frontera de la provincia de Jujuy\".<\/p>\n\n\n<div class=\"wp-block-image\">\n<figure class=\"aligncenter size-large\"><img decoding=\"async\" loading=\"lazy\" width=\"720\" height=\"480\" src=\"https:\/\/notinor.com\/jujuy\/wp-content\/uploads\/2025\/09\/Aniversario-2-720x480.jpg\" alt=\"\" class=\"wp-image-432315\" srcset=\"https:\/\/notinor.com\/jujuy\/wp-content\/uploads\/2025\/09\/Aniversario-2-720x480.jpg 720w, https:\/\/notinor.com\/jujuy\/wp-content\/uploads\/2025\/09\/Aniversario-2-548x365.jpg 548w, https:\/\/notinor.com\/jujuy\/wp-content\/uploads\/2025\/09\/Aniversario-2-768x512.jpg 768w, https:\/\/notinor.com\/jujuy\/wp-content\/uploads\/2025\/09\/Aniversario-2-1536x1024.jpg 1536w, https:\/\/notinor.com\/jujuy\/wp-content\/uploads\/2025\/09\/Aniversario-2-2048x1365.jpg 2048w, https:\/\/notinor.com\/jujuy\/wp-content\/uploads\/2025\/09\/Aniversario-2-750x500.jpg 750w, https:\/\/notinor.com\/jujuy\/wp-content\/uploads\/2025\/09\/Aniversario-2-1140x760.jpg 1140w\" sizes=\"(max-width: 720px) 100vw, 720px\" \/><\/figure><\/div>\n\n\n<p>Por \u00faltimo, Aguiar resalt\u00f3: \"Estoy muy agradecidos y, por supuesto, desear a todos los vecinos de Santa Rosa un feliz a\u00f1o y vamos a trabajar en conjunto para que algunos pedidos se concreten, como la repavimentaci\u00f3n de calle Perovic que era un planteo que ten\u00edamos\".<\/p>\n\n\n\n<p>A su turno, el concejal Mario Lobo, expres\u00f3: \"Para m\u00ed es imposible no estar, me crie aqu\u00ed de chiquito, aqu\u00ed est\u00e1 la casa donde viv\u00edamos y me trae muchos recuerdos muy lindos que me tocaron vivir, aqu\u00ed en el barrio\".<\/p>\n\n\n<div class=\"wp-block-image\">\n<figure class=\"aligncenter size-large\"><img decoding=\"async\" loading=\"lazy\" width=\"720\" height=\"480\" src=\"https:\/\/notinor.com\/jujuy\/wp-content\/uploads\/2025\/09\/Aniversario-1-720x480.jpg\" alt=\"\" class=\"wp-image-432316\" srcset=\"https:\/\/notinor.com\/jujuy\/wp-content\/uploads\/2025\/09\/Aniversario-1-720x480.jpg 720w, https:\/\/notinor.com\/jujuy\/wp-content\/uploads\/2025\/09\/Aniversario-1-548x365.jpg 548w, https:\/\/notinor.com\/jujuy\/wp-content\/uploads\/2025\/09\/Aniversario-1-768x512.jpg 768w, https:\/\/notinor.com\/jujuy\/wp-content\/uploads\/2025\/09\/Aniversario-1-1536x1024.jpg 1536w, https:\/\/notinor.com\/jujuy\/wp-content\/uploads\/2025\/09\/Aniversario-1-2048x1365.jpg 2048w, https:\/\/notinor.com\/jujuy\/wp-content\/uploads\/2025\/09\/Aniversario-1-750x500.jpg 750w, https:\/\/notinor.com\/jujuy\/wp-content\/uploads\/2025\/09\/Aniversario-1-1140x760.jpg 1140w\" sizes=\"(max-width: 720px) 100vw, 720px\" \/><\/figure><\/div>\n\n\n<p>Sobre las mejoras que tuvo el barrio a lo largo del tiempo, Mario Lobo remarc\u00f3: \"Creo que no solamente aqu\u00ed en Santa Rosa, sino en diferentes barrios, se ven varias mejoras como el pavimento, el arreglo del polideportivo, desde el municipio se vienen haciendo un mont\u00f3n de cosas aqu\u00ed y en diferentes barrios\".<\/p>\n\n\n\n<p>Para finalizar, el presidente del Centro Vecinal, Ezequiel Reynoso coment\u00f3: \"Agradecido con los funcionarios, los concejales, el municipio, los vecinos por acompa\u00f1arnos en los 55 a\u00f1os de Santa Rosa, ya que es uno de los barrios m\u00e1s antiguos que tenemos en la ciudad y un barrio prestigioso\".<\/p>\n\n\n\n<p>M\u00e1s adelante, Ezequiel Reynoso a\u00f1adi\u00f3: \"Continuaremos trabajando juntos para que el barrio crezca d\u00eda a d\u00eda, en cuanto a la seguridad, alumbrado, pavimentaciones. Creo que el vecino tiene que ser unido y trabajar en conjunto con el municipio para que el barrio siga en alta, porque si no estamos unidos, la delincuencia nos avasalla\", concluy\u00f3.<\/p>\n\n\n\n<p>Nota Audiovisual:&nbsp;<a href=\"https:\/\/youtu.be\/HtFG1Ux1Qks\" target=\"_blank\" rel=\"noreferrer noopener\">https:\/\/youtu.be\/HtFG1Ux1Qks<\/a><\/p>\n","protected":false},"excerpt":{"rendered":"<p>Concejales de la ciudad participaron el pasado s\u00e1bado del acto protocolar y desfile c\u00edvico por el 55\u00b0 Aniversario del barrio Santa Rosa, desarrollo en la calle Bustamante del importante y emblem\u00e1tico sector barrial. El acto cont\u00f3 con la presencia del Presidente del Concejo Deliberante, Lisandro Aguiar, m\u00e1s los concejales Mario Lobo y Leandro Giubergia; la [&hellip;]<\/p>\n","protected":false},"author":5,"featured_media":432311,"comment_status":"open","ping_status":"open","sticky":false,"template":"","format":"standard","meta":{"_stopmodifiedupdate":false,"_modified_date":"","inline_featured_image":false,"spay_email":"","jetpack_publicize_message":""},"categories":[13],"tags":[],"jetpack_featured_media_url":"https:\/\/notinor.com\/jujuy\/wp-content\/uploads\/2025\/09\/Aniversario-scaled.jpg","jetpack_publicize_connections":[],"_links":{"self":[{"href":"https:\/\/notinor.com\/jujuy\/wp-json\/wp\/v2\/posts\/432310"}],"collection":[{"href":"https:\/\/notinor.com\/jujuy\/wp-json\/wp\/v2\/posts"}],"about":[{"href":"https:\/\/notinor.com\/jujuy\/wp-json\/wp\/v2\/types\/post"}],"author":[{"embeddable":true,"href":"https:\/\/notinor.com\/jujuy\/wp-json\/wp\/v2\/users\/5"}],"replies":[{"embeddable":true,"href":"https:\/\/notinor.com\/jujuy\/wp-json\/wp\/v2\/comments?post=432310"}],"version-history":[{"count":1,"href":"https:\/\/notinor.com\/jujuy\/wp-json\/wp\/v2\/posts\/432310\/revisions"}],"predecessor-version":[{"id":432317,"href":"https:\/\/notinor.com\/jujuy\/wp-json\/wp\/v2\/posts\/432310\/revisions\/432317"}],"wp:featuredmedia":[{"embeddable":true,"href":"https:\/\/notinor.com\/jujuy\/wp-json\/wp\/v2\/media\/432311"}],"wp:attachment":[{"href":"https:\/\/notinor.com\/jujuy\/wp-json\/wp\/v2\/media?parent=432310"}],"wp:term":[{"taxonomy":"category","embeddable":true,"href":"https:\/\/notinor.com\/jujuy\/wp-json\/wp\/v2\/categories?post=432310"},{"taxonomy":"post_tag","embeddable":true,"href":"https:\/\/notinor.com\/jujuy\/wp-json\/wp\/v2\/tags?post=432310"}],"curies":[{"name":"wp","href":"https:\/\/api.w.org\/{rel}","templated":true}]}}