{"id":432275,"date":"2025-08-31T23:28:57","date_gmt":"2025-09-01T02:28:57","guid":{"rendered":"https:\/\/notinor.com\/jujuy\/?p=432275"},"modified":"2025-08-31T23:29:00","modified_gmt":"2025-09-01T02:29:00","slug":"river-se-impuso-ante-san-martin-sj-por-el-torneo-clausura-y-volvio-a-la-cima-de-la-zona-b","status":"publish","type":"post","link":"https:\/\/notinor.com\/jujuy\/river-se-impuso-ante-san-martin-sj-por-el-torneo-clausura-y-volvio-a-la-cima-de-la-zona-b\/","title":{"rendered":"River se impuso ante San Mart\u00edn (SJ) por el Torneo Clausura y volvi\u00f3 a la cima de la Zona B"},"content":{"rendered":"\n<p class=\"has-medium-font-size\"><strong><em>Con goles de Santiago Lencina y Maximiliano Salas, el equipo de Marcelo Gallardo derrot\u00f3 a los sanjuaninos en el Monumental, afianz\u00e1ndose en la cima de su grupo y de la tabla anual.<\/em><\/strong><\/p>\n\n\n\n<p><\/p>\n\n\n<div class=\"wp-block-image\">\n<figure class=\"aligncenter size-full\"><img decoding=\"async\" loading=\"lazy\" width=\"800\" height=\"450\" src=\"https:\/\/notinor.com\/jujuy\/wp-content\/uploads\/2025\/08\/river-1.jpg\" alt=\"\" class=\"wp-image-432276\" srcset=\"https:\/\/notinor.com\/jujuy\/wp-content\/uploads\/2025\/08\/river-1.jpg 800w, https:\/\/notinor.com\/jujuy\/wp-content\/uploads\/2025\/08\/river-1-649x365.jpg 649w, https:\/\/notinor.com\/jujuy\/wp-content\/uploads\/2025\/08\/river-1-500x280.jpg 500w, https:\/\/notinor.com\/jujuy\/wp-content\/uploads\/2025\/08\/river-1-768x432.jpg 768w, https:\/\/notinor.com\/jujuy\/wp-content\/uploads\/2025\/08\/river-1-750x422.jpg 750w\" sizes=\"(max-width: 800px) 100vw, 800px\" \/><\/figure><\/div>\n\n\n<p><\/p>\n\n\n\n<p>Con los goles de Santiago Lencina y Maximiliano Salas en el primer tiempo, River se impuso 2-0 ante San Mart\u00edn de San Juan en el Monumental. Con esta victoria, el equipo de Marcelo Gallardo recuper\u00f3 la cima de la Zona B del Torneo Clausura, con 15 puntos, desplazando a V\u00e9lez (14) al segundo lugar.<\/p>\n\n\n\n<p>Adem\u00e1s, se ubica en el primer puesto de la tabla anual, superando a Boca y Rosario Central, lo que le da un paso firme hacia la clasificaci\u00f3n a la pr\u00f3xima Copa Libertadores.<\/p>\n","protected":false},"excerpt":{"rendered":"<p>Con goles de Santiago Lencina y Maximiliano Salas, el equipo de Marcelo Gallardo derrot\u00f3 a los sanjuaninos en el Monumental, afianz\u00e1ndose en la cima de su grupo y de la tabla anual. Con los goles de Santiago Lencina y Maximiliano Salas en el primer tiempo, River se impuso 2-0 ante San Mart\u00edn de San Juan [&hellip;]<\/p>\n","protected":false},"author":49,"featured_media":432276,"comment_status":"open","ping_status":"open","sticky":false,"template":"","format":"standard","meta":{"_stopmodifiedupdate":false,"_modified_date":"","inline_featured_image":false,"spay_email":"","jetpack_publicize_message":""},"categories":[7],"tags":[],"jetpack_featured_media_url":"https:\/\/notinor.com\/jujuy\/wp-content\/uploads\/2025\/08\/river-1.jpg","jetpack_publicize_connections":[],"_links":{"self":[{"href":"https:\/\/notinor.com\/jujuy\/wp-json\/wp\/v2\/posts\/432275"}],"collection":[{"href":"https:\/\/notinor.com\/jujuy\/wp-json\/wp\/v2\/posts"}],"about":[{"href":"https:\/\/notinor.com\/jujuy\/wp-json\/wp\/v2\/types\/post"}],"author":[{"embeddable":true,"href":"https:\/\/notinor.com\/jujuy\/wp-json\/wp\/v2\/users\/49"}],"replies":[{"embeddable":true,"href":"https:\/\/notinor.com\/jujuy\/wp-json\/wp\/v2\/comments?post=432275"}],"version-history":[{"count":1,"href":"https:\/\/notinor.com\/jujuy\/wp-json\/wp\/v2\/posts\/432275\/revisions"}],"predecessor-version":[{"id":432277,"href":"https:\/\/notinor.com\/jujuy\/wp-json\/wp\/v2\/posts\/432275\/revisions\/432277"}],"wp:featuredmedia":[{"embeddable":true,"href":"https:\/\/notinor.com\/jujuy\/wp-json\/wp\/v2\/media\/432276"}],"wp:attachment":[{"href":"https:\/\/notinor.com\/jujuy\/wp-json\/wp\/v2\/media?parent=432275"}],"wp:term":[{"taxonomy":"category","embeddable":true,"href":"https:\/\/notinor.com\/jujuy\/wp-json\/wp\/v2\/categories?post=432275"},{"taxonomy":"post_tag","embeddable":true,"href":"https:\/\/notinor.com\/jujuy\/wp-json\/wp\/v2\/tags?post=432275"}],"curies":[{"name":"wp","href":"https:\/\/api.w.org\/{rel}","templated":true}]}}