{"id":432238,"date":"2025-08-29T20:23:13","date_gmt":"2025-08-29T23:23:13","guid":{"rendered":"https:\/\/notinor.com\/jujuy\/?p=432238"},"modified":"2025-08-29T20:23:15","modified_gmt":"2025-08-29T23:23:15","slug":"difundieron-audios-de-karina-milei-tras-el-escandalo-por-las-presuntas-coimas-en-la-agencia-nacional-de-discapacidad","status":"publish","type":"post","link":"https:\/\/notinor.com\/jujuy\/difundieron-audios-de-karina-milei-tras-el-escandalo-por-las-presuntas-coimas-en-la-agencia-nacional-de-discapacidad\/","title":{"rendered":"Difundieron audios de Karina Milei tras el esc\u00e1ndalo por las presuntas coimas en la Agencia Nacional de Discapacidad"},"content":{"rendered":"\n<p class=\"has-medium-font-size\"><strong><em>En las grabaciones, la secretaria general de la Presidencia no hace ninguna referencia a los registros de Diego Spagnuolo denunciando sobornos en el organismo que conduc\u00eda.<\/em><\/strong><\/p>\n\n\n\n<p><\/p>\n\n\n<div class=\"wp-block-image\">\n<figure class=\"aligncenter size-full\"><img decoding=\"async\" loading=\"lazy\" width=\"800\" height=\"450\" src=\"https:\/\/notinor.com\/jujuy\/wp-content\/uploads\/2025\/08\/karina-milei.jpg\" alt=\"\" class=\"wp-image-432239\" srcset=\"https:\/\/notinor.com\/jujuy\/wp-content\/uploads\/2025\/08\/karina-milei.jpg 800w, https:\/\/notinor.com\/jujuy\/wp-content\/uploads\/2025\/08\/karina-milei-649x365.jpg 649w, https:\/\/notinor.com\/jujuy\/wp-content\/uploads\/2025\/08\/karina-milei-500x280.jpg 500w, https:\/\/notinor.com\/jujuy\/wp-content\/uploads\/2025\/08\/karina-milei-768x432.jpg 768w, https:\/\/notinor.com\/jujuy\/wp-content\/uploads\/2025\/08\/karina-milei-750x422.jpg 750w\" sizes=\"(max-width: 800px) 100vw, 800px\" \/><\/figure><\/div>\n\n\n<p><\/p>\n\n\n\n<p><strong>Tras el esc\u00e1ndalo desatado por los audios revelados de Diego Spagnuolo denunciando sobornos en la Agencia Nacional de Discapacidad (ANDIS), organismo que conduc\u00eda, en las \u00faltimas horas difundieron otras grabaciones adjudicadas a la secretaria general de la Presidencia, Karina Milei.<\/strong><\/p>\n\n\n\n<p>En los registros puestos al aire en el canal de streaming Carnaval, la hermana del presidente Javier Milei no hace ninguna referencia a lo acontecido en la ANDIS ni a la causa judicial iniciada al respecto, aunque advirtieron que es \u201cla puntita\u201d de nuevas grabaciones que ser\u00e1n difundidas en pr\u00f3ximos d\u00edas.<\/p>\n\n\n\n<p><strong>\u201cNo podemos entrar en la pelea entre nosotros. Nosotros tenemos que estar unidos, imaginate\u201d,<\/strong> se escucha en el primero de los nuevos audios publicados por el periodista Mauro Federico, el mismo que hab\u00eda dado a conocer los registros de Spagnuolo denunciando un entramado de corrupci\u00f3n.<\/p>\n\n\n\n<p>En la segunda grabaci\u00f3n, no queda muy en claro a qu\u00e9 se refiere la funcionaria, aunque s\u00ed que est\u00e1 siendo captada sin que ella lo note.<strong> \u201cEntonces, ac\u00e1 ni siquiera... porque en verdad ac\u00e1 no tienen que estar las 24 horas. Porque yo entro a las 8 de la ma\u00f1ana y me voy a las 11 de la noche de la Casa Rosada\u201d,<\/strong> se le escucha decir a Karina Milei.<\/p>\n\n\n\n<p><strong>La semana pasada, en el programa Data Clave, de Carnaval, se difundieron audios en los que Spagnuolo hace referencia a que est\u00e1n \"desfalcando la agencia\u201d con pedidos de coimas para la compra de medicamentos y nombr\u00f3 a la droguer\u00eda Suizo Argentina,<\/strong> con v\u00ednculos con los hermanos Eduardo \u201cLule\u201d Menem -asesor de la Secretar\u00eda General de la Presidencia- y Mart\u00edn Menem, titular de la C\u00e1mara de Diputados de la Naci\u00f3n.<\/p>\n\n\n\n<p>\u201cLa gente de la Suizo llama a los proveedores y les dice \u2018escuchame, no va m\u00e1s el 5, vas a tener que poner el 8 (lo que cobran de medicamentos), lo tra\u00e9s a la Suizo y nosotros lo subimos a Presidencia. Por tel\u00e9fono. As\u00ed se est\u00e1n manejando\u2019\u201d, cont\u00f3 Spagnuolo.<\/p>\n\n\n\n<p><strong>Spagnuolo era amigo de Javier Milei y fue su abogado antes de asumir como presidente de la Naci\u00f3n. Fue una de las personas que m\u00e1s veces lo visit\u00f3 en la quinta de Olivos y en los audios revel\u00f3 que se reuni\u00f3 con el jefe de Estado para contarle lo que estaba ocurriendo con los pedidos de coimas:<\/strong> \u201cYo fui y le dije \u2018Javier, yo estoy denunciando todo el choreo y abajo tengo gente que va a pedir guita. \u00bfQu\u00e9 hago?\u2019\u201d.<\/p>\n\n\n\n<p><strong>En la noche del jueves 21 de agosto, apenas conocidos los audios, el juez Sebasti\u00e1n Casanello, a pedido del fiscal Franco Picardi, orden\u00f3 14 allanamientos, que incluyeron las sedes de la ANDIS, de la droguer\u00eda Suizo Argentina y los domicilios de varios involucrados.<\/strong><\/p>\n\n\n\n<p>Por ejemplo, fue allanada la casa en el barrio de Nordelta de Emmanuel Kovalivker, uno de los due\u00f1os de Suizo Argentina. Cuando las fuerzas llegaron, Kovalivker se estaban yendo en un auto: en el asiento de atr\u00e1s le encontraron distintos sobres, en cuyos interiores hab\u00eda distintas cantidades de d\u00f3lares. En total, eran 266 mil d\u00f3lares y siete millones de pesos. El dinero fue hallado con anotaciones y al empresario le secuestraron el celular y el pasaporte.<\/p>\n\n\n\n<p><strong>A Spagnuolo lo encontraron al d\u00eda siguiente, mientras manejaba dentro de un country en Pilar.<\/strong><\/p>\n\n\n\n<p class=\"has-medium-font-size\"><strong>M\u00e1s audios revelados de Diego Spagnuolo<\/strong><\/p>\n\n\n\n<p><strong>Esta ma\u00f1ana se volvieron a realizar m\u00faltiples allanamientos en sedes de la ANDIS y de la droguer\u00eda Suizo Argentina. El objetivo es dar con documentaci\u00f3n de inter\u00e9s para la causa que ser\u00e1 secuestrado y puesto en manos de la Justicia.<\/strong><\/p>\n\n\n\n<p>Ayer, Spagnuolo present\u00f3 ante la Justicia Federal el nombre de los dos abogados que llevar\u00e1n el caso: el exfuncionario design\u00f3 a Juan Ar\u00e1oz de la Madrid e Ignacio Rada Schultze como sus representantes legales. Hasta el momento, se tratar\u00eda del \u00fanico involucrado que cuenta con una defensa designada.<\/p>\n","protected":false},"excerpt":{"rendered":"<p>En las grabaciones, la secretaria general de la Presidencia no hace ninguna referencia a los registros de Diego Spagnuolo denunciando sobornos en el organismo que conduc\u00eda. Tras el esc\u00e1ndalo desatado por los audios revelados de Diego Spagnuolo denunciando sobornos en la Agencia Nacional de Discapacidad (ANDIS), organismo que conduc\u00eda, en las \u00faltimas horas difundieron otras [&hellip;]<\/p>\n","protected":false},"author":49,"featured_media":432239,"comment_status":"open","ping_status":"open","sticky":false,"template":"","format":"standard","meta":{"_stopmodifiedupdate":false,"_modified_date":"","inline_featured_image":false,"spay_email":"","jetpack_publicize_message":""},"categories":[2,5,501],"tags":[],"jetpack_featured_media_url":"https:\/\/notinor.com\/jujuy\/wp-content\/uploads\/2025\/08\/karina-milei.jpg","jetpack_publicize_connections":[],"_links":{"self":[{"href":"https:\/\/notinor.com\/jujuy\/wp-json\/wp\/v2\/posts\/432238"}],"collection":[{"href":"https:\/\/notinor.com\/jujuy\/wp-json\/wp\/v2\/posts"}],"about":[{"href":"https:\/\/notinor.com\/jujuy\/wp-json\/wp\/v2\/types\/post"}],"author":[{"embeddable":true,"href":"https:\/\/notinor.com\/jujuy\/wp-json\/wp\/v2\/users\/49"}],"replies":[{"embeddable":true,"href":"https:\/\/notinor.com\/jujuy\/wp-json\/wp\/v2\/comments?post=432238"}],"version-history":[{"count":1,"href":"https:\/\/notinor.com\/jujuy\/wp-json\/wp\/v2\/posts\/432238\/revisions"}],"predecessor-version":[{"id":432240,"href":"https:\/\/notinor.com\/jujuy\/wp-json\/wp\/v2\/posts\/432238\/revisions\/432240"}],"wp:featuredmedia":[{"embeddable":true,"href":"https:\/\/notinor.com\/jujuy\/wp-json\/wp\/v2\/media\/432239"}],"wp:attachment":[{"href":"https:\/\/notinor.com\/jujuy\/wp-json\/wp\/v2\/media?parent=432238"}],"wp:term":[{"taxonomy":"category","embeddable":true,"href":"https:\/\/notinor.com\/jujuy\/wp-json\/wp\/v2\/categories?post=432238"},{"taxonomy":"post_tag","embeddable":true,"href":"https:\/\/notinor.com\/jujuy\/wp-json\/wp\/v2\/tags?post=432238"}],"curies":[{"name":"wp","href":"https:\/\/api.w.org\/{rel}","templated":true}]}}