{"id":432183,"date":"2025-08-27T23:41:00","date_gmt":"2025-08-28T02:41:00","guid":{"rendered":"https:\/\/notinor.com\/jujuy\/?p=432183"},"modified":"2025-08-27T10:41:00","modified_gmt":"2025-08-27T10:41:00","slug":"voces-de-la-experiencia-en-el-polimodal-n3-un-puente-de-respeto-entre-generaciones","status":"publish","type":"post","link":"https:\/\/notinor.com\/jujuy\/voces-de-la-experiencia-en-el-polimodal-n3-un-puente-de-respeto-entre-generaciones\/","title":{"rendered":"\u201cVoces de la Experiencia\u201d en el Polimodal N\u00b03: Un Puente de Respeto entre Generaciones"},"content":{"rendered":"\n<p class=\"has-medium-font-size\"><strong><em>El Colegio Polimodal N\u00ba 3 del barrio Belgrano fue el escenario del lanzamiento del proyecto intergeneracional \u201cVoces de la Experiencia\u201d, impulsado por la Municipalidad de San Salvador de Jujuy. La propuesta busca promover el buen trato, el respeto y la solidaridad hacia las personas adultas mayores. La iniciativa, coordinada por la Direcci\u00f3n de Adultos Mayores del municipio capitalino, convoca de manera activa a estudiantes, docentes y a los abuelos del taller \u201cLos Abuelos Cuentacuent<\/em><\/strong>os\u201d.<\/p>\n\n\n<div class=\"wp-block-image\">\n<figure class=\"aligncenter\"><img decoding=\"async\" src=\"https:\/\/www.sansalvadordejujuy.gob.ar\/wp-content\/uploads\/2025\/08\/voces-de-la-esperiencia-adulto-mayores-prensamunijujuy-1024x517.jpg\" alt=\"\" class=\"wp-image-92283\"\/><\/figure><\/div>\n\n\n<p>\u201cVoces de la Experiencia. Revalorizando el Respeto y la Solidaridad Intergeneracional\u201d tiene como prop\u00f3sito fomentar la empat\u00eda y el respeto hacia las personas mayores a trav\u00e9s de actividades l\u00fadicas y participativas; promover el di\u00e1logo entre generaciones; generar instancias reflexivas y educativas en torno a la vulnerabilidad, la violencia y los derechos de los adultos mayores; y fortalecer factores protectores que garanticen su inclusi\u00f3n y autonom\u00eda.<\/p>\n\n\n\n<p>La directora de Adultos Mayores, <strong>Mirta Humacata,<\/strong> agradeci\u00f3 al establecimiento educativo por abrir sus puertas a esta experiencia y remarc\u00f3, \u201ces muy valioso poder mostrar lo que hacemos desde la Direcci\u00f3n en favor del buen trato hacia las personas mayores\u201d.<\/p>\n\n\n<div class=\"wp-block-image\">\n<figure class=\"aligncenter\"><img decoding=\"async\" src=\"https:\/\/www.sansalvadordejujuy.gob.ar\/wp-content\/uploads\/2025\/08\/voces-de-la-esperiencia-prensamunijujuy-6-1024x541.jpg\" alt=\"\" class=\"wp-image-92282\"\/><\/figure><\/div>\n\n\n<p>Uno de los ejes centrales del proyecto son las representaciones teatrales a cargo de \u201cLos Abuelos Cuentacuentos\u201d. En ellas, los propios adultos mayores recrean situaciones de maltrato que suelen atravesar en la vida cotidiana, con el objetivo de sensibilizar y generar reflexi\u00f3n en los estudiantes.<\/p>\n\n\n<div class=\"wp-block-image\">\n<figure class=\"aligncenter\"><img decoding=\"async\" src=\"https:\/\/www.sansalvadordejujuy.gob.ar\/wp-content\/uploads\/2025\/08\/voces-de-la-esperiencia-adulto-mayores-prensamunijujuy-1-1024x561.jpg\" alt=\"\" class=\"wp-image-92284\"\/><\/figure><\/div>\n\n\n<p>La vicedirectora del Polimodal N\u00ba 3, <strong>Susana Arequipa<\/strong>, subray\u00f3 la importancia de este tipo de actividades en un contexto social vulnerable, \u201cnuestra expectativa siempre est\u00e1 ligada a la participaci\u00f3n de los alumnos en diferentes \u00e1mbitos, para trabajar valores como el respeto y la solidaridad hacia el adulto mayor\u201d. Destac\u00f3 adem\u00e1s que estas experiencias enriquecen la formaci\u00f3n de los j\u00f3venes, al permitirles interpretar la realidad a trav\u00e9s de las vivencias de las personas mayores, m\u00e1s all\u00e1 de la rutina del aula.<\/p>\n\n\n<div class=\"wp-block-image\">\n<figure class=\"aligncenter\"><img decoding=\"async\" src=\"https:\/\/www.sansalvadordejujuy.gob.ar\/wp-content\/uploads\/2025\/08\/voces-de-la-esperiencia-prensamunijujuy-4-1024x632.jpg\" alt=\"\" class=\"wp-image-92281\"\/><\/figure><\/div>\n\n\n<p>Por su parte,<strong> Romina Bautista<\/strong>, capacitadora de la Direcci\u00f3n de Adultos Mayores, resalt\u00f3 que la propuesta busca revalorizar a la tercera edad, derribando estereotipos, mitos y prejuicios. Explic\u00f3 que el trabajo se enmarca en la Ley 27.360 de Protecci\u00f3n de Derechos de las Personas Adultas Mayores y en las directrices de la Organizaci\u00f3n Mundial de la Salud y Naciones Unidas sobre envejecimiento activo y saludable.<\/p>\n\n\n\n<p>\u201cSi bien al principio algunos estudiantes mostraron cierta resistencia, las din\u00e1micas grupales implementadas por los capacitadores lograron una participaci\u00f3n activa y positiva\u201d, agreg\u00f3 Bautista.<\/p>\n\n\n\n<p>El proyecto continuar\u00e1 con nuevas jornadas, entre ellas otra en el turno ma\u00f1ana del mismo establecimiento el pr\u00f3ximo martes, y luego en el Colegio Nacional N\u00ba 1. \u201cVoces de la Experiencia\u201d se consolida as\u00ed como un espacio valioso para fortalecer un tejido social inclusivo y respetuoso entre generaciones.<\/p>\n\n\n\n<p><strong>Nota audiovisual:<\/strong>&nbsp;<a href=\"https:\/\/youtu.be\/VClfxfe6NZQ\">https:\/\/youtu.be\/VClfxfe6NZQ<\/a><\/p>\n","protected":false},"excerpt":{"rendered":"<p>El Colegio Polimodal N\u00ba 3 del barrio Belgrano fue el escenario del lanzamiento del proyecto intergeneracional \u201cVoces de la Experiencia\u201d, impulsado por la Municipalidad de San Salvador de Jujuy. La propuesta busca promover el buen trato, el respeto y la solidaridad hacia las personas adultas mayores. La iniciativa, coordinada por la Direcci\u00f3n de Adultos Mayores [&hellip;]<\/p>\n","protected":false},"author":5,"featured_media":432184,"comment_status":"open","ping_status":"open","sticky":false,"template":"","format":"standard","meta":{"_stopmodifiedupdate":false,"_modified_date":"","inline_featured_image":false,"spay_email":"","jetpack_publicize_message":""},"categories":[13],"tags":[],"jetpack_featured_media_url":"https:\/\/notinor.com\/jujuy\/wp-content\/uploads\/2025\/08\/PROYECTO.jpg","jetpack_publicize_connections":[],"_links":{"self":[{"href":"https:\/\/notinor.com\/jujuy\/wp-json\/wp\/v2\/posts\/432183"}],"collection":[{"href":"https:\/\/notinor.com\/jujuy\/wp-json\/wp\/v2\/posts"}],"about":[{"href":"https:\/\/notinor.com\/jujuy\/wp-json\/wp\/v2\/types\/post"}],"author":[{"embeddable":true,"href":"https:\/\/notinor.com\/jujuy\/wp-json\/wp\/v2\/users\/5"}],"replies":[{"embeddable":true,"href":"https:\/\/notinor.com\/jujuy\/wp-json\/wp\/v2\/comments?post=432183"}],"version-history":[{"count":1,"href":"https:\/\/notinor.com\/jujuy\/wp-json\/wp\/v2\/posts\/432183\/revisions"}],"predecessor-version":[{"id":432185,"href":"https:\/\/notinor.com\/jujuy\/wp-json\/wp\/v2\/posts\/432183\/revisions\/432185"}],"wp:featuredmedia":[{"embeddable":true,"href":"https:\/\/notinor.com\/jujuy\/wp-json\/wp\/v2\/media\/432184"}],"wp:attachment":[{"href":"https:\/\/notinor.com\/jujuy\/wp-json\/wp\/v2\/media?parent=432183"}],"wp:term":[{"taxonomy":"category","embeddable":true,"href":"https:\/\/notinor.com\/jujuy\/wp-json\/wp\/v2\/categories?post=432183"},{"taxonomy":"post_tag","embeddable":true,"href":"https:\/\/notinor.com\/jujuy\/wp-json\/wp\/v2\/tags?post=432183"}],"curies":[{"name":"wp","href":"https:\/\/api.w.org\/{rel}","templated":true}]}}