{"id":432180,"date":"2025-08-27T23:20:00","date_gmt":"2025-08-28T02:20:00","guid":{"rendered":"https:\/\/notinor.com\/jujuy\/?p=432180"},"modified":"2025-08-27T11:20:47","modified_gmt":"2025-08-27T11:20:47","slug":"taller-de-oratoria-para-fortalecer-la-comunicacion-personal-y-profesional-en-el-club-de-emprendedores","status":"publish","type":"post","link":"https:\/\/notinor.com\/jujuy\/taller-de-oratoria-para-fortalecer-la-comunicacion-personal-y-profesional-en-el-club-de-emprendedores\/","title":{"rendered":"Taller de Oratoria para fortalecer la comunicaci\u00f3n personal y profesional en el Club de Emprendedores"},"content":{"rendered":"\n<p class=\"has-medium-font-size\"><strong><em>La Municipalidad de San Salvador de Jujuy, a trav\u00e9s del Club de Emprendedores, invita a la comunidad a participar del Taller de Oratoria, una propuesta destinada a mejorar la expresi\u00f3n oral, la presencia y la confianza al hablar en p\u00fablico.<\/em><\/strong><\/p>\n\n\n\n<figure class=\"wp-block-image\"><img decoding=\"async\" src=\"https:\/\/www.sansalvadordejujuy.gob.ar\/wp-content\/uploads\/2025\/08\/flyer-prensa-muni-jujuy-819x1024.jpg\" alt=\"\" class=\"wp-image-92317\"\/><\/figure>\n\n\n\n<p>La actividad se llevar\u00e1 a cabo el jueves 28 de agosto, de 17:00 a 20:00 horas, en las instalaciones del <em>Club de Emprendedores, ubicado en Av. Espa\u00f1a 1500, Parque San Mart\u00edn<\/em>. La capacitaci\u00f3n estar\u00e1 a cargo del Mg. Lic. Mat\u00edas E. Rivera, especialista en comunicaci\u00f3n y oratoria.<\/p>\n\n\n\n<p>El taller tiene como objetivo brindar herramientas pr\u00e1cticas para superar el miedo esc\u00e9nico, optimizar la comunicaci\u00f3n y potenciar la proyecci\u00f3n personal y profesional de los participantes. La inversi\u00f3n es m\u00ednima y los cupos son limitados. Los interesados pueden inscribirse previamente a trav\u00e9s del siguiente enlace:&nbsp;<a href=\"https:\/\/forms.gle\/vKE3tsZYawgMVYaS9.\">https:\/\/forms.gle\/vKE3tsZYawgMVYaS9.<\/a><\/p>\n","protected":false},"excerpt":{"rendered":"<p>La Municipalidad de San Salvador de Jujuy, a trav\u00e9s del Club de Emprendedores, invita a la comunidad a participar del Taller de Oratoria, una propuesta destinada a mejorar la expresi\u00f3n oral, la presencia y la confianza al hablar en p\u00fablico. La actividad se llevar\u00e1 a cabo el jueves 28 de agosto, de 17:00 a 20:00 [&hellip;]<\/p>\n","protected":false},"author":5,"featured_media":432181,"comment_status":"open","ping_status":"open","sticky":false,"template":"","format":"standard","meta":{"_stopmodifiedupdate":false,"_modified_date":"","inline_featured_image":false,"spay_email":"","jetpack_publicize_message":""},"categories":[13],"tags":[],"jetpack_featured_media_url":"https:\/\/notinor.com\/jujuy\/wp-content\/uploads\/2025\/08\/ORATORIA.jpg","jetpack_publicize_connections":[],"_links":{"self":[{"href":"https:\/\/notinor.com\/jujuy\/wp-json\/wp\/v2\/posts\/432180"}],"collection":[{"href":"https:\/\/notinor.com\/jujuy\/wp-json\/wp\/v2\/posts"}],"about":[{"href":"https:\/\/notinor.com\/jujuy\/wp-json\/wp\/v2\/types\/post"}],"author":[{"embeddable":true,"href":"https:\/\/notinor.com\/jujuy\/wp-json\/wp\/v2\/users\/5"}],"replies":[{"embeddable":true,"href":"https:\/\/notinor.com\/jujuy\/wp-json\/wp\/v2\/comments?post=432180"}],"version-history":[{"count":1,"href":"https:\/\/notinor.com\/jujuy\/wp-json\/wp\/v2\/posts\/432180\/revisions"}],"predecessor-version":[{"id":432182,"href":"https:\/\/notinor.com\/jujuy\/wp-json\/wp\/v2\/posts\/432180\/revisions\/432182"}],"wp:featuredmedia":[{"embeddable":true,"href":"https:\/\/notinor.com\/jujuy\/wp-json\/wp\/v2\/media\/432181"}],"wp:attachment":[{"href":"https:\/\/notinor.com\/jujuy\/wp-json\/wp\/v2\/media?parent=432180"}],"wp:term":[{"taxonomy":"category","embeddable":true,"href":"https:\/\/notinor.com\/jujuy\/wp-json\/wp\/v2\/categories?post=432180"},{"taxonomy":"post_tag","embeddable":true,"href":"https:\/\/notinor.com\/jujuy\/wp-json\/wp\/v2\/tags?post=432180"}],"curies":[{"name":"wp","href":"https:\/\/api.w.org\/{rel}","templated":true}]}}