{"id":432177,"date":"2025-08-27T23:06:00","date_gmt":"2025-08-28T02:06:00","guid":{"rendered":"https:\/\/notinor.com\/jujuy\/?p=432177"},"modified":"2025-08-27T11:06:10","modified_gmt":"2025-08-27T11:06:10","slug":"la-ciudad-se-mueve-con-muni-activa-programa-gratuito-para-toda-la-familia","status":"publish","type":"post","link":"https:\/\/notinor.com\/jujuy\/la-ciudad-se-mueve-con-muni-activa-programa-gratuito-para-toda-la-familia\/","title":{"rendered":"La Ciudad se mueve con \u201cMuni Activa\u201d, programa gratuito para toda la familia"},"content":{"rendered":"\n<p class=\"has-medium-font-size\"><strong><em>La Municipalidad lanz\u00f3 oficialmente el programa \u201cMuni Activa\u201d, una propuesta integral que recorre diferentes barrios de la ciudad con actividades deportivas, recreativas e inclusivas pensadas para toda la familia. Este nuevo esquema busca promover la vida saludable, la integraci\u00f3n y el disfrute al aire libre, aprovechando los espacios p\u00fablicos disponibles y acercando propuestas gratuitas a los vecinos<\/em><\/strong>.<\/p>\n\n\n<div class=\"wp-block-image\">\n<figure class=\"aligncenter\"><img decoding=\"async\" src=\"https:\/\/www.sansalvadordejujuy.gob.ar\/wp-content\/uploads\/2025\/08\/movil-gym-817x1024.jpeg\" alt=\"\" class=\"wp-image-92314\"\/><\/figure><\/div>\n\n\n<p>Al respecto, el secretario de Desarrollo Humano, <strong>Rodrigo Altea,<\/strong> destac\u00f3 que el objetivo es aprovechar \u201cla infraestructura descentralizada del municipio, nuestro Centro Deportivo N\u00b0 1 en la punta del parque San Mart\u00edn, que es tan concurrido y la temporada primavera-verano que se acerca, con actividades interactivas para la familia, para los vecinos, gratuitas, de concurrencia abierta que vamos a estar desarrollando en los distintos Multiespacios, y en las distintas plazas de la Ciudad, con una confluencia semanal permitiendo que gimnasios privados, profesores se publiciten y puedan darse a conocer en estos servicios p\u00fablicos que son tan importantes para la salud de las personas\u201d.<\/p>\n\n\n\n<figure class=\"wp-block-image\"><img decoding=\"async\" src=\"https:\/\/www.sansalvadordejujuy.gob.ar\/wp-content\/uploads\/2025\/08\/muni-activa-2-1024x579.jpg\" alt=\"\" class=\"wp-image-92319\"\/><\/figure>\n\n\n\n<p>Por su parte, el director general de Deportes, <strong>Gustavo Hiruela, <\/strong>brind\u00f3 detalles del programa y explic\u00f3, \u201cestamos lanzando un programa que se llama \u2018Muni Activa\u2019, y de \u00e9l se desprenden varios pilares como son Familia Activa, que son actividades que se van a desarrollar fundamentalmente los d\u00edas viernes, en los distintos multiespacios con los que cuenta este municipio; tambi\u00e9n tenemos Plaza Activa, que la idea es rotar por distintas plazas ic\u00f3nicas de nuestra Ciudad, siempre con actividades recreativas, actividades de ritmo, para abarcar a la familia en general, tanto ni\u00f1os, j\u00f3venes como adultos\u201d.<\/p>\n\n\n\n<p>Hiruela agreg\u00f3 adem\u00e1s que \u201cuna vez est\u00e9 listo el natatorio Guillermo Poma, se van a desarrollar las actividades de Agua Gym y Agua Zumba, y los s\u00e1bados estamos con el M\u00f3vil Gym, todo esto se desprende de este gran programa denominado Muni Activa\u201d.<\/p>\n\n\n<div class=\"wp-block-image\">\n<figure class=\"aligncenter\"><img decoding=\"async\" src=\"https:\/\/www.sansalvadordejujuy.gob.ar\/wp-content\/uploads\/2025\/04\/movil-Gym-estacion-4-1024x622.jpg\" alt=\"\" class=\"wp-image-85544\"\/><\/figure><\/div>\n\n\n<p>Desde la coordinaci\u00f3n de Deportes y H\u00e1bitos Saludables, <strong>Sergio Armata<\/strong> remarc\u00f3 la importancia del enfoque comunitario, \u201cMuni Activa tiene un objetivo principal, que es promover el bienestar y la salud de la familia y de la comunidad a trav\u00e9s del movimiento, es por eso que dentro de los cuatro pilares vamos a estar trabajando por toda la ciudad con fechas y d\u00edas que vamos a ir determinando a trav\u00e9s del municipio capitalino\u201d. Y a\u00f1adi\u00f3 que \u201cvamos a estar recorriendo el barrio Alto Comedero, en el barrio 18 de Noviembre, Chijra, Moreno, en la punta del parque San Mart\u00edn, Punta Diamante, Malvinas, entre otros con diferentes propuestas\u201d.<\/p>\n\n\n\n<p>El director de Deportes de Alto Comedero, <strong>Benicio Ruiz<\/strong>, tambi\u00e9n se refiri\u00f3 a las propuestas en su sector, \u201cen el marco del programa Muni Activa, habr\u00e1 una actividad en el distrito centro, y en Alto Comedero, que es el Movil Gym. Son actividades deportivas, recreativas e inclusivas tambi\u00e9n, que tienen que ver con la integraci\u00f3n y con el bienestar general de nuestra comunidad\u201d. Este programa se realiza los s\u00e1bados por la ma\u00f1ana en Alto Comedero y por la tarde en la punta del parque San Mart\u00edn, y \u201ctodo es totalmente gratis, no tiene l\u00edmite de edad, as\u00ed que pueden concurrir, no solamente habr\u00e1 ritmos, sino tambi\u00e9n todo lo que tenga que ver con el trabajo funcional\u201d, agreg\u00f3.<\/p>\n\n\n\n<p>Finalmente, la directora de Inclusi\u00f3n y Deportes, <strong>Mariel Sadir<\/strong>, adelant\u00f3 algunas fechas espec\u00edficas para esta semana, \u201choy mi\u00e9rcoles vamos a estar a las 16 horas en la plazoleta Arga\u00f1araz, conocida como plaza de los Honguitos, vamos a hacer actividades de ritmo, un poco de yoga, mucho lo que es expresi\u00f3n corporal, as\u00ed que es abierto a todo p\u00fablico, a toda la familia\u201d. Adem\u00e1s, detall\u00f3 que \u201cma\u00f1ana jueves 28 vamos a estar en el barrio 18 de Noviembre a las 17.30 hs, con todas las actividades r\u00edtmicas, un poco de yoga; y, como todos los s\u00e1bados, en esta oportunidad por la tarde vamos a estar en el monumento al General Arias, con el M\u00f3vil Gym a las 17.30 hs con instructores invitados, una clase de 100% ritmos. Tambi\u00e9n tenemos instructores con s\u00edndrome de Down, que est\u00e1n a cargo, integrados con el equipo del M\u00f3vil Gym, as\u00ed que vamos a estar esperando a toda la comunidad\u201d.<\/p>\n\n\n\n<p><strong>Nota audiovisual:<\/strong>&nbsp;<a href=\"https:\/\/youtu.be\/nw7AsK7a7ro\">https:\/\/youtu.be\/nw7AsK7a7ro<\/a><\/p>\n","protected":false},"excerpt":{"rendered":"<p>La Municipalidad lanz\u00f3 oficialmente el programa \u201cMuni Activa\u201d, una propuesta integral que recorre diferentes barrios de la ciudad con actividades deportivas, recreativas e inclusivas pensadas para toda la familia. Este nuevo esquema busca promover la vida saludable, la integraci\u00f3n y el disfrute al aire libre, aprovechando los espacios p\u00fablicos disponibles y acercando propuestas gratuitas a [&hellip;]<\/p>\n","protected":false},"author":5,"featured_media":432178,"comment_status":"open","ping_status":"open","sticky":false,"template":"","format":"standard","meta":{"_stopmodifiedupdate":false,"_modified_date":"","inline_featured_image":false,"spay_email":"","jetpack_publicize_message":""},"categories":[13],"tags":[],"jetpack_featured_media_url":"https:\/\/notinor.com\/jujuy\/wp-content\/uploads\/2025\/08\/MUNI-ACTIVA.jpg","jetpack_publicize_connections":[],"_links":{"self":[{"href":"https:\/\/notinor.com\/jujuy\/wp-json\/wp\/v2\/posts\/432177"}],"collection":[{"href":"https:\/\/notinor.com\/jujuy\/wp-json\/wp\/v2\/posts"}],"about":[{"href":"https:\/\/notinor.com\/jujuy\/wp-json\/wp\/v2\/types\/post"}],"author":[{"embeddable":true,"href":"https:\/\/notinor.com\/jujuy\/wp-json\/wp\/v2\/users\/5"}],"replies":[{"embeddable":true,"href":"https:\/\/notinor.com\/jujuy\/wp-json\/wp\/v2\/comments?post=432177"}],"version-history":[{"count":1,"href":"https:\/\/notinor.com\/jujuy\/wp-json\/wp\/v2\/posts\/432177\/revisions"}],"predecessor-version":[{"id":432179,"href":"https:\/\/notinor.com\/jujuy\/wp-json\/wp\/v2\/posts\/432177\/revisions\/432179"}],"wp:featuredmedia":[{"embeddable":true,"href":"https:\/\/notinor.com\/jujuy\/wp-json\/wp\/v2\/media\/432178"}],"wp:attachment":[{"href":"https:\/\/notinor.com\/jujuy\/wp-json\/wp\/v2\/media?parent=432177"}],"wp:term":[{"taxonomy":"category","embeddable":true,"href":"https:\/\/notinor.com\/jujuy\/wp-json\/wp\/v2\/categories?post=432177"},{"taxonomy":"post_tag","embeddable":true,"href":"https:\/\/notinor.com\/jujuy\/wp-json\/wp\/v2\/tags?post=432177"}],"curies":[{"name":"wp","href":"https:\/\/api.w.org\/{rel}","templated":true}]}}