{"id":432174,"date":"2025-08-27T22:51:00","date_gmt":"2025-08-28T01:51:00","guid":{"rendered":"https:\/\/notinor.com\/jujuy\/?p=432174"},"modified":"2025-08-28T11:06:05","modified_gmt":"2025-08-28T14:06:05","slug":"la-eleccion-representante-capital-sera-en-ciudad-cultural","status":"publish","type":"post","link":"https:\/\/notinor.com\/jujuy\/la-eleccion-representante-capital-sera-en-ciudad-cultural\/","title":{"rendered":"La Elecci\u00f3n Representante Capital ser\u00e1 en Ciudad Cultural"},"content":{"rendered":"\n<p class=\"has-medium-font-size\"><strong><em>El intendente de San Salvador de Jujuy, Ra\u00fal \u201cChuli\u201d Jorge, anunci\u00f3 que la Elecci\u00f3n Representante Capital de la Fiesta Nacional de los Estudiantes se llevar\u00e1 a cabo el domingo 14 de septiembre en Ciudad Cultural, con una puesta en escena que promete sorprender al p\u00fablico.<\/em><\/strong><\/p>\n\n\n\n<figure class=\"wp-block-image\"><img decoding=\"async\" src=\"https:\/\/www.sansalvadordejujuy.gob.ar\/wp-content\/uploads\/2025\/08\/eleccion-reina-ciudad-cultural-foto-prensa-muni-1024x836.jpg\" alt=\"\" class=\"wp-image-92307\"\/><\/figure>\n\n\n\n<p>\u201cSe est\u00e1 trabajando con mucho profesionalismo, con un equipo que tiene a\u00f1os de experiencia para organizar verdaderas fiestas que marcan el inicio de nuestra celebraci\u00f3n mayor. Capital tiene la gran responsabilidad de dar comienzo a esta fiesta con todo el rigor y la energ\u00eda que merece\u201d, expres\u00f3 el jefe comunal.<\/p>\n\n\n\n<p>En este sentido, Jorge adelant\u00f3 que se repetir\u00e1 el escenario de Ciudad Cultural, gracias a un acuerdo alcanzado con el Gobierno de la Provincia y el CFI. \u201cLa maravillosa carpa que all\u00ed se monta nos permitir\u00e1 generar una puesta en escena con un despliegue t\u00e9cnico que sorprender\u00e1 a muchos. Ya estamos trabajando en el estudio previo y, con las candidatas electas, se viene el sorteo, la confraternidad y todo lo que ellas preparan con tanto esfuerzo\u201d, agreg\u00f3.<\/p>\n\n\n\n<p>Por su parte, <strong>Cristina \u201cKitty\u201d Conde<\/strong>, coordinadora de Eventos y Espect\u00e1culos de la Municipalidad de San Salvador de Jujuy, confirm\u00f3 que la elecci\u00f3n se llevar\u00e1 a cabo el domingo 14 de septiembre. \u201cYa venimos trabajando hace dos meses con las candidatas que fueron electas en cada colegio. Tenemos la primicia de contar con 59 representantes confirmadas, algo que en a\u00f1os anteriores reci\u00e9n se lograba en los primeros d\u00edas de septiembre. Desde este fin de semana se sumar\u00e1n todas oficialmente y se dar\u00e1 inicio a la agenda de actividades\u201d, explic\u00f3.<\/p>\n\n\n\n<p>Asimismo, adelant\u00f3 que el sorteo del orden de pasada ser\u00e1 el lunes 1 de septiembre y que el espect\u00e1culo contar\u00e1 con importantes propuestas art\u00edsticas. \u201cEste a\u00f1o vamos a tener cantantes en vivo, un grupo de baile, la participaci\u00f3n de los bailarines de la escuela Fogo, que actuaron a nivel nacional, y varias sorpresas m\u00e1s. El n\u00famero central estar\u00e1 a cargo del grupo Diableros, que animar\u00e1 el intervalo\u201d, detall\u00f3.<\/p>\n\n\n<div class=\"wp-block-image\">\n<figure class=\"aligncenter\"><img decoding=\"async\" src=\"https:\/\/www.sansalvadordejujuy.gob.ar\/wp-content\/uploads\/2024\/09\/DSC_4678-1024x683.jpg\" alt=\"\" class=\"wp-image-75280\"\/><\/figure><\/div>\n\n\n<p><strong>Nota audiovisual:<\/strong>&nbsp;<a href=\"https:\/\/youtu.be\/OOL_yoZGf_k\">https:\/\/youtu.be\/OOL_yoZGf_k<\/a><\/p>\n","protected":false},"excerpt":{"rendered":"<p>El intendente de San Salvador de Jujuy, Ra\u00fal \u201cChuli\u201d Jorge, anunci\u00f3 que la Elecci\u00f3n Representante Capital de la Fiesta Nacional de los Estudiantes se llevar\u00e1 a cabo el domingo 14 de septiembre en Ciudad Cultural, con una puesta en escena que promete sorprender al p\u00fablico. \u201cSe est\u00e1 trabajando con mucho profesionalismo, con un equipo que [&hellip;]<\/p>\n","protected":false},"author":5,"featured_media":432175,"comment_status":"open","ping_status":"open","sticky":false,"template":"","format":"standard","meta":{"_stopmodifiedupdate":false,"_modified_date":"","inline_featured_image":false,"spay_email":"","jetpack_publicize_message":""},"categories":[594,13],"tags":[],"jetpack_featured_media_url":"https:\/\/notinor.com\/jujuy\/wp-content\/uploads\/2025\/08\/FNE.jpg","jetpack_publicize_connections":[],"_links":{"self":[{"href":"https:\/\/notinor.com\/jujuy\/wp-json\/wp\/v2\/posts\/432174"}],"collection":[{"href":"https:\/\/notinor.com\/jujuy\/wp-json\/wp\/v2\/posts"}],"about":[{"href":"https:\/\/notinor.com\/jujuy\/wp-json\/wp\/v2\/types\/post"}],"author":[{"embeddable":true,"href":"https:\/\/notinor.com\/jujuy\/wp-json\/wp\/v2\/users\/5"}],"replies":[{"embeddable":true,"href":"https:\/\/notinor.com\/jujuy\/wp-json\/wp\/v2\/comments?post=432174"}],"version-history":[{"count":1,"href":"https:\/\/notinor.com\/jujuy\/wp-json\/wp\/v2\/posts\/432174\/revisions"}],"predecessor-version":[{"id":432176,"href":"https:\/\/notinor.com\/jujuy\/wp-json\/wp\/v2\/posts\/432174\/revisions\/432176"}],"wp:featuredmedia":[{"embeddable":true,"href":"https:\/\/notinor.com\/jujuy\/wp-json\/wp\/v2\/media\/432175"}],"wp:attachment":[{"href":"https:\/\/notinor.com\/jujuy\/wp-json\/wp\/v2\/media?parent=432174"}],"wp:term":[{"taxonomy":"category","embeddable":true,"href":"https:\/\/notinor.com\/jujuy\/wp-json\/wp\/v2\/categories?post=432174"},{"taxonomy":"post_tag","embeddable":true,"href":"https:\/\/notinor.com\/jujuy\/wp-json\/wp\/v2\/tags?post=432174"}],"curies":[{"name":"wp","href":"https:\/\/api.w.org\/{rel}","templated":true}]}}