{"id":432162,"date":"2025-08-27T22:23:00","date_gmt":"2025-08-28T01:23:00","guid":{"rendered":"https:\/\/notinor.com\/jujuy\/?p=432162"},"modified":"2025-08-28T10:27:18","modified_gmt":"2025-08-28T13:27:18","slug":"visita-del-colegio-secundario-n-o-32-dr-rene-favaloro-a-la-legislatura-de-jujuy","status":"publish","type":"post","link":"https:\/\/notinor.com\/jujuy\/visita-del-colegio-secundario-n-o-32-dr-rene-favaloro-a-la-legislatura-de-jujuy\/","title":{"rendered":"Visita del Colegio Secundario N.\u00ba 32 \"Dr. Ren\u00e9 Favaloro\" a la Legislatura de Jujuy"},"content":{"rendered":"\n<p class=\"has-medium-font-size\"><strong><em>En el marco del Programa de Visitas Guiadas que lleva adelante la Legislatura de la Provincia, alumnos de 1\u00ba y 3\u00ba a\u00f1o del Colegio Secundario N.\u00ba 32 \"Dr. Ren\u00e9 Favaloro\", del sector El Balc\u00f3n de Alto Comedero, realizaron un recorrido por las instalaciones del Poder Legislativo<\/em><\/strong>.<\/p>\n\n\n<div class=\"wp-block-image\">\n<figure class=\"aligncenter size-large\"><img decoding=\"async\" loading=\"lazy\" width=\"719\" height=\"480\" src=\"https:\/\/notinor.com\/jujuy\/wp-content\/uploads\/2025\/08\/ALUMNOS1-4-719x480.jpeg\" alt=\"\" class=\"wp-image-432164\" srcset=\"https:\/\/notinor.com\/jujuy\/wp-content\/uploads\/2025\/08\/ALUMNOS1-4-719x480.jpeg 719w, https:\/\/notinor.com\/jujuy\/wp-content\/uploads\/2025\/08\/ALUMNOS1-4-547x365.jpeg 547w, https:\/\/notinor.com\/jujuy\/wp-content\/uploads\/2025\/08\/ALUMNOS1-4-768x513.jpeg 768w, https:\/\/notinor.com\/jujuy\/wp-content\/uploads\/2025\/08\/ALUMNOS1-4-1536x1025.jpeg 1536w, https:\/\/notinor.com\/jujuy\/wp-content\/uploads\/2025\/08\/ALUMNOS1-4-750x501.jpeg 750w, https:\/\/notinor.com\/jujuy\/wp-content\/uploads\/2025\/08\/ALUMNOS1-4-1140x761.jpeg 1140w, https:\/\/notinor.com\/jujuy\/wp-content\/uploads\/2025\/08\/ALUMNOS1-4.jpeg 1600w\" sizes=\"(max-width: 719px) 100vw, 719px\" \/><\/figure><\/div>\n\n\n<p>La delegaci\u00f3n fue recibida en el Recinto de Sesiones por los diputados provinciales <strong>Hilda Prolongo<\/strong>, <strong>Gustavo Arias, Olga Yolanda Ramos y Omar Guti\u00e9rrez<\/strong>, quienes brindaron una cordial bienvenida a los estudiantes y docentes acompa\u00f1antes. Durante la actividad, los legisladores explicaron el funcionamiento de la C\u00e1mara, el proceso de elaboraci\u00f3n y sanci\u00f3n de las leyes, y respondieron las inquietudes planteadas por los j\u00f3venes.<\/p>\n\n\n<div class=\"wp-block-image\">\n<figure class=\"aligncenter size-large\"><img decoding=\"async\" loading=\"lazy\" width=\"719\" height=\"480\" src=\"https:\/\/notinor.com\/jujuy\/wp-content\/uploads\/2025\/08\/ALUMNOS1-5-719x480.jpeg\" alt=\"\" class=\"wp-image-432165\" srcset=\"https:\/\/notinor.com\/jujuy\/wp-content\/uploads\/2025\/08\/ALUMNOS1-5-719x480.jpeg 719w, https:\/\/notinor.com\/jujuy\/wp-content\/uploads\/2025\/08\/ALUMNOS1-5-547x365.jpeg 547w, https:\/\/notinor.com\/jujuy\/wp-content\/uploads\/2025\/08\/ALUMNOS1-5-768x513.jpeg 768w, https:\/\/notinor.com\/jujuy\/wp-content\/uploads\/2025\/08\/ALUMNOS1-5-1536x1025.jpeg 1536w, https:\/\/notinor.com\/jujuy\/wp-content\/uploads\/2025\/08\/ALUMNOS1-5-750x501.jpeg 750w, https:\/\/notinor.com\/jujuy\/wp-content\/uploads\/2025\/08\/ALUMNOS1-5-1140x761.jpeg 1140w, https:\/\/notinor.com\/jujuy\/wp-content\/uploads\/2025\/08\/ALUMNOS1-5.jpeg 1600w\" sizes=\"(max-width: 719px) 100vw, 719px\" \/><\/figure><\/div>\n\n\n<p>En ese sentido, la diputada Hilda Prolongo destac\u00f3 la activa participaci\u00f3n de los estudiantes y valor\u00f3 su inter\u00e9s por conocer de cerca el rol institucional de la Legislatura y los mecanismos de la vida democr\u00e1tica.<\/p>\n\n\n\n<p>La comitiva educativa estuvo encabezada por los docentes <strong>Esteban Ortega y Juan Rodr\u00edguez<\/strong>, junto a la preceptora<strong> Natalia Valdiviezo<\/strong>. Para concluir la jornada, personal de Ceremonial y Protocolo de la Legislatura acompa\u00f1\u00f3 a la delegaci\u00f3n en un recorrido guiado por el edificio, brindando informaci\u00f3n sobre su historia, los murales y las distintas \u00e1reas que lo integran.<\/p>\n","protected":false},"excerpt":{"rendered":"<p>En el marco del Programa de Visitas Guiadas que lleva adelante la Legislatura de la Provincia, alumnos de 1\u00ba y 3\u00ba a\u00f1o del Colegio Secundario N.\u00ba 32 \"Dr. Ren\u00e9 Favaloro\", del sector El Balc\u00f3n de Alto Comedero, realizaron un recorrido por las instalaciones del Poder Legislativo. La delegaci\u00f3n fue recibida en el Recinto de Sesiones [&hellip;]<\/p>\n","protected":false},"author":5,"featured_media":432163,"comment_status":"open","ping_status":"open","sticky":false,"template":"","format":"standard","meta":{"_stopmodifiedupdate":false,"_modified_date":"","inline_featured_image":false,"spay_email":"","jetpack_publicize_message":""},"categories":[13],"tags":[],"jetpack_featured_media_url":"https:\/\/notinor.com\/jujuy\/wp-content\/uploads\/2025\/08\/ALUMNOS-1.jpeg","jetpack_publicize_connections":[],"_links":{"self":[{"href":"https:\/\/notinor.com\/jujuy\/wp-json\/wp\/v2\/posts\/432162"}],"collection":[{"href":"https:\/\/notinor.com\/jujuy\/wp-json\/wp\/v2\/posts"}],"about":[{"href":"https:\/\/notinor.com\/jujuy\/wp-json\/wp\/v2\/types\/post"}],"author":[{"embeddable":true,"href":"https:\/\/notinor.com\/jujuy\/wp-json\/wp\/v2\/users\/5"}],"replies":[{"embeddable":true,"href":"https:\/\/notinor.com\/jujuy\/wp-json\/wp\/v2\/comments?post=432162"}],"version-history":[{"count":2,"href":"https:\/\/notinor.com\/jujuy\/wp-json\/wp\/v2\/posts\/432162\/revisions"}],"predecessor-version":[{"id":432167,"href":"https:\/\/notinor.com\/jujuy\/wp-json\/wp\/v2\/posts\/432162\/revisions\/432167"}],"wp:featuredmedia":[{"embeddable":true,"href":"https:\/\/notinor.com\/jujuy\/wp-json\/wp\/v2\/media\/432163"}],"wp:attachment":[{"href":"https:\/\/notinor.com\/jujuy\/wp-json\/wp\/v2\/media?parent=432162"}],"wp:term":[{"taxonomy":"category","embeddable":true,"href":"https:\/\/notinor.com\/jujuy\/wp-json\/wp\/v2\/categories?post=432162"},{"taxonomy":"post_tag","embeddable":true,"href":"https:\/\/notinor.com\/jujuy\/wp-json\/wp\/v2\/tags?post=432162"}],"curies":[{"name":"wp","href":"https:\/\/api.w.org\/{rel}","templated":true}]}}