{"id":432160,"date":"2025-08-27T22:07:00","date_gmt":"2025-08-28T01:07:00","guid":{"rendered":"https:\/\/notinor.com\/jujuy\/?p=432160"},"modified":"2025-08-27T10:07:59","modified_gmt":"2025-08-27T10:07:59","slug":"la-legislatura-sesionara-este-jueves","status":"publish","type":"post","link":"https:\/\/notinor.com\/jujuy\/la-legislatura-sesionara-este-jueves\/","title":{"rendered":"La Legislatura sesionar\u00e1 este jueves"},"content":{"rendered":"\n<p class=\"has-medium-font-size\"><strong><em>En el marco de la reuni\u00f3n de la Comisi\u00f3n de Labor Parlamentaria, las autoridades de la C\u00e1mara de Diputados de la Provincia y los presidentes de los bloques que la integran resolvieron convocar a la Octava Sesi\u00f3n Ordinaria, que se llevar\u00e1 a cabo el jueves 28 de agosto, a horas 10:00<\/em><\/strong>.<\/p>\n\n\n<div class=\"wp-block-image\">\n<figure class=\"aligncenter size-large\"><img decoding=\"async\" loading=\"lazy\" width=\"840\" height=\"473\" src=\"https:\/\/notinor.com\/jujuy\/wp-content\/uploads\/2025\/07\/legislatura-840x473.jpeg\" alt=\"\" class=\"wp-image-429566\" srcset=\"https:\/\/notinor.com\/jujuy\/wp-content\/uploads\/2025\/07\/legislatura-840x473.jpeg 840w, https:\/\/notinor.com\/jujuy\/wp-content\/uploads\/2025\/07\/legislatura-649x365.jpeg 649w, https:\/\/notinor.com\/jujuy\/wp-content\/uploads\/2025\/07\/legislatura-768x432.jpeg 768w, https:\/\/notinor.com\/jujuy\/wp-content\/uploads\/2025\/07\/legislatura-1536x864.jpeg 1536w, https:\/\/notinor.com\/jujuy\/wp-content\/uploads\/2025\/07\/legislatura-750x422.jpeg 750w, https:\/\/notinor.com\/jujuy\/wp-content\/uploads\/2025\/07\/legislatura-1140x641.jpeg 1140w, https:\/\/notinor.com\/jujuy\/wp-content\/uploads\/2025\/07\/legislatura.jpeg 1600w\" sizes=\"(max-width: 840px) 100vw, 840px\" \/><figcaption class=\"wp-element-caption\">Casa de Piedra de Jujuy<\/figcaption><\/figure><\/div>\n\n\n<p>En dicha oportunidad, el Cuerpo parlamentario abordar\u00e1 diversos proyectos que fueron analizados en el trabajo de las comisiones legislativas durante la presente semana, entre los cuales se destacan: el Proyecto de Ley de Reestructuraci\u00f3n Jur\u00eddica Facultativa de las Sociedades del Estado de la Provincia de Jujuy. El Proyecto de Ley de Exenci\u00f3n del 100 % del Impuesto de Sellos a la raz\u00f3n social Industrias Zapla S.A., aplicable a todas las operaciones vinculadas a su actividad industrial. El Proyecto de Ley que establece la vigencia del plan de contingencia \"Jujuy Asiste y Reactiva\". El Proyecto de Ley que instituye el 24 de noviembre como \"D\u00eda de la Ruta de la Paz en Jujuy\". Adem\u00e1s del Proyecto de Ley que asigna el nombre \"Pedro Pascual\" a la Escuela Primaria N.\u00ba 334 de la localidad de Pueblo Viejo, departamento Cochinoca.<\/p>\n\n\n\n<p>Asimismo, ser\u00e1n considerados otros proyectos de resoluci\u00f3n y de declaraci\u00f3n.<\/p>\n","protected":false},"excerpt":{"rendered":"<p>En el marco de la reuni\u00f3n de la Comisi\u00f3n de Labor Parlamentaria, las autoridades de la C\u00e1mara de Diputados de la Provincia y los presidentes de los bloques que la integran resolvieron convocar a la Octava Sesi\u00f3n Ordinaria, que se llevar\u00e1 a cabo el jueves 28 de agosto, a horas 10:00. En dicha oportunidad, el [&hellip;]<\/p>\n","protected":false},"author":5,"featured_media":429566,"comment_status":"open","ping_status":"open","sticky":false,"template":"","format":"standard","meta":{"_stopmodifiedupdate":false,"_modified_date":"","inline_featured_image":false,"spay_email":"","jetpack_publicize_message":""},"categories":[514],"tags":[],"jetpack_featured_media_url":"https:\/\/notinor.com\/jujuy\/wp-content\/uploads\/2025\/07\/legislatura.jpeg","jetpack_publicize_connections":[],"_links":{"self":[{"href":"https:\/\/notinor.com\/jujuy\/wp-json\/wp\/v2\/posts\/432160"}],"collection":[{"href":"https:\/\/notinor.com\/jujuy\/wp-json\/wp\/v2\/posts"}],"about":[{"href":"https:\/\/notinor.com\/jujuy\/wp-json\/wp\/v2\/types\/post"}],"author":[{"embeddable":true,"href":"https:\/\/notinor.com\/jujuy\/wp-json\/wp\/v2\/users\/5"}],"replies":[{"embeddable":true,"href":"https:\/\/notinor.com\/jujuy\/wp-json\/wp\/v2\/comments?post=432160"}],"version-history":[{"count":1,"href":"https:\/\/notinor.com\/jujuy\/wp-json\/wp\/v2\/posts\/432160\/revisions"}],"predecessor-version":[{"id":432161,"href":"https:\/\/notinor.com\/jujuy\/wp-json\/wp\/v2\/posts\/432160\/revisions\/432161"}],"wp:featuredmedia":[{"embeddable":true,"href":"https:\/\/notinor.com\/jujuy\/wp-json\/wp\/v2\/media\/429566"}],"wp:attachment":[{"href":"https:\/\/notinor.com\/jujuy\/wp-json\/wp\/v2\/media?parent=432160"}],"wp:term":[{"taxonomy":"category","embeddable":true,"href":"https:\/\/notinor.com\/jujuy\/wp-json\/wp\/v2\/categories?post=432160"},{"taxonomy":"post_tag","embeddable":true,"href":"https:\/\/notinor.com\/jujuy\/wp-json\/wp\/v2\/tags?post=432160"}],"curies":[{"name":"wp","href":"https:\/\/api.w.org\/{rel}","templated":true}]}}