{"id":432151,"date":"2025-08-27T20:45:59","date_gmt":"2025-08-27T23:45:59","guid":{"rendered":"https:\/\/notinor.com\/jujuy\/?p=432151"},"modified":"2025-08-27T20:46:01","modified_gmt":"2025-08-27T23:46:01","slug":"atacaron-con-piedras-a-la-caravana-de-milei-en-lomas-de-zamora-y-debieron-evacuar-a-la-comitiva-hubo-detenidos","status":"publish","type":"post","link":"https:\/\/notinor.com\/jujuy\/atacaron-con-piedras-a-la-caravana-de-milei-en-lomas-de-zamora-y-debieron-evacuar-a-la-comitiva-hubo-detenidos\/","title":{"rendered":"Atacaron con piedras a la caravana de Milei en Lomas de Zamora y debieron evacuar a la comitiva: hubo detenidos"},"content":{"rendered":"\n<p class=\"has-medium-font-size\"><strong><em>Ante los ataques de los militantes de la oposici\u00f3n, decidieron terminar el acto. Espert se fue en moto, mientras que el Presidente y su hermana se fueron en otra camioneta.<\/em><\/strong><\/p>\n\n\n\n<p><\/p>\n\n\n<div class=\"wp-block-image\">\n<figure class=\"aligncenter size-full\"><img decoding=\"async\" loading=\"lazy\" width=\"800\" height=\"450\" src=\"https:\/\/notinor.com\/jujuy\/wp-content\/uploads\/2025\/08\/ataque-a-milei.jpg\" alt=\"\" class=\"wp-image-432152\" srcset=\"https:\/\/notinor.com\/jujuy\/wp-content\/uploads\/2025\/08\/ataque-a-milei.jpg 800w, https:\/\/notinor.com\/jujuy\/wp-content\/uploads\/2025\/08\/ataque-a-milei-649x365.jpg 649w, https:\/\/notinor.com\/jujuy\/wp-content\/uploads\/2025\/08\/ataque-a-milei-500x280.jpg 500w, https:\/\/notinor.com\/jujuy\/wp-content\/uploads\/2025\/08\/ataque-a-milei-768x432.jpg 768w, https:\/\/notinor.com\/jujuy\/wp-content\/uploads\/2025\/08\/ataque-a-milei-750x422.jpg 750w\" sizes=\"(max-width: 800px) 100vw, 800px\" \/><\/figure><\/div>\n\n\n<p><\/p>\n\n\n\n<p><strong>Javier Milei estaba encabezando una caravana en Lomas de Zamora, en la provincia de Buenos Aires, junto a Karina Milei y Jos\u00e9 Luis Espert, entre otros representantes de La Libertad Avanza, cuando militantes de la oposici\u00f3n atacaron a la comitiva y se enfrentaron a la seguridad.<\/strong><\/p>\n\n\n\n<p><strong>Por los incidentes, hubo dos personas detenidas. Un hombre fue aprehendido por tirarse sobre la camioneta de la comitiva, pero luego fue liberado.<\/strong> El otro hombre en cuesti\u00f3n qued\u00f3 detenido por atentado a la autoridad tras arrojar piedras.<\/p>\n\n\n\n<p>El acto multitudinario se sali\u00f3 de control cuando los atacantes se acercaron a insultar y arrojar objetos al veh\u00edculo donde se encontraba el Presidente y el resto de la comitiva. <strong>Ante la falta de seguridad, tuvieron que evacuar. El mandatario y su hermana se fueron en otra camioneta, mientras que Espert se march\u00f3 en la moto de un militante.<\/strong><\/p>\n\n\n\n<p><strong>\u201cEn un momento, cayeron piedras muy cerca del Presidente, de la presidenta del partido y muy cerca m\u00edo. A unas chicas que hacen fotograf\u00edas les tiraron piedras a la cintura. Se puso muy violento y, por una cuesti\u00f3n de seguridad, decidimos terminar el evento\u201d, <\/strong>explic\u00f3 Espert en TN.<\/p>\n\n\n\n<p>Ya asegurados en Olivos, Milei public\u00f3 un mensaje en su cuenta oficial de X: \u201cEn Olivos con el profe Jos\u00e9 Luis Espert y el jefe Karina Milei luego del paso por Lomas de Zamora, donde los kukas tira piedras carentes de ideas, recurrieron otra vez a la violencia. El 7\/9 y el 26\/10 digamos en las urnas kirchnerismo Nunca M\u00e1s. VLLC!\u201d.<\/p>\n\n\n\n<p><strong>\u201cLa violencia del kirchnerismo en plena campa\u00f1a es una cosa llamativa. El otro d\u00eda hubo varios j\u00f3venes que terminaron internados en Jun\u00edn y ahora vuelve a ocurrir un hecho de violencia en territorio kirchnerista. Ante la incapacidad de discutir ideas, recurren a las difamaciones y a las operaciones. Este es el s\u00edmbolo de la campa\u00f1a. No nos van a amedrentar. Hay mucha gente que van a cambiar y vamos a seguir yendo a la PBA\u201d,<\/strong> agreg\u00f3 Espert al apuntar directamente contra los militantes de la oposici\u00f3n.<\/p>\n\n\n\n<p>\u201cLa violencia interrumpi\u00f3 la caravana. Esto es el kirchnerismo, es violencia. Lo acuso al intendente de Lomas de Zamora, Federico Otermin, por lo que nos pas\u00f3\u201d, apunt\u00f3 el diputado.<\/p>\n\n\n\n<p>Luego ampli\u00f3 c\u00f3mo vivi\u00f3 el momento en el que comenz\u00f3 el ataque: <strong>\u201cEl grueso de la gente nos apoyaba y ya empez\u00f3 a haber un clima espeso antes de que llegue el presidente. Cuando lleg\u00f3 hicimos much\u00edsimas cuadras con euforia, en total paz. Y sobre el final del recorrido, ah\u00ed empezaron los gritos y la violencia f\u00edsica a trav\u00e9s de objetos que volaban sobre la camioneta\u201d.<\/strong><\/p>\n\n\n\n<p>\u201cQuiero condenar el segundo acto de violencia, en el inicio de la campa\u00f1a. Ya tenemos que condenar dos hechos de violencia en territorio kirchnerista. Si no tenemos en claro que ac\u00e1 hay un enemigo de la libertad que es el kirchnerismo, podemos llegar a equivocarnos\u201d, insisti\u00f3.<\/p>\n\n\n\n<p><strong>A los minutos de los ataques que derivaron en la evacuaci\u00f3n, m\u00e1s personalidades representativas de LLA se pronunciaron.<\/strong><\/p>\n\n\n\n<p>Ante la violenta situaci\u00f3n, Manuel Adorni decidi\u00f3 salir a dar un mensaje a trav\u00e9s de sus redes sociales. El vocero presidencial public\u00f3: <strong>\u201cMilitantes de la vieja pol\u00edtica, kirchnerismo en estado puro y un modelo de violencia que solo quieren los cavern\u00edcolas del pasado: atacaron con piedras la caravana donde se encontraba el Presidente de la Naci\u00f3n. No hay heridos. Lo \u00fanico que hay son muchos que van hacia el m\u00e1s absoluto de los olvidos: kirchnerismo nunca m\u00e1s. Fin\u201d.<\/strong><\/p>\n\n\n\n<p>Patricia Bullrich, la ministra de Seguridad de la Naci\u00f3n, escribi\u00f3 en su cuenta personal de X: \u201cEl kirchnerismo organiz\u00f3 un ataque al Presidente en Lomas de Zamora, poniendo en riesgo a la gente y a las familias que lo fueron a acompa\u00f1ar. Estos tipos, para recuperar algo de poder, siembran violencia y caos. Kirchnerismo. Nunca M\u00e1s\u201d.<\/p>\n\n\n\n<p class=\"has-medium-font-size\"><strong>Enfrentamiento entre manifestantes y la polic\u00eda en la caravana de Milei<\/strong><\/p>\n\n\n\n<p>Mientras que Mart\u00edn Menem, presidente de la C\u00e1mara de Diputados de la Naci\u00f3n, public\u00f3:<strong> \u201cKirchnerismo. Agitaron la calle y prendieron fuego veh\u00edculos. Atacaron el equilibrio fiscal todo el tiempo en el congreso. Atacaron la estabilidad en el mercado financiero en varias oportunidades. Hoy le tiraron piedras al presidente en una caravana pac\u00edfica. Est\u00e1n desesperados\u201d.<\/strong><\/p>\n\n\n\n<p>Por su parte, la cuenta oficial de La Libertad Avanza tambi\u00e9n emiti\u00f3 un comunicado tras lo sucedido.<strong> \u201cNo nos van a frenar. Cuando no hay argumentos se recurre a la violencia. Y eso demostr\u00f3 el kirchnerismo hoy. En un a\u00f1o y medio, hemos bajado la pobreza del 52% al 31%. Es decir, sacamos a 12 millones de personas de la pobreza.<\/strong> 12 millones de personas que dejan de ser esclavos de los pol\u00edticos. Por eso est\u00e1n tan nerviosos, porque saben que el sistema que ellos armaron se termin\u00f3\u201d, comenz\u00f3.<\/p>\n\n\n\n<p><strong>\u201cDe un lado est\u00e1n los que tiran piedras, dejaron 52% de pobres y 54% de inflaci\u00f3n mensual. Del otro los que bajamos el gasto p\u00fablico terminando el d\u00e9ficit fiscal, sacamos a 12 millones de argentinos de la pobreza y exterminamos la inflaci\u00f3n.<\/strong> El 7 de septiembre las urnas lo expresar\u00e1n claramente: Kirchnerismo Nunca M\u00e1s\u201d, cerr\u00f3 la publicaci\u00f3n.<\/p>\n","protected":false},"excerpt":{"rendered":"<p>Ante los ataques de los militantes de la oposici\u00f3n, decidieron terminar el acto. Espert se fue en moto, mientras que el Presidente y su hermana se fueron en otra camioneta. Javier Milei estaba encabezando una caravana en Lomas de Zamora, en la provincia de Buenos Aires, junto a Karina Milei y Jos\u00e9 Luis Espert, entre [&hellip;]<\/p>\n","protected":false},"author":49,"featured_media":432152,"comment_status":"open","ping_status":"open","sticky":false,"template":"","format":"standard","meta":{"_stopmodifiedupdate":false,"_modified_date":"","inline_featured_image":false,"spay_email":"","jetpack_publicize_message":""},"categories":[2,501],"tags":[],"jetpack_featured_media_url":"https:\/\/notinor.com\/jujuy\/wp-content\/uploads\/2025\/08\/ataque-a-milei.jpg","jetpack_publicize_connections":[],"_links":{"self":[{"href":"https:\/\/notinor.com\/jujuy\/wp-json\/wp\/v2\/posts\/432151"}],"collection":[{"href":"https:\/\/notinor.com\/jujuy\/wp-json\/wp\/v2\/posts"}],"about":[{"href":"https:\/\/notinor.com\/jujuy\/wp-json\/wp\/v2\/types\/post"}],"author":[{"embeddable":true,"href":"https:\/\/notinor.com\/jujuy\/wp-json\/wp\/v2\/users\/49"}],"replies":[{"embeddable":true,"href":"https:\/\/notinor.com\/jujuy\/wp-json\/wp\/v2\/comments?post=432151"}],"version-history":[{"count":1,"href":"https:\/\/notinor.com\/jujuy\/wp-json\/wp\/v2\/posts\/432151\/revisions"}],"predecessor-version":[{"id":432153,"href":"https:\/\/notinor.com\/jujuy\/wp-json\/wp\/v2\/posts\/432151\/revisions\/432153"}],"wp:featuredmedia":[{"embeddable":true,"href":"https:\/\/notinor.com\/jujuy\/wp-json\/wp\/v2\/media\/432152"}],"wp:attachment":[{"href":"https:\/\/notinor.com\/jujuy\/wp-json\/wp\/v2\/media?parent=432151"}],"wp:term":[{"taxonomy":"category","embeddable":true,"href":"https:\/\/notinor.com\/jujuy\/wp-json\/wp\/v2\/categories?post=432151"},{"taxonomy":"post_tag","embeddable":true,"href":"https:\/\/notinor.com\/jujuy\/wp-json\/wp\/v2\/tags?post=432151"}],"curies":[{"name":"wp","href":"https:\/\/api.w.org\/{rel}","templated":true}]}}