{"id":432080,"date":"2025-08-26T14:14:31","date_gmt":"2025-08-26T17:14:31","guid":{"rendered":"https:\/\/notinor.com\/jujuy\/?p=432080"},"modified":"2025-08-26T14:19:04","modified_gmt":"2025-08-26T17:19:04","slug":"madre-teresa-de-calcuta-santidad-en-tiempo-record-y-la-historia-de-quien-intento-frenarla","status":"publish","type":"post","link":"https:\/\/notinor.com\/jujuy\/madre-teresa-de-calcuta-santidad-en-tiempo-record-y-la-historia-de-quien-intento-frenarla\/","title":{"rendered":"Madre Teresa de Calcuta: santidad en tiempo r\u00e9cord y la historia de quien intent\u00f3 frenarla"},"content":{"rendered":"\n<p class=\"has-medium-font-size\"><strong><em>Hace 115 a\u00f1os, en Uskub \u2014entonces parte del Imperio Otomano y hoy Skopie, capital de Macedonia del Norte\u2014 nac\u00eda Anjeze (Agnes) Ghonxhe Bojaxhiu. A los 18 a\u00f1os ingres\u00f3 al noviciado de las Hermanas de Loreto y fue enviada a la India. All\u00ed adopt\u00f3 el nombre de Teresa, en homenaje a Teresa de Lisieux, patrona de los misioneros. D\u00e9cadas despu\u00e9s, se convertir\u00eda en una de las figuras religiosas m\u00e1s influyentes y controvertidas del siglo XX.<\/em><\/strong><\/p>\n\n\n<div class=\"wp-block-image\">\n<figure class=\"aligncenter size-full\"><img decoding=\"async\" loading=\"lazy\" width=\"683\" height=\"383\" src=\"https:\/\/notinor.com\/jujuy\/wp-content\/uploads\/2025\/08\/MADRE-TERESA.jpg\" alt=\"\" class=\"wp-image-432081\" srcset=\"https:\/\/notinor.com\/jujuy\/wp-content\/uploads\/2025\/08\/MADRE-TERESA.jpg 683w, https:\/\/notinor.com\/jujuy\/wp-content\/uploads\/2025\/08\/MADRE-TERESA-651x365.jpg 651w, https:\/\/notinor.com\/jujuy\/wp-content\/uploads\/2025\/08\/MADRE-TERESA-500x280.jpg 500w\" sizes=\"(max-width: 683px) 100vw, 683px\" \/><figcaption class=\"wp-element-caption\">Mar\u00eda Teresa de Calcuta en setiembre de 1995<\/figcaption><\/figure><\/div>\n\n\n<p><strong>Una figura global<\/strong><\/p>\n\n\n\n<p><strong>La gran irrupci\u00f3n internacional de la Madre Teresa ocurri\u00f3 en 1969<\/strong>, cuando el periodista Malcolm Muggeridge estren\u00f3 Something Beautiful for God, un documental de la BBC que difundi\u00f3 su labor fuera de la India. A partir de entonces, la imagen de la monja de h\u00e1bito blanco con franjas azules comenz\u00f3 a recorrer el mundo: su voz grave, sus gestos pausados y <strong>sus declaraciones sobre la pobreza la transformaron en s\u00edmbolo global<\/strong>.<\/p>\n\n\n\n<p>Su obra atrajo donaciones que permitieron abrir centros de atenci\u00f3n, hospitales y hospicios en los barrios m\u00e1s pobres de Calcuta. <strong>En 1979, la concesi\u00f3n del Premio Nobel de la Paz consolid\u00f3 su fama planetaria<\/strong>. Desde entonces se vincul\u00f3 con l\u00edderes pol\u00edticos, celebridades y tambi\u00e9n con personajes cuestionados, como la familia Duvalier en Hait\u00ed.<\/p>\n\n\n\n<p>Pese a su aparente fragilidad, era firme al tomar decisiones y disciplinar a su congregaci\u00f3n. Los poderosos que se reun\u00edan con ella sol\u00edan salir habiendo donado m\u00e1s de lo que hab\u00edan previsto.<\/p>\n\n\n\n<p><strong>El giro tras la hambruna<\/strong><\/p>\n\n\n\n<p>Durante a\u00f1os fue una monja dedicada a la docencia en Calcuta, donde ense\u00f1aba historia y geograf\u00eda. Todo cambi\u00f3 con la <strong>hambruna de Bengala en 1943<\/strong>, que provoc\u00f3 m\u00e1s de un mill\u00f3n y medio de muertes. El contacto directo con el hambre y la miseria marc\u00f3 su destino. Poco despu\u00e9s, relat\u00f3 haber tenido una \u201cllamada dentro de la llamada\u201d: una revelaci\u00f3n en la que sinti\u00f3 que Jes\u00fas la instaba a dejar el convento y dedicarse a los m\u00e1s pobres.<\/p>\n\n\n\n<p><strong>De Agnes a Teresa: el camino de la patrona de los misioneros<\/strong><\/p>\n\n\n\n<p>Naci\u00f3 el 26 de agosto de 1910 en Uskub, entonces parte del Imperio Otomano (hoy Skopie, capital de Macedonia del Norte). Su nombre era Anjeze Ghonxhe Bojaxhiu, aunque todos la conoc\u00edan como Agnes. Hija de una familia albanesa, creci\u00f3 en un hogar acomodado hasta que la muerte prematura de su padre cambi\u00f3 por completo el destino familiar. Con apenas ocho a\u00f1os, conoci\u00f3 las privaciones y poco despu\u00e9s ingres\u00f3 al cuidado de las Hermanas de Loreto.<\/p>\n\n\n\n<p>A los 18 a\u00f1os se uni\u00f3 al noviciado y fue destinada a Calcuta, India, donde adopt\u00f3 el nombre de Teresa en homenaje a Santa Teresita de Lisieux, patrona de los misioneros.<\/p>\n\n\n\n<p>Tras la devastadora hambruna de 1943, dej\u00f3 las aulas y el convento para volcarse a las calles de Calcuta, decidida a convivir y asistir a los m\u00e1s pobres. Dos a\u00f1os le llev\u00f3 conseguir el permiso eclesi\u00e1stico para fundar su propia congregaci\u00f3n: las Misioneras de la Caridad, con un lema simple y radical: \u201c<strong>Amar y cuidar a quienes nadie est\u00e1 dispuesto a cuidar<\/strong>\u201d.<\/p>\n\n\n\n<p>Desde entonces, su labor estuvo centrada en los m\u00e1s olvidados de la India: leprosos, moribundos, hu\u00e9rfanos y hambrientos. Para Teresa no se trataba de los pobres en general, sino de \u201clos m\u00e1s pobres entre los pobres\u201d. Su obra se multiplic\u00f3 con escuelas, hospicios, hospitales y orfanatos.<\/p>\n\n\n\n<p><strong>En 1979 recibi\u00f3 el Premio Nobel de la Paz<\/strong>, lo que consolid\u00f3 su figura mundial. Con apenas un 2,3% de cat\u00f3licos en India, su congregaci\u00f3n logr\u00f3 expandirse a m\u00e1s de cien pa\u00edses con 6.000 religiosas, trascendiendo fronteras y credos. Su influencia era tal que intervino en conflictos b\u00e9licos, organiz\u00f3 rescates de hu\u00e9rfanos en Beirut, promovi\u00f3 liberaciones humanitarias y llev\u00f3 asistencia a v\u00edctimas de cat\u00e1strofes en distintos rincones del planeta.<\/p>\n\n\n<div class=\"wp-block-image\">\n<figure class=\"aligncenter size-full\"><img decoding=\"async\" loading=\"lazy\" width=\"681\" height=\"455\" src=\"https:\/\/notinor.com\/jujuy\/wp-content\/uploads\/2025\/08\/MADRE-TERESA1.jpg\" alt=\"\" class=\"wp-image-432082\" srcset=\"https:\/\/notinor.com\/jujuy\/wp-content\/uploads\/2025\/08\/MADRE-TERESA1.jpg 681w, https:\/\/notinor.com\/jujuy\/wp-content\/uploads\/2025\/08\/MADRE-TERESA1-546x365.jpg 546w\" sizes=\"(max-width: 681px) 100vw, 681px\" \/><figcaption class=\"wp-element-caption\">La Madre Teresa de Calcuta en 1988 en Johannesburg<\/figcaption><\/figure><\/div>\n\n\n<p><strong>Luces y sombras<\/strong><\/p>\n\n\n\n<p>Tras su muerte, las revelaciones sobre sus dudas de fe y la publicaci\u00f3n de cartas \u00edntimas mostraron el costado humano y vulnerable de quien muchos consideraban una santa en vida. Paralelamente, surgieron cr\u00edticas severas. El escritor <strong>Christopher Hitchens<\/strong> fue uno de sus detractores m\u00e1s duros, acus\u00e1ndola de fomentar la pobreza en lugar de combatirla y de mantener v\u00ednculos con dictadores y personajes oscuros. Tambi\u00e9n cuestion\u00f3 la precariedad de los hospitales de las Misioneras y su oposici\u00f3n a pol\u00edticas de planificaci\u00f3n familiar, divorcio y aborto.<\/p>\n\n\n\n<p>Otros cr\u00edticos denunciaron intentos de conversi\u00f3n religiosa y condiciones sanitarias deficientes en sus centros. Sus defensoras respondieron que, pese a las limitaciones, brindaban asistencia donde nadie m\u00e1s lo hac\u00eda.<\/p>\n\n\n\n<p><strong>Camino a la santidad<\/strong><\/p>\n\n\n\n<p><strong>El papa Juan Pablo II<\/strong>, cercano a ella, aceler\u00f3 el proceso de beatificaci\u00f3n tras su muerte en 1997. La canonizaci\u00f3n requiri\u00f3 la atribuci\u00f3n de un milagro: la curaci\u00f3n inexplicable de un hombre con m\u00faltiples tumores cerebrales en Brasil. En 2016, <strong>el papa Francisco la proclam\u00f3 Santa Teresa de Calcuta<\/strong>, apenas 19 a\u00f1os despu\u00e9s de su fallecimiento, un r\u00e9cord en tiempos de la Iglesia.<\/p>\n\n\n\n<p>La mujer peque\u00f1a y en apariencia fr\u00e1gil, pero de car\u00e1cter f\u00e9rreo, que caminaba con paso \u00e1gil por las calles de Calcuta, fue despedida por la India con un funeral de Estado, el mismo honor que recibieron Gandhi y Nehru. Desde entonces, Teresa de Calcuta dej\u00f3 de ser s\u00f3lo una figura de fe y se convirti\u00f3 en un \u00edcono universal de compasi\u00f3n y controversia, admirada por millones y cuestionada por otros tantos.<\/p>\n","protected":false},"excerpt":{"rendered":"<p>Hace 115 a\u00f1os, en Uskub \u2014entonces parte del Imperio Otomano y hoy Skopie, capital de Macedonia del Norte\u2014 nac\u00eda Anjeze (Agnes) Ghonxhe Bojaxhiu. A los 18 a\u00f1os ingres\u00f3 al noviciado de las Hermanas de Loreto y fue enviada a la India. All\u00ed adopt\u00f3 el nombre de Teresa, en homenaje a Teresa de Lisieux, patrona de [&hellip;]<\/p>\n","protected":false},"author":5,"featured_media":432081,"comment_status":"open","ping_status":"open","sticky":false,"template":"","format":"standard","meta":{"_stopmodifiedupdate":false,"_modified_date":"","inline_featured_image":false,"spay_email":"","jetpack_publicize_message":""},"categories":[6],"tags":[],"jetpack_featured_media_url":"https:\/\/notinor.com\/jujuy\/wp-content\/uploads\/2025\/08\/MADRE-TERESA.jpg","jetpack_publicize_connections":[],"_links":{"self":[{"href":"https:\/\/notinor.com\/jujuy\/wp-json\/wp\/v2\/posts\/432080"}],"collection":[{"href":"https:\/\/notinor.com\/jujuy\/wp-json\/wp\/v2\/posts"}],"about":[{"href":"https:\/\/notinor.com\/jujuy\/wp-json\/wp\/v2\/types\/post"}],"author":[{"embeddable":true,"href":"https:\/\/notinor.com\/jujuy\/wp-json\/wp\/v2\/users\/5"}],"replies":[{"embeddable":true,"href":"https:\/\/notinor.com\/jujuy\/wp-json\/wp\/v2\/comments?post=432080"}],"version-history":[{"count":2,"href":"https:\/\/notinor.com\/jujuy\/wp-json\/wp\/v2\/posts\/432080\/revisions"}],"predecessor-version":[{"id":432085,"href":"https:\/\/notinor.com\/jujuy\/wp-json\/wp\/v2\/posts\/432080\/revisions\/432085"}],"wp:featuredmedia":[{"embeddable":true,"href":"https:\/\/notinor.com\/jujuy\/wp-json\/wp\/v2\/media\/432081"}],"wp:attachment":[{"href":"https:\/\/notinor.com\/jujuy\/wp-json\/wp\/v2\/media?parent=432080"}],"wp:term":[{"taxonomy":"category","embeddable":true,"href":"https:\/\/notinor.com\/jujuy\/wp-json\/wp\/v2\/categories?post=432080"},{"taxonomy":"post_tag","embeddable":true,"href":"https:\/\/notinor.com\/jujuy\/wp-json\/wp\/v2\/tags?post=432080"}],"curies":[{"name":"wp","href":"https:\/\/api.w.org\/{rel}","templated":true}]}}