{"id":432066,"date":"2025-08-25T22:58:00","date_gmt":"2025-08-26T01:58:00","guid":{"rendered":"https:\/\/notinor.com\/jujuy\/?p=432066"},"modified":"2025-08-25T10:58:56","modified_gmt":"2025-08-25T10:58:56","slug":"avanza-la-campana-de-vacunacion-antirrabica-en-distintos-barrios-de-la-ciudad-2","status":"publish","type":"post","link":"https:\/\/notinor.com\/jujuy\/avanza-la-campana-de-vacunacion-antirrabica-en-distintos-barrios-de-la-ciudad-2\/","title":{"rendered":"Avanza la campa\u00f1a de vacunaci\u00f3n antirr\u00e1bica en distintos barrios de la ciudad"},"content":{"rendered":"\n<p class=\"has-medium-font-size\"><strong><em>La Municipalidad de San Salvador de Jujuy, a trav\u00e9s de la Direcci\u00f3n de Zoonosis, informa el cronograma semanal de la campa\u00f1a gratuita de vacunaci\u00f3n antirr\u00e1bica para perros y gatos, que se desarrollar\u00e1 del lunes 25 al s\u00e1bado 30 de agosto en diferentes sectores de la ciudad<\/em><\/strong>.<\/p>\n\n\n<div class=\"wp-block-image\">\n<figure class=\"aligncenter size-large\"><img decoding=\"async\" loading=\"lazy\" width=\"796\" height=\"480\" src=\"https:\/\/notinor.com\/jujuy\/wp-content\/uploads\/2025\/07\/VACUNACION-796x480.jpg\" alt=\"\" class=\"wp-image-429741\" srcset=\"https:\/\/notinor.com\/jujuy\/wp-content\/uploads\/2025\/07\/VACUNACION-796x480.jpg 796w, https:\/\/notinor.com\/jujuy\/wp-content\/uploads\/2025\/07\/VACUNACION-605x365.jpg 605w, https:\/\/notinor.com\/jujuy\/wp-content\/uploads\/2025\/07\/VACUNACION-768x463.jpg 768w, https:\/\/notinor.com\/jujuy\/wp-content\/uploads\/2025\/07\/VACUNACION-750x453.jpg 750w, https:\/\/notinor.com\/jujuy\/wp-content\/uploads\/2025\/07\/VACUNACION.jpg 827w\" sizes=\"(max-width: 796px) 100vw, 796px\" \/><\/figure><\/div>\n\n\n<p>La vacunaci\u00f3n es gratuita y obligatoria para perros y gatos y constituye una acci\u00f3n fundamental para prevenir la rabia y cuidar la salud p\u00fablica.<\/p>\n\n\n\n<h4>Cronograma por d\u00edas<\/h4>\n\n\n\n<p><strong>LUNES 25<\/strong><\/p>\n\n\n\n<ul>\n<li>Los Geranios\/Las Madres Selvas (Plaza, B\u00b0 Los Perales) \u2013 9 a 13 hs.<\/li>\n\n\n\n<li>Los Perales (B\u00b0 Los Perales) \u2013 9 a 13 hs.<\/li>\n\n\n\n<li>Bella Vista (Plaza Central, B\u00b0 Bella Vista) \u2013 9 a 14 hs.<\/li>\n\n\n\n<li>El Card\u00f3n (Tintiya Mza 983 L38, B\u00b0 Alto Comedero) \u2013 14 a 18 hs.<\/li>\n\n\n\n<li>El Mirador (Rubi 2512, B\u00b0 Alto Comedero) \u2013 10 a 14 hs.<\/li>\n\n\n\n<li>Sector B2 (La Mendieta 1219, B\u00b0 Alto Comedero) \u2013 10 a 14 hs.<\/li>\n\n\n\n<li>Ex Suipacha (Mza AP1 L11, B\u00b0 Alto Comedero) \u2013 9 a 12 \/ 14 a 17 hs.<\/li>\n\n\n\n<li>Alto La Vi\u00f1a (Beruti 21, parada colectivo) \u2013 14 a 18 hs.<\/li>\n\n\n\n<li>B\u00e1rcena (Leopoldo B\u00e1rcena 436, B\u00b0 B\u00e1rcena) \u2013 10 a 14 hs.<\/li>\n\n\n\n<li>CPV Combate de Alto Comedero (47 Hect\u00e1reas, Mza AP1 L11, B\u00b0 Alto Comedero) \u2013 9 a 17 hs.<\/li>\n\n\n\n<li>CPV Malvinas (Av. Mej\u00edas y San Luis, B\u00b0 Malvinas) \u2013 9 a 13 hs.<\/li>\n<\/ul>\n\n\n\n<p><strong>MARTES 26<\/strong><\/p>\n\n\n\n<ul>\n<li>Av. Illia\/El Palenque (Axion, B\u00b0 Los Perales) \u2013 9 a 13 hs.<\/li>\n\n\n\n<li>Barrio Norte (Bariloche y Trelew, B\u00b0 Norte) \u2013 9 a 14 hs.<\/li>\n\n\n\n<li>30 Hect\u00e1reas (Calle 498 Mza PA1 L7, B\u00b0 Alto Comedero) \u2013 10 a 14 hs.<\/li>\n\n\n\n<li>Tupac Amaru (Mza 9 L2 XVI Etapa, B\u00b0 Alto Comedero) \u2013 10 a 14 hs.<\/li>\n\n\n\n<li>10 Hect\u00e1reas (Mza 2 L14, B\u00b0 Alto Comedero) \u2013 9 a 12 \/ 14 a 17 hs.<\/li>\n\n\n\n<li>Estanislao del Campo (Garita Polic\u00eda, B\u00b0 Estanislao del Campo) \u2013 14 a 18 hs.<\/li>\n\n\n\n<li>Villa Las Rosas (Pje. Godoy Cruz\/Juan B. Justo, B\u00b0 Villa Las Rosas) \u2013 10 a 14 hs.<\/li>\n\n\n\n<li>San Jos\u00e9 (Pje. Pringles\/Calilegua, Plaza, B\u00b0 San Jos\u00e9) \u2013 9 a 12 \/ 15 a 18 hs.<\/li>\n\n\n\n<li>CPV Combate de Alto Comedero (47 Hect\u00e1reas) \u2013 9 a 17 hs.<\/li>\n\n\n\n<li>CPV Malvinas \u2013 9 a 13 hs.<\/li>\n<\/ul>\n\n\n\n<p><strong>MI\u00c9RCOLES 27<\/strong><\/p>\n\n\n\n<ul>\n<li>La Calandria 1100 (Parque Los Tucanes, B\u00b0Los Perales) \u2013 9 a 13 hs.<\/li>\n\n\n\n<li>V\u00e9lez Sarsfield\/Dr. Baldi (B\u00b0 Cuyaya) \u2013 9 a 14 hs.<\/li>\n\n\n\n<li>110 Viviendas (Mza PA1 L6, B\u00b0 Alto Comedero) \u2013 10 a 14 hs.<\/li>\n\n\n\n<li>40 Viviendas (Mza PA1 L2, B\u00b0 Alto Comedero) \u2013 10 a 14 hs.<\/li>\n\n\n\n<li>El Imperio (Mza 985 L7, B\u00b0 Alto Comedero) \u2013 9 a 12 \/ 14 a 17 hs.<\/li>\n\n\n\n<li>El Arenal (Catamarca 80, B\u00b0 El Arenal) \u2013 14 a 18 hs.<\/li>\n\n\n\n<li>Cerro Las Rosas (Prolongaci\u00f3n Dominicana, Plazita, B\u00b0 Cerro Las Rosas) \u2013 10 a 14 hs.<\/li>\n\n\n\n<li>CPV Combate de Alto Comedero \u2013 9 a 17 hs.<\/li>\n\n\n\n<li>CPV Malvinas \u2013 9 a 13 hs.<\/li>\n<\/ul>\n\n\n\n<p><strong>JUEVES 28<\/strong><\/p>\n\n\n\n<ul>\n<li>Reyna Mora\/Cacuy (B\u00b0 Los Perales) \u2013 9 a 13 hs.<\/li>\n\n\n\n<li>Dr. Baldi\/\u00c1lvarez Prado (790 viviendas, B\u00b0 Cuyaya) \u2013 9 a 14 hs.<\/li>\n\n\n\n<li>15 Hect\u00e1reas (Mza 9 L5, Sector Odij, B\u00b0 Alto Comedero) \u2013 10 a 14 hs.<\/li>\n\n\n\n<li>Lucas Arias (Mza AP8 L18, B\u00b0 Alto Comedero) \u2013 9 a 12 \/ 14 a 17 hs.<\/li>\n\n\n\n<li>La Candelaria (domicilio familia Bonilla, B\u00b0 La Candelaria) \u2013 14 a 18 hs.<\/li>\n\n\n\n<li>Casta\u00f1eda (R\u00edo Pilcomayo\/Tejada, Plazita, B\u00b0 Casta\u00f1eda) \u2013 10 a 14 hs.<\/li>\n\n\n\n<li>Luj\u00e1n (Plaza frente Bankat, B\u00b0 Luj\u00e1n ) \u2013 9 a 12 \/ 15 a 18 hs.<\/li>\n\n\n\n<li>CPV Combate de Alto Comedero \u2013 9 a 17 hs.<\/li>\n\n\n\n<li>CPV Malvinas \u2013 9 a 13 hs.<\/li>\n<\/ul>\n\n\n\n<p><strong>VIERNES 29<\/strong><\/p>\n\n\n\n<ul>\n<li>Albarrac\u00edn\/Pasteur (B\u00b0 Los Perales) \u2013 9 a 13 hs.<\/li>\n\n\n\n<li>Constituci\u00f3n\/Gordaliza (B\u00b0 Cuyaya) \u2013 9 a 14 hs.<\/li>\n\n\n\n<li>70 Viviendas (Tte. Ardiles 1659, B\u00b0 Alto Comedero) \u2013 10 a 14 hs.<\/li>\n\n\n\n<li>30 Hect\u00e1reas (Mza 1 L1 Centro Vecinal, B\u00b0 Alto Comedero) \u2013 10 a 14 hs.<\/li>\n\n\n\n<li>Cancha de f\u00fatbol, B\u00b0 Radio Estaci\u00f3n \u2013 14 a 18 hs.<\/li>\n\n\n\n<li>\u00c9xodo 238 , B\u00b0 Luj\u00e1n \u2013 10 a 14 hs.<\/li>\n\n\n\n<li>Pje. Pringles\/Av. Pueyrred\u00f3n (B\u00b0Luj\u00e1n) \u2013 9 a 12 \/ 15 a 18 hs.<\/li>\n\n\n\n<li>CPV Combate de Alto Comedero\u2013 9 a 17 hs.<\/li>\n\n\n\n<li>CPV Malvinas \u2013 9 a 13 hs.<\/li>\n<\/ul>\n\n\n\n<p><strong>S\u00c1BADO 30<\/strong><\/p>\n\n\n\n<ul>\n<li>Pasteur\/D\u00e1valos (B\u00b0 Los Perales) \u2013 9 a 13 hs.<\/li>\n\n\n\n<li>18 Hect\u00e1reas (Mza 17 L14 SUM, B\u00b0 Alto Comedero) \u2013 10 a 14 hs.<\/li>\n\n\n\n<li>330 Viviendas (Capillas\/Olimpia Barrionuevo, B\u00b0 Alto Comedero) \u2013 10 a 14 hs.<\/li>\n<\/ul>\n","protected":false},"excerpt":{"rendered":"<p>La Municipalidad de San Salvador de Jujuy, a trav\u00e9s de la Direcci\u00f3n de Zoonosis, informa el cronograma semanal de la campa\u00f1a gratuita de vacunaci\u00f3n antirr\u00e1bica para perros y gatos, que se desarrollar\u00e1 del lunes 25 al s\u00e1bado 30 de agosto en diferentes sectores de la ciudad. La vacunaci\u00f3n es gratuita y obligatoria para perros y [&hellip;]<\/p>\n","protected":false},"author":5,"featured_media":429741,"comment_status":"open","ping_status":"open","sticky":false,"template":"","format":"standard","meta":{"_stopmodifiedupdate":false,"_modified_date":"","inline_featured_image":false,"spay_email":"","jetpack_publicize_message":""},"categories":[13],"tags":[],"jetpack_featured_media_url":"https:\/\/notinor.com\/jujuy\/wp-content\/uploads\/2025\/07\/VACUNACION.jpg","jetpack_publicize_connections":[],"_links":{"self":[{"href":"https:\/\/notinor.com\/jujuy\/wp-json\/wp\/v2\/posts\/432066"}],"collection":[{"href":"https:\/\/notinor.com\/jujuy\/wp-json\/wp\/v2\/posts"}],"about":[{"href":"https:\/\/notinor.com\/jujuy\/wp-json\/wp\/v2\/types\/post"}],"author":[{"embeddable":true,"href":"https:\/\/notinor.com\/jujuy\/wp-json\/wp\/v2\/users\/5"}],"replies":[{"embeddable":true,"href":"https:\/\/notinor.com\/jujuy\/wp-json\/wp\/v2\/comments?post=432066"}],"version-history":[{"count":1,"href":"https:\/\/notinor.com\/jujuy\/wp-json\/wp\/v2\/posts\/432066\/revisions"}],"predecessor-version":[{"id":432067,"href":"https:\/\/notinor.com\/jujuy\/wp-json\/wp\/v2\/posts\/432066\/revisions\/432067"}],"wp:featuredmedia":[{"embeddable":true,"href":"https:\/\/notinor.com\/jujuy\/wp-json\/wp\/v2\/media\/429741"}],"wp:attachment":[{"href":"https:\/\/notinor.com\/jujuy\/wp-json\/wp\/v2\/media?parent=432066"}],"wp:term":[{"taxonomy":"category","embeddable":true,"href":"https:\/\/notinor.com\/jujuy\/wp-json\/wp\/v2\/categories?post=432066"},{"taxonomy":"post_tag","embeddable":true,"href":"https:\/\/notinor.com\/jujuy\/wp-json\/wp\/v2\/tags?post=432066"}],"curies":[{"name":"wp","href":"https:\/\/api.w.org\/{rel}","templated":true}]}}