{"id":431773,"date":"2025-08-19T21:42:00","date_gmt":"2025-08-20T00:42:00","guid":{"rendered":"https:\/\/notinor.com\/jujuy\/?p=431773"},"modified":"2025-08-19T09:42:04","modified_gmt":"2025-08-19T09:42:04","slug":"el-municipio-invita-a-capacitarse-como-promotores-en-prevencion-de-vih-sida","status":"publish","type":"post","link":"https:\/\/notinor.com\/jujuy\/el-municipio-invita-a-capacitarse-como-promotores-en-prevencion-de-vih-sida\/","title":{"rendered":"El Municipio invita a capacitarse como Promotores en Prevenci\u00f3n de VIH\/SIDA"},"content":{"rendered":"\n<p class=\"has-medium-font-size\"><strong><em>El Municipio, a trav\u00e9s del Programa Municipal de Prevenci\u00f3n del VIH\/SIDA, Hepatitis Virales e ITS, dependiente de la Direcci\u00f3n de Salud Integral y G\u00e9nero, lanz\u00f3 una convocatoria abierta a toda la comunidad para participar de la capacitaci\u00f3n \u201cFormaci\u00f3n de Promotores en Prevenci\u00f3n de VIH\/SIDA\u201d.<\/em><\/strong><\/p>\n\n\n\n<figure class=\"wp-block-image\"><img decoding=\"async\" src=\"https:\/\/www.sansalvadordejujuy.gob.ar\/wp-content\/uploads\/2025\/08\/nido-cuyaya-819x1024.jpeg\" alt=\"\" class=\"wp-image-91849\"\/><\/figure>\n\n\n\n<p>La propuesta est\u00e1 orientada a brindar herramientas te\u00f3ricas y pr\u00e1cticas que fortalezcan el rol activo de la ciudadan\u00eda en la prevenci\u00f3n del VIH, el acceso a informaci\u00f3n confiable y la construcci\u00f3n de entornos m\u00e1s saludables, inclusivos y libres de estigmas.<\/p>\n\n\n\n<p>La capacitaci\u00f3n ser\u00e1 presencial, iniciando el viernes 29 de agosto y se dictar\u00e1 durante seis encuentros consecutivos los d\u00edas 5, 12, 19 y 26 de septiembre, y 3 de octubre, en el horario de 15:30 a 18:30, en el NIDO CUYAYA \u201cGuillermo Roux\u201d.<\/p>\n\n\n\n<p>La actividad es totalmente gratuita y se entregar\u00e1n certificados de participaci\u00f3n.<\/p>\n\n\n\n<p>Las inscripciones estar\u00e1n abiertas hasta el 22 de agosto, y las personas interesadas deben ingresar de forma&nbsp;<strong>exclusiva<\/strong>&nbsp;a trav\u00e9s del siguiente formulario online:&nbsp;<a class=\"\" href=\"https:\/\/forms.gle\/4c4ot7sLuGMkBemb7\">https:\/\/forms.gle\/4c4ot7sLuGMkBemb7<\/a><\/p>\n","protected":false},"excerpt":{"rendered":"<p>El Municipio, a trav\u00e9s del Programa Municipal de Prevenci\u00f3n del VIH\/SIDA, Hepatitis Virales e ITS, dependiente de la Direcci\u00f3n de Salud Integral y G\u00e9nero, lanz\u00f3 una convocatoria abierta a toda la comunidad para participar de la capacitaci\u00f3n \u201cFormaci\u00f3n de Promotores en Prevenci\u00f3n de VIH\/SIDA\u201d. La propuesta est\u00e1 orientada a brindar herramientas te\u00f3ricas y pr\u00e1cticas que [&hellip;]<\/p>\n","protected":false},"author":5,"featured_media":431774,"comment_status":"open","ping_status":"open","sticky":false,"template":"","format":"standard","meta":{"_stopmodifiedupdate":false,"_modified_date":"","inline_featured_image":false,"spay_email":"","jetpack_publicize_message":""},"categories":[828],"tags":[],"jetpack_featured_media_url":"https:\/\/notinor.com\/jujuy\/wp-content\/uploads\/2025\/08\/CAPACITACION-2.jpg","jetpack_publicize_connections":[],"_links":{"self":[{"href":"https:\/\/notinor.com\/jujuy\/wp-json\/wp\/v2\/posts\/431773"}],"collection":[{"href":"https:\/\/notinor.com\/jujuy\/wp-json\/wp\/v2\/posts"}],"about":[{"href":"https:\/\/notinor.com\/jujuy\/wp-json\/wp\/v2\/types\/post"}],"author":[{"embeddable":true,"href":"https:\/\/notinor.com\/jujuy\/wp-json\/wp\/v2\/users\/5"}],"replies":[{"embeddable":true,"href":"https:\/\/notinor.com\/jujuy\/wp-json\/wp\/v2\/comments?post=431773"}],"version-history":[{"count":1,"href":"https:\/\/notinor.com\/jujuy\/wp-json\/wp\/v2\/posts\/431773\/revisions"}],"predecessor-version":[{"id":431775,"href":"https:\/\/notinor.com\/jujuy\/wp-json\/wp\/v2\/posts\/431773\/revisions\/431775"}],"wp:featuredmedia":[{"embeddable":true,"href":"https:\/\/notinor.com\/jujuy\/wp-json\/wp\/v2\/media\/431774"}],"wp:attachment":[{"href":"https:\/\/notinor.com\/jujuy\/wp-json\/wp\/v2\/media?parent=431773"}],"wp:term":[{"taxonomy":"category","embeddable":true,"href":"https:\/\/notinor.com\/jujuy\/wp-json\/wp\/v2\/categories?post=431773"},{"taxonomy":"post_tag","embeddable":true,"href":"https:\/\/notinor.com\/jujuy\/wp-json\/wp\/v2\/tags?post=431773"}],"curies":[{"name":"wp","href":"https:\/\/api.w.org\/{rel}","templated":true}]}}