{"id":431770,"date":"2025-08-19T21:31:00","date_gmt":"2025-08-20T00:31:00","guid":{"rendered":"https:\/\/notinor.com\/jujuy\/?p=431770"},"modified":"2025-08-19T09:31:13","modified_gmt":"2025-08-19T09:31:13","slug":"entradas-anticipadas-disponibles-para-los-hornitos-2025","status":"publish","type":"post","link":"https:\/\/notinor.com\/jujuy\/entradas-anticipadas-disponibles-para-los-hornitos-2025\/","title":{"rendered":"Entradas anticipadas disponibles para Los Hornitos 2025"},"content":{"rendered":"\n<p class=\"has-medium-font-size\"><strong><em>La edici\u00f3n 2025 del Festival de la Comida Regional \u201cLos Hornitos\u201d se realizar\u00e1 los d\u00edas 22, 23 y 24 de agosto en el Centro Cultural \u201cManuel Belgrano\u201d, en la ex estaci\u00f3n de trenes de San Salvador de Jujuy<\/em><\/strong>.<\/p>\n\n\n<div class=\"wp-block-image\">\n<figure class=\"aligncenter size-full\"><img decoding=\"async\" loading=\"lazy\" width=\"800\" height=\"325\" src=\"https:\/\/notinor.com\/jujuy\/wp-content\/uploads\/2025\/08\/HORNITOS-3.jpg\" alt=\"\" class=\"wp-image-431771\" srcset=\"https:\/\/notinor.com\/jujuy\/wp-content\/uploads\/2025\/08\/HORNITOS-3.jpg 800w, https:\/\/notinor.com\/jujuy\/wp-content\/uploads\/2025\/08\/HORNITOS-3-660x268.jpg 660w, https:\/\/notinor.com\/jujuy\/wp-content\/uploads\/2025\/08\/HORNITOS-3-768x312.jpg 768w, https:\/\/notinor.com\/jujuy\/wp-content\/uploads\/2025\/08\/HORNITOS-3-750x305.jpg 750w\" sizes=\"(max-width: 800px) 100vw, 800px\" \/><\/figure><\/div>\n\n<div class=\"wp-block-image\">\n<figure class=\"aligncenter\"><img decoding=\"async\" src=\"https:\/\/www.sansalvadordejujuy.gob.ar\/wp-content\/uploads\/2025\/08\/hornitos-3-819x1024.jpg\" alt=\"\" class=\"wp-image-91923\"\/><\/figure><\/div>\n\n\n<p>Las entradas anticipadas para los espect\u00e1culos nocturnos del viernes 22 y s\u00e1bado 23 podr\u00e1n adquirirse online a trav\u00e9s de la p\u00e1gina web del municipio:<a href=\"https:\/\/sansalvadorjujuy.boleteriadigital.com.ar\/default\">&nbsp;www.sansalvadordejujuy.gob.ar.<\/a>&nbsp;El valor de los tickets anticipados es de 8.000 pesos, mientras que las entradas en la puerta del evento tendr\u00e1n un valor de 10.000 pesos. Los espect\u00e1culos diurnos del s\u00e1bado 23 y domingo 24 ser\u00e1n de entrada libre y gratuita.<\/p>\n\n\n\n<p>Se habilitar\u00e1n 20 espacios destinados a centros vecinales para la venta de comidas t\u00edpicas y 5 espacios para emprendedores, promoviendo la gastronom\u00eda local y la econom\u00eda social. Durante el evento se utilizar\u00e1n vasos reutilizables y se instalar\u00e1n eco puntos para recibir pl\u00e1sticos y descartables, como parte de las pol\u00edticas de cuidado ambiental.<\/p>\n\n\n\n<p><strong>Grilla destacada de artistas:<\/strong><\/p>\n\n\n\n<ul>\n<li><strong>Viernes 22 noche (20 a 04 hs)<\/strong>&nbsp;\u2013 \u00c1ngela Irene, Tom\u00e1s Lip\u00e1n, Los de Jujuy, Becho Ribeiro, Ballet Juventud Prolongada, entre otros.<\/li>\n\n\n\n<li><strong>S\u00e1bado 23 d\u00eda (12 a 19 hs)<\/strong>&nbsp;\u2013 Entrada libre y gratuita: Salamanqueros, Ballet Mudanzas de Fuego, Mayra Quipildor, Albahaca, entre otros.<\/li>\n\n\n\n<li><strong>S\u00e1bado 23 noche (20 a 04 hs)<\/strong>&nbsp;\u2013 N\u00e9stor Garnica, Chango Garc\u00eda, Daniel Vedia, Norma de Am\u00e9rica, entre otros.<\/li>\n\n\n\n<li><strong>Domingo 24 d\u00eda (12 a 19 hs)<\/strong>&nbsp;\u2013 Entrada libre y gratuita: Takiris, Achalay, La Pacha, Elena Mattos, entre otros.<\/li>\n<\/ul>\n\n\n\n<p>Los Hornitos 2025 contar\u00e1 con espect\u00e1culos de m\u00fasica y danza, destacando artistas locales y nacionales, ofreciendo una propuesta para toda la familia.<\/p>\n","protected":false},"excerpt":{"rendered":"<p>La edici\u00f3n 2025 del Festival de la Comida Regional \u201cLos Hornitos\u201d se realizar\u00e1 los d\u00edas 22, 23 y 24 de agosto en el Centro Cultural \u201cManuel Belgrano\u201d, en la ex estaci\u00f3n de trenes de San Salvador de Jujuy. Las entradas anticipadas para los espect\u00e1culos nocturnos del viernes 22 y s\u00e1bado 23 podr\u00e1n adquirirse online a [&hellip;]<\/p>\n","protected":false},"author":5,"featured_media":388842,"comment_status":"open","ping_status":"open","sticky":false,"template":"","format":"standard","meta":{"_stopmodifiedupdate":false,"_modified_date":"","inline_featured_image":false,"spay_email":"","jetpack_publicize_message":""},"categories":[21],"tags":[],"jetpack_featured_media_url":"https:\/\/notinor.com\/jujuy\/wp-content\/uploads\/2023\/08\/HORNITOS-4.jpg","jetpack_publicize_connections":[],"_links":{"self":[{"href":"https:\/\/notinor.com\/jujuy\/wp-json\/wp\/v2\/posts\/431770"}],"collection":[{"href":"https:\/\/notinor.com\/jujuy\/wp-json\/wp\/v2\/posts"}],"about":[{"href":"https:\/\/notinor.com\/jujuy\/wp-json\/wp\/v2\/types\/post"}],"author":[{"embeddable":true,"href":"https:\/\/notinor.com\/jujuy\/wp-json\/wp\/v2\/users\/5"}],"replies":[{"embeddable":true,"href":"https:\/\/notinor.com\/jujuy\/wp-json\/wp\/v2\/comments?post=431770"}],"version-history":[{"count":1,"href":"https:\/\/notinor.com\/jujuy\/wp-json\/wp\/v2\/posts\/431770\/revisions"}],"predecessor-version":[{"id":431772,"href":"https:\/\/notinor.com\/jujuy\/wp-json\/wp\/v2\/posts\/431770\/revisions\/431772"}],"wp:featuredmedia":[{"embeddable":true,"href":"https:\/\/notinor.com\/jujuy\/wp-json\/wp\/v2\/media\/388842"}],"wp:attachment":[{"href":"https:\/\/notinor.com\/jujuy\/wp-json\/wp\/v2\/media?parent=431770"}],"wp:term":[{"taxonomy":"category","embeddable":true,"href":"https:\/\/notinor.com\/jujuy\/wp-json\/wp\/v2\/categories?post=431770"},{"taxonomy":"post_tag","embeddable":true,"href":"https:\/\/notinor.com\/jujuy\/wp-json\/wp\/v2\/tags?post=431770"}],"curies":[{"name":"wp","href":"https:\/\/api.w.org\/{rel}","templated":true}]}}