{"id":431745,"date":"2025-08-19T21:29:43","date_gmt":"2025-08-20T00:29:43","guid":{"rendered":"https:\/\/notinor.com\/jujuy\/?p=431745"},"modified":"2025-08-19T21:29:46","modified_gmt":"2025-08-20T00:29:46","slug":"antes-de-la-publicacion-del-nuevo-indice-de-precios-el-indec-anuncio-dos-cambios-en-su-equipo-tecnico","status":"publish","type":"post","link":"https:\/\/notinor.com\/jujuy\/antes-de-la-publicacion-del-nuevo-indice-de-precios-el-indec-anuncio-dos-cambios-en-su-equipo-tecnico\/","title":{"rendered":"Antes de la publicaci\u00f3n del nuevo \u00edndice de precios, el Indec anunci\u00f3 dos cambios en su equipo t\u00e9cnico"},"content":{"rendered":"\n<p class=\"has-medium-font-size\"><strong><em>El organismo estad\u00edstico anunci\u00f3 que reemplazar\u00e1 a los dos funcionarios que supervisan el trabajo del IPC y de Condiciones de Vida que miden el nivel de pobreza e indigencia.<\/em><\/strong><\/p>\n\n\n\n<p><\/p>\n\n\n<div class=\"wp-block-image\">\n<figure class=\"aligncenter size-full\"><img decoding=\"async\" loading=\"lazy\" width=\"828\" height=\"431\" src=\"https:\/\/notinor.com\/jujuy\/wp-content\/uploads\/2024\/01\/INDEC.jpg\" alt=\"\" class=\"wp-image-400253\" srcset=\"https:\/\/notinor.com\/jujuy\/wp-content\/uploads\/2024\/01\/INDEC.jpg 828w, https:\/\/notinor.com\/jujuy\/wp-content\/uploads\/2024\/01\/INDEC-660x344.jpg 660w, https:\/\/notinor.com\/jujuy\/wp-content\/uploads\/2024\/01\/INDEC-768x400.jpg 768w, https:\/\/notinor.com\/jujuy\/wp-content\/uploads\/2024\/01\/INDEC-750x390.jpg 750w\" sizes=\"(max-width: 828px) 100vw, 828px\" \/><\/figure><\/div>\n\n\n<p><\/p>\n\n\n\n<p><strong>El Instituto Nacional de Estad\u00edstica y Censos (Indec) inform\u00f3 que habr\u00e1 cambios en dos \u00e1reas de su organigrama. Desde el 1\u00b0 de septiembre, la Direcci\u00f3n de \u00cdndices de Precios de Consumo quedar\u00e1 a cargo de la economista Josefina Rim, quien ya hab\u00eda ocupado ese puesto entre octubre de 2017 y diciembre de 2020.<\/strong><\/p>\n\n\n\n<p>Su regreso se produce tras varios a\u00f1os en Corea, donde complet\u00f3 un doctorado en Gesti\u00f3n de Innovaciones Globales para la producci\u00f3n de estad\u00edsticas de precios en la Universidad KAIST (Korea Advanced Institute of Science and Technology). <strong>Rim es licenciada en Econom\u00eda por la Universidad Nacional de Cuyo, tiene estudios de posgrado en la Universidad Torcuato Di Tella y una maestr\u00eda en M\u00e9todos Cuantitativos y Econom\u00e9tricos Aplicados por la Universidad Aix-Marseille, en Francia.<\/strong><\/p>\n\n\n\n<p>En el Indec reemplazar\u00e1 a Georgina Giglio, quien por motivos personales retomar\u00e1 funciones en la Direcci\u00f3n Provincial de Estad\u00edstica de la provincia de Buenos Aires, inform\u00f3 un comunicado del organismo. <strong>La entidad que preside Marco Lavagna aclar\u00f3 que Giglio seguir\u00e1 vinculada al sistema estad\u00edstico nacional y mantendr\u00e1 coordinaci\u00f3n con la Direcci\u00f3n Nacional de \u00cdndices de Precios.<\/strong><\/p>\n\n\n\n<p><strong>En paralelo, el Indec confirm\u00f3 la salida del director de Estad\u00edsticas de Condiciones de Vida, Guillermo Manzano. La explicaci\u00f3n oficial fue que la renuncia se debi\u00f3 a \u201cdiferencias de criterios y formas sobre la gesti\u00f3n de equipos\u201d. <\/strong>La instituci\u00f3n se\u00f1al\u00f3 que este cambio no afecta la producci\u00f3n de la Encuesta Permanente de Hogares (EPH) y subray\u00f3 que cualquier novedad de car\u00e1cter metodol\u00f3gico \u201cse comunicar\u00e1 oportunamente, en l\u00ednea con las buenas pr\u00e1cticas estad\u00edsticas\u201d.<\/p>\n\n\n\n<p>Los movimientos en el \u00e1rea de precios se producen en un contexto en que la actualizaci\u00f3n del \u00cdndice de Precios al Consumidor (IPC) est\u00e1 en la agenda inmediata. <strong>Seg\u00fan un informe t\u00e9cnico del Fondo Monetario Internacional, el nuevo \u00edndice deber\u00eda entrar en vigencia antes de fin de a\u00f1o. La discusi\u00f3n forma parte de la revisi\u00f3n de metas del programa econ\u00f3mico, que incluye cuestiones estad\u00edsticas adem\u00e1s de fiscales y monetarias.<\/strong><\/p>\n\n\n\n<p>La renovaci\u00f3n del IPC busca adecuar la canasta de bienes y servicios a patrones de consumo m\u00e1s recientes. Los est\u00e1ndares internacionales recomiendan hacerlo cada cinco o diez a\u00f1os, a fin de que el indicador no pierda representatividad. La \u00faltima encuesta de gastos de los hogares utilizada para el c\u00e1lculo en la Argentina data de 2017\/2018, y desde entonces se acumularon postergaciones.<\/p>\n\n\n\n<p><strong>Fuentes del Indec indicaron que el trabajo t\u00e9cnico ya est\u00e1 concluido y que s\u00f3lo resta la validaci\u00f3n institucional para poner en marcha la actualizaci\u00f3n.<\/strong> El Ministerio de Econom\u00eda, consultado sobre los plazos, evit\u00f3 precisar cu\u00e1ndo ser\u00e1 la implementaci\u00f3n. El FMI, en tanto, consign\u00f3 en su \u00faltimo reporte que la fecha exacta se definir\u00e1 en la pr\u00f3xima revisi\u00f3n de metas, prevista para enero.<\/p>\n\n\n\n<p><strong>De acuerdo con estimaciones privadas, la nueva canasta implicar\u00e1 un reacomodamiento en el peso de varios rubros dentro del \u00edndice. Alimentos y bebidas no alcoh\u00f3licas, que actualmente representan el 26,9% del total, bajar\u00edan a 22,7%, una disminuci\u00f3n de 4,2 puntos porcentuales.<\/strong> Prendas de vestir y calzado pasar\u00edan de 9,9% a 6,8%, mientras que Restaurantes y hoteles retroceder\u00edan de 9% a 6,6%. Tambi\u00e9n registrar\u00edan descensos salud (de 8% a 6,4%), bebidas alcoh\u00f3licas y tabaco (de 3,5% a 2%) y equipamiento del hogar (de 6,4% a 5,5%).<\/p>\n\n\n\n<p><strong>En sentido inverso, algunos \u00edtems ganar\u00edan participaci\u00f3n. Vivienda, electricidad, gas y otros servicios p\u00fablicos crecer\u00edan de 9,4% a 14,5%, lo que implica un salto de 5,1 puntos. Transporte subir\u00eda de 11% a 14,3%, es decir, 3,3 puntos m\u00e1s.<\/strong> Comunicaciones aumentar\u00eda de 2,8% a 5,1%. Recreaci\u00f3n y cultura, en tanto, subir\u00eda a 8,6%, bienes y servicios varios a 4,4% y educaci\u00f3n a 3,1%. Estos cambios muestran que en el futuro la evoluci\u00f3n del \u00edndice reflejar\u00e1 con m\u00e1s fuerza los ajustes en tarifas, transporte y servicios de comunicaci\u00f3n.<\/p>\n","protected":false},"excerpt":{"rendered":"<p>El organismo estad\u00edstico anunci\u00f3 que reemplazar\u00e1 a los dos funcionarios que supervisan el trabajo del IPC y de Condiciones de Vida que miden el nivel de pobreza e indigencia. El Instituto Nacional de Estad\u00edstica y Censos (Indec) inform\u00f3 que habr\u00e1 cambios en dos \u00e1reas de su organigrama. Desde el 1\u00b0 de septiembre, la Direcci\u00f3n de [&hellip;]<\/p>\n","protected":false},"author":49,"featured_media":400253,"comment_status":"open","ping_status":"open","sticky":false,"template":"","format":"standard","meta":{"_stopmodifiedupdate":false,"_modified_date":"","inline_featured_image":false,"spay_email":"","jetpack_publicize_message":""},"categories":[2,676],"tags":[],"jetpack_featured_media_url":"https:\/\/notinor.com\/jujuy\/wp-content\/uploads\/2024\/01\/INDEC.jpg","jetpack_publicize_connections":[],"_links":{"self":[{"href":"https:\/\/notinor.com\/jujuy\/wp-json\/wp\/v2\/posts\/431745"}],"collection":[{"href":"https:\/\/notinor.com\/jujuy\/wp-json\/wp\/v2\/posts"}],"about":[{"href":"https:\/\/notinor.com\/jujuy\/wp-json\/wp\/v2\/types\/post"}],"author":[{"embeddable":true,"href":"https:\/\/notinor.com\/jujuy\/wp-json\/wp\/v2\/users\/49"}],"replies":[{"embeddable":true,"href":"https:\/\/notinor.com\/jujuy\/wp-json\/wp\/v2\/comments?post=431745"}],"version-history":[{"count":1,"href":"https:\/\/notinor.com\/jujuy\/wp-json\/wp\/v2\/posts\/431745\/revisions"}],"predecessor-version":[{"id":431746,"href":"https:\/\/notinor.com\/jujuy\/wp-json\/wp\/v2\/posts\/431745\/revisions\/431746"}],"wp:featuredmedia":[{"embeddable":true,"href":"https:\/\/notinor.com\/jujuy\/wp-json\/wp\/v2\/media\/400253"}],"wp:attachment":[{"href":"https:\/\/notinor.com\/jujuy\/wp-json\/wp\/v2\/media?parent=431745"}],"wp:term":[{"taxonomy":"category","embeddable":true,"href":"https:\/\/notinor.com\/jujuy\/wp-json\/wp\/v2\/categories?post=431745"},{"taxonomy":"post_tag","embeddable":true,"href":"https:\/\/notinor.com\/jujuy\/wp-json\/wp\/v2\/tags?post=431745"}],"curies":[{"name":"wp","href":"https:\/\/api.w.org\/{rel}","templated":true}]}}