{"id":431557,"date":"2025-08-14T21:22:14","date_gmt":"2025-08-15T00:22:14","guid":{"rendered":"https:\/\/notinor.com\/jujuy\/?p=431557"},"modified":"2025-08-14T21:41:07","modified_gmt":"2025-08-15T00:41:07","slug":"ledesma-fue-premiada-como-la-mejor-empresa-agroproductiva-de-la-argentina","status":"publish","type":"post","link":"https:\/\/notinor.com\/jujuy\/ledesma-fue-premiada-como-la-mejor-empresa-agroproductiva-de-la-argentina\/","title":{"rendered":"Ledesma fue premiada como la mejor empresa agroproductiva de la Argentina"},"content":{"rendered":"\n<p class=\"has-medium-font-size\"><strong><em>Este martes 12 de agosto en la Bolsa de Comercio de Buenos Aires, se llev\u00f3 a cabo el evento que distingue a quienes se destacaron durante el \u00faltimo a\u00f1o en la actividad empresarial a nivel nacional.<\/em><\/strong><\/p>\n\n\n\n<p><\/p>\n\n\n<div class=\"wp-block-image\">\n<figure class=\"aligncenter size-full\"><img decoding=\"async\" loading=\"lazy\" width=\"800\" height=\"450\" src=\"https:\/\/notinor.com\/jujuy\/wp-content\/uploads\/2025\/08\/empresa-ledesma.jpg\" alt=\"\" class=\"wp-image-431559\" srcset=\"https:\/\/notinor.com\/jujuy\/wp-content\/uploads\/2025\/08\/empresa-ledesma.jpg 800w, https:\/\/notinor.com\/jujuy\/wp-content\/uploads\/2025\/08\/empresa-ledesma-649x365.jpg 649w, https:\/\/notinor.com\/jujuy\/wp-content\/uploads\/2025\/08\/empresa-ledesma-500x280.jpg 500w, https:\/\/notinor.com\/jujuy\/wp-content\/uploads\/2025\/08\/empresa-ledesma-768x432.jpg 768w, https:\/\/notinor.com\/jujuy\/wp-content\/uploads\/2025\/08\/empresa-ledesma-750x422.jpg 750w\" sizes=\"(max-width: 800px) 100vw, 800px\" \/><figcaption class=\"wp-element-caption\">Mart\u00edn Rappallini (Pte UIA), Carlos Blaquier y Eduardo  Nougues de Ledesma<\/figcaption><\/figure><\/div>\n\n\n<p><\/p>\n\n\n\n<p><strong>Carlos Blaquier, miembro del Comit\u00e9 Ejecutivo del Directivo de Ledesma S.A.A.I. y Eduardo Nougues, director de Asuntos Institucionales y Legales, fueron quienes recibieron el premio de manos de Mart\u00edn Rappallini, presidente de la Uni\u00f3n Industrial Argentina.<\/strong><\/p>\n\n\n\n<p><strong>\u201cEs un gran honor recibir en nombre de Ledesma este premio que nos otorga la Revista Fortuna como la mejor compa\u00f1\u00eda agroindustrial de la Argentina. Nuestra industria enfrenta grandes desaf\u00edos, un mundo m\u00e1s competitivo que exige eficiencia, productividad, innovaci\u00f3n y sostenibilidad.<\/strong> Para responder, necesitamos m\u00e1s que nunca trabajar juntos, empresas, Estado y sociedad, mejorando infraestructura, reduciendo costos y promoviendo la inversi\u00f3n\", se\u00f1al\u00f3 Carlos Blaquier.<\/p>\n\n\n\n<p>Adem\u00e1s, detall\u00f3 el modelo de sostenibilidad de la empresa:<strong> \"Creemos que la verdadera competitividad se construye tambi\u00e9n cuidando el ambiente, desarrollando nuestras comunidades y mirando al futuro con optimismo. Muchas gracias nuevamente a Fortuna y a todos los que forman parte de la familia de Ledesma. Este reconocimiento es de ustedes\",<\/strong> concluy\u00f3.<\/p>\n\n\n\n<p>Por su parte, Eduardo Nougues dedic\u00f3 unas palabras a quienes forman parte de la empresa Ledesma: \u201cEste premio es, sobre todo, para nuestra gente, para cada directivo, cada colaborador y sus familias que d\u00eda a d\u00eda ponen su esfuerzo, talento y compromiso para que Ledesma siga creciendo, innovando y aportando valor al pa\u00eds\".<\/p>\n\n\n\n<p><\/p>\n\n\n<div class=\"wp-block-image\">\n<figure class=\"aligncenter size-full\"><img decoding=\"async\" loading=\"lazy\" width=\"800\" height=\"450\" src=\"https:\/\/notinor.com\/jujuy\/wp-content\/uploads\/2025\/08\/premio-fortuna.jpg\" alt=\"\" class=\"wp-image-431558\" srcset=\"https:\/\/notinor.com\/jujuy\/wp-content\/uploads\/2025\/08\/premio-fortuna.jpg 800w, https:\/\/notinor.com\/jujuy\/wp-content\/uploads\/2025\/08\/premio-fortuna-649x365.jpg 649w, https:\/\/notinor.com\/jujuy\/wp-content\/uploads\/2025\/08\/premio-fortuna-500x280.jpg 500w, https:\/\/notinor.com\/jujuy\/wp-content\/uploads\/2025\/08\/premio-fortuna-768x432.jpg 768w, https:\/\/notinor.com\/jujuy\/wp-content\/uploads\/2025\/08\/premio-fortuna-750x422.jpg 750w\" sizes=\"(max-width: 800px) 100vw, 800px\" \/><figcaption class=\"wp-element-caption\">Todos los premiados en la edici\u00f3n 2025 del Premio Fortuna<\/figcaption><\/figure><\/div>\n\n\n<p><\/p>\n\n\n\n<p><strong>Hace 20 a\u00f1os que la revista Fortuna, de Editorial Perfil SA, galardona a quienes m\u00e1s se destacaron en la actividad empresarial en la Argentina en diversos sectores como el alimenticio, el\u00e9ctrico y petrolero e industrias tales como la automotriz, la de telecomunicaciones y bancos.<\/strong><\/p>\n\n\n\n<p class=\"has-medium-font-size\"><strong>Somos Ledesma<\/strong><\/p>\n\n\n\n<p><strong>Nacida en 1908 como un ingenio azucarero en Jujuy, Ledesma es una empresa agroindustrial argentina que lidera los mercados nacionales del az\u00facar y del papel, los que produce a partir de la fibra de ca\u00f1a de az\u00facar.<\/strong> Adem\u00e1s, es el principal productor y exportador nacional de naranjas, y produce carne y cereales en Buenos Aires y Entre R\u00edos.<\/p>\n\n\n\n<p><strong>La compa\u00f1\u00eda invierte constantemente para innovar e introducir tecnolog\u00eda y as\u00ed agregar valor a trav\u00e9s de la integraci\u00f3n de sus actividades;<\/strong> y procura alinear su crecimiento econ\u00f3mico con el progreso social y el cuidado del ambiente en las comunidades donde opera.<\/p>\n","protected":false},"excerpt":{"rendered":"<p>Este martes 12 de agosto en la Bolsa de Comercio de Buenos Aires, se llev\u00f3 a cabo el evento que distingue a quienes se destacaron durante el \u00faltimo a\u00f1o en la actividad empresarial a nivel nacional. Carlos Blaquier, miembro del Comit\u00e9 Ejecutivo del Directivo de Ledesma S.A.A.I. y Eduardo Nougues, director de Asuntos Institucionales y [&hellip;]<\/p>\n","protected":false},"author":49,"featured_media":431559,"comment_status":"open","ping_status":"open","sticky":false,"template":"","format":"standard","meta":{"_stopmodifiedupdate":false,"_modified_date":"","inline_featured_image":false,"spay_email":"","jetpack_publicize_message":""},"categories":[2,1158,4,5],"tags":[],"jetpack_featured_media_url":"https:\/\/notinor.com\/jujuy\/wp-content\/uploads\/2025\/08\/empresa-ledesma.jpg","jetpack_publicize_connections":[],"_links":{"self":[{"href":"https:\/\/notinor.com\/jujuy\/wp-json\/wp\/v2\/posts\/431557"}],"collection":[{"href":"https:\/\/notinor.com\/jujuy\/wp-json\/wp\/v2\/posts"}],"about":[{"href":"https:\/\/notinor.com\/jujuy\/wp-json\/wp\/v2\/types\/post"}],"author":[{"embeddable":true,"href":"https:\/\/notinor.com\/jujuy\/wp-json\/wp\/v2\/users\/49"}],"replies":[{"embeddable":true,"href":"https:\/\/notinor.com\/jujuy\/wp-json\/wp\/v2\/comments?post=431557"}],"version-history":[{"count":2,"href":"https:\/\/notinor.com\/jujuy\/wp-json\/wp\/v2\/posts\/431557\/revisions"}],"predecessor-version":[{"id":431562,"href":"https:\/\/notinor.com\/jujuy\/wp-json\/wp\/v2\/posts\/431557\/revisions\/431562"}],"wp:featuredmedia":[{"embeddable":true,"href":"https:\/\/notinor.com\/jujuy\/wp-json\/wp\/v2\/media\/431559"}],"wp:attachment":[{"href":"https:\/\/notinor.com\/jujuy\/wp-json\/wp\/v2\/media?parent=431557"}],"wp:term":[{"taxonomy":"category","embeddable":true,"href":"https:\/\/notinor.com\/jujuy\/wp-json\/wp\/v2\/categories?post=431557"},{"taxonomy":"post_tag","embeddable":true,"href":"https:\/\/notinor.com\/jujuy\/wp-json\/wp\/v2\/tags?post=431557"}],"curies":[{"name":"wp","href":"https:\/\/api.w.org\/{rel}","templated":true}]}}