{"id":431490,"date":"2025-08-14T00:20:00","date_gmt":"2025-08-14T03:20:00","guid":{"rendered":"https:\/\/notinor.com\/jujuy\/?p=431490"},"modified":"2025-08-14T00:20:00","modified_gmt":"2025-08-14T00:20:00","slug":"confirmaron-que-los-restos-encontrados-en-la-casa-de-matias-jurado-pertenecen-a-dos-de-los-desaparecidos","status":"publish","type":"post","link":"https:\/\/notinor.com\/jujuy\/confirmaron-que-los-restos-encontrados-en-la-casa-de-matias-jurado-pertenecen-a-dos-de-los-desaparecidos\/","title":{"rendered":"Confirmaron que los restos encontrados en la casa de Mat\u00edas Jurado pertenecen a dos de los desaparecidos"},"content":{"rendered":"\n<p class=\"has-medium-font-size\"><strong><em>Tras el an\u00e1lisis de los estudios de ADN, se confirm\u00f3 que parte de los restos encontrados corresponden a Jorge Anachuri y Sergio Sosa.<\/em><\/strong><\/p>\n\n\n<div class=\"wp-block-image\">\n<figure class=\"aligncenter size-full\"><img decoding=\"async\" loading=\"lazy\" width=\"800\" height=\"450\" src=\"https:\/\/notinor.com\/jujuy\/wp-content\/uploads\/2025\/08\/casa-matias-jurado.jpg\" alt=\"\" class=\"wp-image-431492\" srcset=\"https:\/\/notinor.com\/jujuy\/wp-content\/uploads\/2025\/08\/casa-matias-jurado.jpg 800w, https:\/\/notinor.com\/jujuy\/wp-content\/uploads\/2025\/08\/casa-matias-jurado-649x365.jpg 649w, https:\/\/notinor.com\/jujuy\/wp-content\/uploads\/2025\/08\/casa-matias-jurado-500x280.jpg 500w, https:\/\/notinor.com\/jujuy\/wp-content\/uploads\/2025\/08\/casa-matias-jurado-768x432.jpg 768w, https:\/\/notinor.com\/jujuy\/wp-content\/uploads\/2025\/08\/casa-matias-jurado-750x422.jpg 750w\" sizes=\"(max-width: 800px) 100vw, 800px\" \/><figcaption class=\"wp-element-caption\">Casa de Mat\u00edas Jurado<\/figcaption><\/figure><\/div>\n\n\n<p><\/p>\n\n\n\n<p><strong>Este mi\u00e9rcoles, el Ministerio P\u00fablico de la Acusaci\u00f3n (MPA) brind\u00f3 una conferencia de prensa sobre el caso del presunto asesino serial de Alto Comedero, en la que el fiscal regional Guillermo Beller confirm\u00f3 avances clave en la investigaci\u00f3n.<\/strong><\/p>\n\n\n\n<p>Beller anunci\u00f3 que los estudios de ADN realizados sobre restos encontrados en la casa de Mat\u00edas Jurado arrojaron resultado positivo para dos de las cinco personas reportadas como desaparecidas: Anachuri y Sosa. <strong>\u201cSe ha detectado ya el primer resultado respecto al ADN y ha dado positivo para el se\u00f1or Anachuri y el se\u00f1or Sosa. Son dos de los desaparecidos que ahora s\u00ed tenemos su ADN en el lugar del hecho\u201d,<\/strong> se\u00f1al\u00f3 el fiscal.<\/p>\n\n\n\n<p>El funcionario aclar\u00f3 que, si bien las evidencias apuntan a que ambas personas fallecieron, legalmente no se puede hablar de muertes hasta encontrar los cuerpos. No obstante, remarc\u00f3 que el hallazgo es \u201csignificativo para la causa\u201d.<\/p>\n\n\n\n<p>Durante la jornada, tambi\u00e9n se inform\u00f3 que personal de Naci\u00f3n lleg\u00f3 con un geo-radar \u2014\u00fanico en el pa\u00eds para este tipo de investigaciones\u2014 y un equipo de canes especializados en la b\u00fasqueda de restos humanos. <strong>\"Estas herramientas permitir\u00e1n identificar zonas del terreno donde hubo movimientos recientes y podr\u00edan encontrarse m\u00e1s indicios\".<\/strong> Las excavaciones en la propiedad est\u00e1n previstas para el lunes 18 de agosto o los d\u00edas posteriores, con la llegada del equipo de antropolog\u00eda.<\/p>\n\n\n\n<p>Beller confirm\u00f3 que el resto de los perfiles gen\u00e9ticos hallados siguen en an\u00e1lisis y que, por respeto y prudencia, a\u00fan no se comunicaron resultados a las familias de las otras tres personas desaparecidas.<\/p>\n\n\n\n<p class=\"has-medium-font-size\"><strong>Qui\u00e9nes son las dos<\/strong><strong>&nbsp;<\/strong><strong>nuevas v\u00edctimas<\/strong><\/p>\n\n\n\n<p><strong>1. Jorge Omar Anachuri (68 a\u00f1os):<\/strong>&nbsp;Desapareci\u00f3 el 25 de julio. Su familia inform\u00f3 que ten\u00eda movilidad reducida en una pierna y un brazo, y que fue visto por \u00faltima vez en la calle Per\u00fa, en el barrio Mariano Moreno. 1.80 m, contextura robusta, tez trigue\u00f1a, cabello blanco, posiblemente con barba. Ojos color marrones. \u00daltima ropa: campera negra. No precisa m\u00e1s datos.<\/p>\n\n\n\n<p><strong>2. Sergio Alejandro Sosa (25 a\u00f1os):<\/strong>\u00a0Se perdi\u00f3 en Barrio Coronel Arias. Se desconoce c\u00f3mo vest\u00eda. Altura: 1.55 m, delgado, tez blanca, cabello negro con canas, ojos negros, uno de ellos, desviado (esotrop\u00eda).<\/p>\n\n\n\n<p><\/p>\n\n\n<div class=\"wp-block-image\">\n<figure class=\"aligncenter size-full\"><img decoding=\"async\" loading=\"lazy\" width=\"800\" height=\"450\" src=\"https:\/\/notinor.com\/jujuy\/wp-content\/uploads\/2025\/08\/sergio-sosa-y-jorge-anachuri.jpg\" alt=\"\" class=\"wp-image-431491\" srcset=\"https:\/\/notinor.com\/jujuy\/wp-content\/uploads\/2025\/08\/sergio-sosa-y-jorge-anachuri.jpg 800w, https:\/\/notinor.com\/jujuy\/wp-content\/uploads\/2025\/08\/sergio-sosa-y-jorge-anachuri-649x365.jpg 649w, https:\/\/notinor.com\/jujuy\/wp-content\/uploads\/2025\/08\/sergio-sosa-y-jorge-anachuri-500x280.jpg 500w, https:\/\/notinor.com\/jujuy\/wp-content\/uploads\/2025\/08\/sergio-sosa-y-jorge-anachuri-768x432.jpg 768w, https:\/\/notinor.com\/jujuy\/wp-content\/uploads\/2025\/08\/sergio-sosa-y-jorge-anachuri-750x422.jpg 750w\" sizes=\"(max-width: 800px) 100vw, 800px\" \/><figcaption class=\"wp-element-caption\">Sergio Sosa y Jorge Anachuri<\/figcaption><\/figure><\/div>\n\n\n<p><\/p>\n\n\n\n<p class=\"has-medium-font-size\"><strong>Los otros desaparecidos investigados en la causa<\/strong><\/p>\n\n\n\n<p><strong>- Miguel \u00c1ngel Quispe (60 a\u00f1os):<\/strong>&nbsp;Altura: 1.80 m, tez blanca, delgado, cabello ondulado corto, de color negro con canas, cicatriz en la nuca y el cuero cabelludo. \u00daltima vestimenta: Indefinida<\/p>\n\n\n\n<p><strong>- Juan Carlos Gonz\u00e1lez (60 a\u00f1os):<\/strong>&nbsp;Altura: 1.75 m, tez trigue\u00f1a, delgado, cabello corto negro, cicatriz en cejas y nariz. \u00daltima ropa: campera bordo, remera amarilla, pantal\u00f3n deportivo azul con escudo de AFA, zapatillas grises.<\/p>\n\n\n\n<p><strong>- Juan Jos\u00e9 Ponce (51 a\u00f1os):<\/strong>&nbsp;Altura: 1.50 m, delgado, cabello corto con canas. Vest\u00eda por \u00faltima vez: chaleco azul, buzo beige, pantal\u00f3n gris oscuro, gorra roja.<\/p>\n\n\n\n<p class=\"has-medium-font-size\"><strong>\u00bfQui\u00e9n es Mat\u00edas Jurado?<\/strong><\/p>\n\n\n\n<p><strong>Mat\u00edas Jurado tiene 37 a\u00f1os y vive en el barrio Alto Comedero de San Salvador de Jujuy. Fue detenido a fines de julio, luego de que la Justicia encontrara restos \u00f3seos, prendas y elementos calcinados en su domicilio, en el marco de una investigaci\u00f3n por la desaparici\u00f3n de cinco hombres en situaci\u00f3n de calle o con discapacidad.<\/strong> Actualmente, permanece detenido en el penal de Gorriti e imputado por homicidio agravado.<\/p>\n\n\n\n<p><strong>Jurado cuenta con antecedentes penales. Ya hab\u00eda estado preso en tres oportunidades: la primera vez cuando ten\u00eda apenas 17 a\u00f1os, despu\u00e9s en 2017 por robo agravado y en 2018 por amenazas con arma en ocasi\u00f3n de robo.<\/strong> Su \u00faltima condena fue de 3 a\u00f1os y 4 meses de c\u00e1rcel, pero recuper\u00f3 la libertad condicional en 2020.<\/p>\n\n\n\n<p><strong>Todas las v\u00edctimas compart\u00edan un perfil similar: hombres mayores, en situaci\u00f3n de vulnerabilidad y con contacto reciente con el acusado.<\/strong> En los operativos realizados en su vivienda, se encontraron restos humanos, fragmentos de piel, ropa parcialmente quemada y elementos que podr\u00edan haber sido utilizados para ocultar los cr\u00edmenes.<\/p>\n","protected":false},"excerpt":{"rendered":"<p>Tras el an\u00e1lisis de los estudios de ADN, se confirm\u00f3 que parte de los restos encontrados corresponden a Jorge Anachuri y Sergio Sosa. Este mi\u00e9rcoles, el Ministerio P\u00fablico de la Acusaci\u00f3n (MPA) brind\u00f3 una conferencia de prensa sobre el caso del presunto asesino serial de Alto Comedero, en la que el fiscal regional Guillermo Beller [&hellip;]<\/p>\n","protected":false},"author":49,"featured_media":431492,"comment_status":"open","ping_status":"open","sticky":false,"template":"","format":"standard","meta":{"_stopmodifiedupdate":false,"_modified_date":"","inline_featured_image":false,"spay_email":"","jetpack_publicize_message":""},"categories":[2,514,3],"tags":[],"jetpack_featured_media_url":"https:\/\/notinor.com\/jujuy\/wp-content\/uploads\/2025\/08\/casa-matias-jurado.jpg","jetpack_publicize_connections":[],"_links":{"self":[{"href":"https:\/\/notinor.com\/jujuy\/wp-json\/wp\/v2\/posts\/431490"}],"collection":[{"href":"https:\/\/notinor.com\/jujuy\/wp-json\/wp\/v2\/posts"}],"about":[{"href":"https:\/\/notinor.com\/jujuy\/wp-json\/wp\/v2\/types\/post"}],"author":[{"embeddable":true,"href":"https:\/\/notinor.com\/jujuy\/wp-json\/wp\/v2\/users\/49"}],"replies":[{"embeddable":true,"href":"https:\/\/notinor.com\/jujuy\/wp-json\/wp\/v2\/comments?post=431490"}],"version-history":[{"count":1,"href":"https:\/\/notinor.com\/jujuy\/wp-json\/wp\/v2\/posts\/431490\/revisions"}],"predecessor-version":[{"id":431493,"href":"https:\/\/notinor.com\/jujuy\/wp-json\/wp\/v2\/posts\/431490\/revisions\/431493"}],"wp:featuredmedia":[{"embeddable":true,"href":"https:\/\/notinor.com\/jujuy\/wp-json\/wp\/v2\/media\/431492"}],"wp:attachment":[{"href":"https:\/\/notinor.com\/jujuy\/wp-json\/wp\/v2\/media?parent=431490"}],"wp:term":[{"taxonomy":"category","embeddable":true,"href":"https:\/\/notinor.com\/jujuy\/wp-json\/wp\/v2\/categories?post=431490"},{"taxonomy":"post_tag","embeddable":true,"href":"https:\/\/notinor.com\/jujuy\/wp-json\/wp\/v2\/tags?post=431490"}],"curies":[{"name":"wp","href":"https:\/\/api.w.org\/{rel}","templated":true}]}}