{"id":431303,"date":"2025-08-08T21:24:00","date_gmt":"2025-08-09T00:24:00","guid":{"rendered":"https:\/\/notinor.com\/jujuy\/?p=431303"},"modified":"2025-08-08T09:24:19","modified_gmt":"2025-08-08T09:24:19","slug":"reunion-entre-bernis-y-la-cgt-jujuy-busca-canalizar-reclamos-sectoriales","status":"publish","type":"post","link":"https:\/\/notinor.com\/jujuy\/reunion-entre-bernis-y-la-cgt-jujuy-busca-canalizar-reclamos-sectoriales\/","title":{"rendered":"Reuni\u00f3n entre Bernis y la CGT Jujuy busca canalizar reclamos sectoriales"},"content":{"rendered":"\n<p class=\"has-medium-font-size\"><strong><em>En el despacho de Presidencia de la Legislatura, el vicegobernador Alberto Bernis recibi\u00f3 a referentes gremiales de la CGT filial Jujuy, con quienes abord\u00f3 reclamos de distintos sectores de trabajadores y acord\u00f3 trabajar en una agenda com\u00fan para avanzar en diversos temas<\/em><\/strong>.<\/p>\n\n\n<div class=\"wp-block-image\">\n<figure class=\"aligncenter size-large\"><img decoding=\"async\" loading=\"lazy\" width=\"720\" height=\"480\" src=\"https:\/\/notinor.com\/jujuy\/wp-content\/uploads\/2025\/08\/BERNIS-720x480.jpeg\" alt=\"\" class=\"wp-image-431304\" srcset=\"https:\/\/notinor.com\/jujuy\/wp-content\/uploads\/2025\/08\/BERNIS-720x480.jpeg 720w, https:\/\/notinor.com\/jujuy\/wp-content\/uploads\/2025\/08\/BERNIS-548x365.jpeg 548w, https:\/\/notinor.com\/jujuy\/wp-content\/uploads\/2025\/08\/BERNIS-768x512.jpeg 768w, https:\/\/notinor.com\/jujuy\/wp-content\/uploads\/2025\/08\/BERNIS-1536x1023.jpeg 1536w, https:\/\/notinor.com\/jujuy\/wp-content\/uploads\/2025\/08\/BERNIS-750x500.jpeg 750w, https:\/\/notinor.com\/jujuy\/wp-content\/uploads\/2025\/08\/BERNIS-1140x760.jpeg 1140w, https:\/\/notinor.com\/jujuy\/wp-content\/uploads\/2025\/08\/BERNIS.jpeg 1600w\" sizes=\"(max-width: 720px) 100vw, 720px\" \/><figcaption class=\"wp-element-caption\">Agenda de trabajo<\/figcaption><\/figure><\/div>\n\n\n<p>Participaron de la reuni\u00f3n <strong>Freddy Berdeja <\/strong>(Judiciales), <strong>Luis Cabana<\/strong> (UPCN), <strong>Ariel Vargas<\/strong> (ATRAAC), <strong>Julio Vilte (<\/strong>UTA),<strong> Francisco Montes <\/strong>(APUNJU) y <strong>Ram\u00f3n Neyra<\/strong> (UOCRA).<\/p>\n\n\n\n<p>Al concluir la reuni\u00f3n el co secretario general de la CGT regional Jujuy, Freddy Berdeja se\u00f1al\u00f3 que le pidieron tambi\u00e9n al vicegobernador Alberto Bernis, que interceda ante el gobernador Carlos Sadir para mantener una reuni\u00f3n \"para articular con los distintos ministerios, incluida la municipalidad por diferentes tem\u00e1ticas que preocupan a los trabajadores de distintos sectores\", y agreg\u00f3 que de acuerdo a lo que se ve desde la \u00faltima reuni\u00f3n extraordinaria de la central obrera, \"que todos los sectores plantearon distintas problem\u00e1ticas y que es bueno atenderlas\".<\/p>\n\n\n\n<p>En ese mismo sentido aclar\u00f3 que no todo pasa por lo salarial \"pero si por situaciones que no est\u00e1n teniendo respuestas y que van generando un clima que preocupa y que ser\u00eda \u00f3ptimo solucionarlo dentro del marco institucional\".<\/p>\n\n\n\n<p>Berdeja inform\u00f3 que esta falta de respuesta, en el sector salud y en educaci\u00f3n llev\u00f3 a la conformaci\u00f3n de frentes con agendas propias \"y nosotros como CGT venimos a darle un encuadramiento general, y que sean los referentes de esos sectores los que vengan a plantarlos en una mesa de di\u00e1logo\". Anticip\u00f3 que de no haber respuestas \"las medidas de acci\u00f3n directa est\u00e1n latentes\". Hay que buscar soluciones\", afirm\u00f3.<\/p>\n\n\n\n<p>Finalmente, el dirigente agradeci\u00f3 la gentileza del presidente de la legislatura de concederles una audiencia y finaliz\u00f3 diciendo que el vicegobernador Bernis \"va a hablar con el gobernador para tener esta reuni\u00f3n y poder avanzar, y crear ese espacio de di\u00e1logo para buscar una soluci\u00f3n\".<\/p>\n","protected":false},"excerpt":{"rendered":"<p>En el despacho de Presidencia de la Legislatura, el vicegobernador Alberto Bernis recibi\u00f3 a referentes gremiales de la CGT filial Jujuy, con quienes abord\u00f3 reclamos de distintos sectores de trabajadores y acord\u00f3 trabajar en una agenda com\u00fan para avanzar en diversos temas. Participaron de la reuni\u00f3n Freddy Berdeja (Judiciales), Luis Cabana (UPCN), Ariel Vargas (ATRAAC), [&hellip;]<\/p>\n","protected":false},"author":5,"featured_media":431304,"comment_status":"open","ping_status":"open","sticky":false,"template":"","format":"standard","meta":{"_stopmodifiedupdate":false,"_modified_date":"","inline_featured_image":false,"spay_email":"","jetpack_publicize_message":""},"categories":[514],"tags":[],"jetpack_featured_media_url":"https:\/\/notinor.com\/jujuy\/wp-content\/uploads\/2025\/08\/BERNIS.jpeg","jetpack_publicize_connections":[],"_links":{"self":[{"href":"https:\/\/notinor.com\/jujuy\/wp-json\/wp\/v2\/posts\/431303"}],"collection":[{"href":"https:\/\/notinor.com\/jujuy\/wp-json\/wp\/v2\/posts"}],"about":[{"href":"https:\/\/notinor.com\/jujuy\/wp-json\/wp\/v2\/types\/post"}],"author":[{"embeddable":true,"href":"https:\/\/notinor.com\/jujuy\/wp-json\/wp\/v2\/users\/5"}],"replies":[{"embeddable":true,"href":"https:\/\/notinor.com\/jujuy\/wp-json\/wp\/v2\/comments?post=431303"}],"version-history":[{"count":1,"href":"https:\/\/notinor.com\/jujuy\/wp-json\/wp\/v2\/posts\/431303\/revisions"}],"predecessor-version":[{"id":431305,"href":"https:\/\/notinor.com\/jujuy\/wp-json\/wp\/v2\/posts\/431303\/revisions\/431305"}],"wp:featuredmedia":[{"embeddable":true,"href":"https:\/\/notinor.com\/jujuy\/wp-json\/wp\/v2\/media\/431304"}],"wp:attachment":[{"href":"https:\/\/notinor.com\/jujuy\/wp-json\/wp\/v2\/media?parent=431303"}],"wp:term":[{"taxonomy":"category","embeddable":true,"href":"https:\/\/notinor.com\/jujuy\/wp-json\/wp\/v2\/categories?post=431303"},{"taxonomy":"post_tag","embeddable":true,"href":"https:\/\/notinor.com\/jujuy\/wp-json\/wp\/v2\/tags?post=431303"}],"curies":[{"name":"wp","href":"https:\/\/api.w.org\/{rel}","templated":true}]}}