{"id":431297,"date":"2025-08-08T20:58:00","date_gmt":"2025-08-08T23:58:00","guid":{"rendered":"https:\/\/notinor.com\/jujuy\/?p=431297"},"modified":"2025-08-08T08:58:30","modified_gmt":"2025-08-08T08:58:30","slug":"ediles-y-empleados-realizaron-la-ceremonia-a-la-pachamama","status":"publish","type":"post","link":"https:\/\/notinor.com\/jujuy\/ediles-y-empleados-realizaron-la-ceremonia-a-la-pachamama\/","title":{"rendered":"Ediles y empleados realizaron la ceremonia a la Pachamama"},"content":{"rendered":"\n<p class=\"has-medium-font-size\"><strong><em>Este viernes por la ma\u00f1ana en instalaciones del Concejo Deliberante, ediles capitalinos \u00a0y empleados del organismo parlamentario, ofrendaron a la Pachamama<\/em><\/strong>.<\/p>\n\n\n<div class=\"wp-block-image\">\n<figure class=\"aligncenter size-full is-resized\"><img decoding=\"async\" loading=\"lazy\" src=\"https:\/\/notinor.com\/jujuy\/wp-content\/uploads\/2025\/08\/PACHAMAMA1.jpg\" alt=\"\" class=\"wp-image-431299\" width=\"679\" height=\"452\"\/><\/figure><\/div>\n\n\n<p>Estuvieron presentes en el agradecimiento a la Madre Tierra, el presidente de la instituci\u00f3n, Lisandro Aguiar, m\u00e1s los concejales: Gast\u00f3n Mill\u00f3n; Mar\u00eda Gal\u00e1n; N\u00e9stor Barrios y Blanca Ontiveros.<\/p>\n\n\n\n<p>Como ya es una costumbre, el ritual comenz\u00f3 desde muy temprano, cuando miembros del grupo\u00a0<strong>Sumaj Warmi<\/strong>, y personal de diferentes \u00e1reas de la instituci\u00f3n recorrieron todas las oficinas administrativas y de bloques, sahumando los espacios laborales; para continuar con el agradecimiento a la Madre Tierra en el patio de ingreso.<\/p>\n\n\n<div class=\"wp-block-image\">\n<figure class=\"aligncenter size-full is-resized\"><img decoding=\"async\" loading=\"lazy\" src=\"https:\/\/notinor.com\/jujuy\/wp-content\/uploads\/2025\/08\/PACHAMAMA2.jpg\" alt=\"\" class=\"wp-image-431300\" width=\"680\" height=\"453\"\/><\/figure><\/div>\n\n\n<p>Al respecto, el presidente del Concejo Deliberante, <strong>Lisandro Aguiar,<\/strong> manifest\u00f3: \"como cada mes de agosto, el Concejo Deliberante, los concejales y todos los empleados nos reunimos para rendir tributo a la Pachamama, como parte de nuestra cultura, parte de nuestra esencia, para agradecerle todo lo que nos ha dado durante el a\u00f1o y pedirle por el a\u00f1o que viene. Pedirle que nos llene de sus dones a todos los vecinos de San Salvador de Jujuy, a los comprovincianos y argentinos\".<\/p>\n\n\n<div class=\"wp-block-image\">\n<figure class=\"aligncenter size-full is-resized\"><img decoding=\"async\" loading=\"lazy\" src=\"https:\/\/notinor.com\/jujuy\/wp-content\/uploads\/2025\/08\/PACHAMAMA2-1.jpg\" alt=\"\" class=\"wp-image-431301\" width=\"671\" height=\"447\"\/><\/figure><\/div>\n\n\n<p>Asimismo, el edil radical resalt\u00f3: \"Sin lugar a dudas Jujuy es una provincia que tiene un arraigable cultural incre\u00edble, con un pueblo incre\u00edble y parte de esa esencia es la Pachamama, as\u00ed que much\u00edsimas gracias a todos los que participaron y por su puesto a la Pachita\".<\/p>\n\n\n\n<p>Por su parte, <strong>Carolina Cala<\/strong>, que desde hace 6 a\u00f1os colabora en la ceremonia de la Pachamama, expres\u00f3: \"Nos organizamos con un grupo que denominamos Sumaj Warmi que significa Mujer Bonita, nosotros honramos a la madre tierra porque siempre decimos que la Pachamama es el sustento de alimentaci\u00f3n humana, es ofrendar, agradecer por todo lo que nos brinda todo el a\u00f1o. Es importante en estos tiempos agradecerle todo los que nos ofrece no solo lo material, sino en nuestra salud mental que hoy, nuestra madre tierra, nos escuche porque hay muchas personas abrumadas por la situaci\u00f3n econ\u00f3mica e interactuar con la Pachita es muy importante en estos d\u00edas\", finaliz\u00f3.<\/p>\n","protected":false},"excerpt":{"rendered":"<p>Este viernes por la ma\u00f1ana en instalaciones del Concejo Deliberante, ediles capitalinos \u00a0y empleados del organismo parlamentario, ofrendaron a la Pachamama. Estuvieron presentes en el agradecimiento a la Madre Tierra, el presidente de la instituci\u00f3n, Lisandro Aguiar, m\u00e1s los concejales: Gast\u00f3n Mill\u00f3n; Mar\u00eda Gal\u00e1n; N\u00e9stor Barrios y Blanca Ontiveros. Como ya es una costumbre, el [&hellip;]<\/p>\n","protected":false},"author":5,"featured_media":431298,"comment_status":"open","ping_status":"open","sticky":false,"template":"","format":"standard","meta":{"_stopmodifiedupdate":false,"_modified_date":"","inline_featured_image":false,"spay_email":"","jetpack_publicize_message":""},"categories":[13],"tags":[],"jetpack_featured_media_url":"https:\/\/notinor.com\/jujuy\/wp-content\/uploads\/2025\/08\/PACHAMAMA-scaled.jpg","jetpack_publicize_connections":[],"_links":{"self":[{"href":"https:\/\/notinor.com\/jujuy\/wp-json\/wp\/v2\/posts\/431297"}],"collection":[{"href":"https:\/\/notinor.com\/jujuy\/wp-json\/wp\/v2\/posts"}],"about":[{"href":"https:\/\/notinor.com\/jujuy\/wp-json\/wp\/v2\/types\/post"}],"author":[{"embeddable":true,"href":"https:\/\/notinor.com\/jujuy\/wp-json\/wp\/v2\/users\/5"}],"replies":[{"embeddable":true,"href":"https:\/\/notinor.com\/jujuy\/wp-json\/wp\/v2\/comments?post=431297"}],"version-history":[{"count":1,"href":"https:\/\/notinor.com\/jujuy\/wp-json\/wp\/v2\/posts\/431297\/revisions"}],"predecessor-version":[{"id":431302,"href":"https:\/\/notinor.com\/jujuy\/wp-json\/wp\/v2\/posts\/431297\/revisions\/431302"}],"wp:featuredmedia":[{"embeddable":true,"href":"https:\/\/notinor.com\/jujuy\/wp-json\/wp\/v2\/media\/431298"}],"wp:attachment":[{"href":"https:\/\/notinor.com\/jujuy\/wp-json\/wp\/v2\/media?parent=431297"}],"wp:term":[{"taxonomy":"category","embeddable":true,"href":"https:\/\/notinor.com\/jujuy\/wp-json\/wp\/v2\/categories?post=431297"},{"taxonomy":"post_tag","embeddable":true,"href":"https:\/\/notinor.com\/jujuy\/wp-json\/wp\/v2\/tags?post=431297"}],"curies":[{"name":"wp","href":"https:\/\/api.w.org\/{rel}","templated":true}]}}